{"id":1,"date":"2022-09-29T18:33:59","date_gmt":"2022-09-29T16:33:59","guid":{"rendered":"https:\/\/kzt.usz.edu.pl\/?p=1"},"modified":"2022-10-02T01:00:45","modified_gmt":"2022-10-01T23:00:45","slug":"kzt-sopot-2022","status":"publish","type":"post","link":"https:\/\/kzt.usz.edu.pl\/index.php\/kzt-sopot-2022\/","title":{"rendered":"Katedra Zarz\u0105dzania Transportem w Sopocie"},"content":{"rendered":"\n<p class=\"wp-block-paragraph\">W dniach 19-20.09.2022 liczna reprezentacja Katedry Zarz\u0105dzania Transportem wzi\u0119\u0142a udzia\u0142 w XVIII mi\u0119dzynarodowej konferencji naukowej &#8222;EUROTRANS 2022&#8221;. Konferencja odby\u0142a si\u0119 w Sopocie (Uniwersytet Szczeci\u0144ski).<\/p>\n\n\n\n<p class=\"wp-block-paragraph\">Podczas uroczystego otwarcia Pani Prof. El\u017cbieta Za\u0142oga odczyta\u0142a adres JM Rektora Uniwersytetu Szczeci\u0144skiego.<\/p>\n\n\n\n<p class=\"wp-block-paragraph\">Nasze \u015brodowisko by\u0142o reprezentowane przez: prof. dr hab. El\u017cbiet\u0119 Za\u0142og\u0119, dr hab. prof. US Micha\u0142a Pluci\u0144skiego, dr hab. prof. US Tomasza Kwarci\u0144skiego, dr Agnieszk\u0119 Gozdek, dr Zuzann\u0119 K\u0142os-Adamkiewicz, dr El\u017cbiet\u0119 Szarug\u0119, dr Mart\u0119 Ma\u0144kowsk\u0105, dr in\u017c. Arkadiusza Drewnowskiego i mgr Sylwi\u0119 Kowalsk\u0105.<\/p>\n\n\n\n<p class=\"wp-block-paragraph\">Rol\u0119 moderator\u00f3w pe\u0142nili:<\/p>\n\n\n\n<ul class=\"wp-block-list\"><li>dr hab. prof. US Tomasz Kwarci\u0144ski oraz dr Agnieszka Gozdek w panelu &#8222;<em>Transport development planninng in the face of an unpredicable future<\/em>&#8222;<\/li><li>dr El\u017cbieta Szaruga i dr Zuzanna-K\u0142os Adamkiewicz w plenarniej sesji &#8222;T<em>ransport in view of envolving contemporary global threats\/constraints (new mobility patterns)<\/em>&#8222;<\/li><\/ul>\n\n\n\n<p class=\"wp-block-paragraph\">Uniwersytet Szczeci\u0144ski by\u0142 wsp\u00f3\u0142organizatorem tego wydarzenia.<\/p>\n","protected":false},"excerpt":{"rendered":"<p>W dniach 19-20.09.2022 liczna reprezentacja Katedry Zarz\u0105dzania Transportem wzi\u0119\u0142a udzia\u0142 w XVIII mi\u0119dzynarodowej konferencji naukowej &#8222;EUROTRANS 2022&#8221;. Konferencja odby\u0142a si\u0119 w Sopocie (Uniwersytet Szczeci\u0144ski). Podczas uroczystego otwarcia Pani Prof. El\u017cbieta Za\u0142oga odczyta\u0142a adres JM Rektora Uniwersytetu Szczeci\u0144skiego. Nasze \u015brodowisko by\u0142o &hellip; <\/p>\n","protected":false},"author":1,"featured_media":33,"comment_status":"closed","ping_status":"closed","sticky":false,"template":"","format":"standard","meta":{"footnotes":""},"categories":[3],"tags":[],"class_list":["post-1","post","type-post","status-publish","format-standard","has-post-thumbnail","hentry","category-newsroom"],"_links":{"self":[{"href":"https:\/\/kzt.usz.edu.pl\/index.php\/wp-json\/wp\/v2\/posts\/1","targetHints":{"allow":["GET"]}}],"collection":[{"href":"https:\/\/kzt.usz.edu.pl\/index.php\/wp-json\/wp\/v2\/posts"}],"about":[{"href":"https:\/\/kzt.usz.edu.pl\/index.php\/wp-json\/wp\/v2\/types\/post"}],"author":[{"embeddable":true,"href":"https:\/\/kzt.usz.edu.pl\/index.php\/wp-json\/wp\/v2\/users\/1"}],"replies":[{"embeddable":true,"href":"https:\/\/kzt.usz.edu.pl\/index.php\/wp-json\/wp\/v2\/comments?post=1"}],"version-history":[{"count":3,"href":"https:\/\/kzt.usz.edu.pl\/index.php\/wp-json\/wp\/v2\/posts\/1\/revisions"}],"predecessor-version":[{"id":565,"href":"https:\/\/kzt.usz.edu.pl\/index.php\/wp-json\/wp\/v2\/posts\/1\/revisions\/565"}],"wp:featuredmedia":[{"embeddable":true,"href":"https:\/\/kzt.usz.edu.pl\/index.php\/wp-json\/wp\/v2\/media\/33"}],"wp:attachment":[{"href":"https:\/\/kzt.usz.edu.pl\/index.php\/wp-json\/wp\/v2\/media?parent=1"}],"wp:term":[{"taxonomy":"category","embeddable":true,"href":"https:\/\/kzt.usz.edu.pl\/index.php\/wp-json\/wp\/v2\/categories?post=1"},{"taxonomy":"post_tag","embeddable":true,"href":"https:\/\/kzt.usz.edu.pl\/index.php\/wp-json\/wp\/v2\/tags?post=1"}],"curies":[{"name":"wp","href":"https:\/\/api.w.org\/{rel}","templated":true}]}}