{"id":1017,"date":"2024-02-09T18:19:54","date_gmt":"2024-02-09T17:19:54","guid":{"rendered":"https:\/\/kzt.usz.edu.pl\/?p=1017"},"modified":"2024-05-08T18:29:56","modified_gmt":"2024-05-08T16:29:56","slug":"rozmowa-dnia-o-potencjale-translab","status":"publish","type":"post","link":"https:\/\/kzt.usz.edu.pl\/index.php\/rozmowa-dnia-o-potencjale-translab\/","title":{"rendered":"Rozmowa Dnia &#8211; o potencjale &#8222;TransLab&#8221;"},"content":{"rendered":"\n<p class=\"wp-block-paragraph\" align=\"justify\">29 stycznia br. go\u015bciem red. Pauliny Zaremby w programie &#8222;Rozmowa Dnia&#8221; by\u0142a dr Zuzanna K\u0142os-Adamkiewicz.  Na antenie akademickiego rozg\u0142o\u015bni radiowej NiUS Radio dr K\u0142os- Adamkiewicz promowa\u0142a potencja\u0142 Laboratorium Bada\u0144 nad Transportem i Zr\u00f3wnowa\u017con\u0105 Mobilno\u015bci\u0105 &#8222;TransLab&#8221;, wskazuj\u0105c na szerokie spektrum mo\u017cliwo\u015bci aplikacyjnych w praktyk\u0119. Pani Doktor opowiedzia\u0142a tak\u017ce o oprogramowaniu, m.in. aplikacji Goodloading, program ArcGis oraz wsp\u00f3\u0142pracy z praktyk\u0105 gospodarcz\u0105. Nie zabrak\u0142o tak\u017ce w\u0105tk\u00f3w zwi\u0105zanych z zaj\u0119ciach na kierunku Logistyka, technologii z zakresu zarz\u0105dzania transportem oraz przydatnych narz\u0119dzi dla gospodarki i podmiot\u00f3w gospodarczych.<\/p>\n\n\n\n<p class=\"wp-block-paragraph\">Zapraszamy do obejrzenia audycji w formie filmiku.<\/p>\n\n\n\n<figure class=\"wp-block-embed is-type-video is-provider-youtube wp-block-embed-youtube wp-embed-aspect-16-9 wp-has-aspect-ratio\"><div class=\"wp-block-embed__wrapper\">\n<iframe loading=\"lazy\" title=\"Rozmowa Dnia:  Dr Zuzanna K\u0142os-Adamkiewicz z Katedry Zarz\u0105dzania Transportem\" width=\"750\" height=\"422\" src=\"https:\/\/www.youtube.com\/embed\/TniFqCLlchI?feature=oembed\" frameborder=\"0\" allow=\"accelerometer; autoplay; clipboard-write; encrypted-media; gyroscope; picture-in-picture; web-share\" referrerpolicy=\"strict-origin-when-cross-origin\" allowfullscreen><\/iframe>\n<\/div><\/figure>\n","protected":false},"excerpt":{"rendered":"<p>29 stycznia br. go\u015bciem red. Pauliny Zaremby w programie &#8222;Rozmowa Dnia&#8221; by\u0142a dr Zuzanna K\u0142os-Adamkiewicz. Na antenie akademickiego rozg\u0142o\u015bni radiowej NiUS Radio dr K\u0142os- Adamkiewicz promowa\u0142a potencja\u0142 Laboratorium Bada\u0144 nad Transportem i Zr\u00f3wnowa\u017con\u0105 Mobilno\u015bci\u0105 &#8222;TransLab&#8221;, wskazuj\u0105c na szerokie spektrum mo\u017cliwo\u015bci &hellip; <\/p>\n","protected":false},"author":1,"featured_media":1018,"comment_status":"closed","ping_status":"closed","sticky":false,"template":"","format":"standard","meta":{"footnotes":""},"categories":[3],"tags":[],"class_list":["post-1017","post","type-post","status-publish","format-standard","has-post-thumbnail","hentry","category-newsroom"],"_links":{"self":[{"href":"https:\/\/kzt.usz.edu.pl\/index.php\/wp-json\/wp\/v2\/posts\/1017","targetHints":{"allow":["GET"]}}],"collection":[{"href":"https:\/\/kzt.usz.edu.pl\/index.php\/wp-json\/wp\/v2\/posts"}],"about":[{"href":"https:\/\/kzt.usz.edu.pl\/index.php\/wp-json\/wp\/v2\/types\/post"}],"author":[{"embeddable":true,"href":"https:\/\/kzt.usz.edu.pl\/index.php\/wp-json\/wp\/v2\/users\/1"}],"replies":[{"embeddable":true,"href":"https:\/\/kzt.usz.edu.pl\/index.php\/wp-json\/wp\/v2\/comments?post=1017"}],"version-history":[{"count":3,"href":"https:\/\/kzt.usz.edu.pl\/index.php\/wp-json\/wp\/v2\/posts\/1017\/revisions"}],"predecessor-version":[{"id":1022,"href":"https:\/\/kzt.usz.edu.pl\/index.php\/wp-json\/wp\/v2\/posts\/1017\/revisions\/1022"}],"wp:featuredmedia":[{"embeddable":true,"href":"https:\/\/kzt.usz.edu.pl\/index.php\/wp-json\/wp\/v2\/media\/1018"}],"wp:attachment":[{"href":"https:\/\/kzt.usz.edu.pl\/index.php\/wp-json\/wp\/v2\/media?parent=1017"}],"wp:term":[{"taxonomy":"category","embeddable":true,"href":"https:\/\/kzt.usz.edu.pl\/index.php\/wp-json\/wp\/v2\/categories?post=1017"},{"taxonomy":"post_tag","embeddable":true,"href":"https:\/\/kzt.usz.edu.pl\/index.php\/wp-json\/wp\/v2\/tags?post=1017"}],"curies":[{"name":"wp","href":"https:\/\/api.w.org\/{rel}","templated":true}]}}