{"id":1023,"date":"2024-05-06T18:46:38","date_gmt":"2024-05-06T16:46:38","guid":{"rendered":"https:\/\/kzt.usz.edu.pl\/?p=1023"},"modified":"2024-05-08T19:01:49","modified_gmt":"2024-05-08T17:01:49","slug":"seminarium-pt-centralny-port-komunikacyjny-wyzwania-i-perspektywy-dla-polski","status":"publish","type":"post","link":"https:\/\/kzt.usz.edu.pl\/index.php\/seminarium-pt-centralny-port-komunikacyjny-wyzwania-i-perspektywy-dla-polski\/","title":{"rendered":"Seminarium pt. &#8222;Centralny Port Komunikacyjny: wyzwania i perspektywy dla Polski&#8221;"},"content":{"rendered":"\n<p class=\"wp-block-paragraph\"><p align=\"justify\">W dniu 25 kwietnia 2024 roku odby\u0142o si\u0119 seminarium naukowe pt. &#8222;<strong>CENTRALNY PORT KOMUNIKACYJNY: WYZWANIA I PERSPEKTYWY DLA POLSKI<\/strong>&#8221; z cyklu &#8222;Horyzonty ekonomii&#8221; z okazji Roku Edukacji Ekonomicznej.<\/p><\/p>\n\n\n\n<p class=\"wp-block-paragraph\"><p align=\"justify\">Jednym z prelegent\u00f3w tego wydarzenia by\u0142a dr Zuzanna K\u0142os-Adamkiewicz, pracownika Katedry Zarz\u0105dzania Transportem w Uniwersytecie Szczeci\u0144skim, kt\u00f3ra specjalizuje si\u0119 w transporcie miejskim, zr\u00f3wnowa\u017conej mobilno\u015bci i ekonomice transportu.<\/p><\/p>\n\n\n\n<p class=\"wp-block-paragraph\"><p align=\"justify\">Organizatorami wydarzenia by\u0142o Polskie Towarzystwo Ekonomiczne, Oddzia\u0142 w Szczecinie i Krakowie.<\/p><\/p>\n\n\n\n<p class=\"wp-block-paragraph\">Zapraszamy do obejrzenia seminarium w formie filmiku.<\/p>\n\n\n\n<figure class=\"wp-block-embed is-type-video is-provider-youtube wp-block-embed-youtube wp-embed-aspect-16-9 wp-has-aspect-ratio\"><div class=\"wp-block-embed__wrapper\">\n<iframe loading=\"lazy\" title=\"Centralny Port Komunikacyjny: wyzwania i perspektywy dla Polski&quot;\" width=\"750\" height=\"422\" src=\"https:\/\/www.youtube.com\/embed\/3h3-3gFt4nM?feature=oembed\" frameborder=\"0\" allow=\"accelerometer; autoplay; clipboard-write; encrypted-media; gyroscope; picture-in-picture; web-share\" referrerpolicy=\"strict-origin-when-cross-origin\" allowfullscreen><\/iframe>\n<\/div><\/figure>\n","protected":false},"excerpt":{"rendered":"<p>W dniu 25 kwietnia 2024 roku odby\u0142o si\u0119 seminarium naukowe pt. &#8222;CENTRALNY PORT KOMUNIKACYJNY: WYZWANIA I PERSPEKTYWY DLA POLSKI&#8221; z cyklu &#8222;Horyzonty ekonomii&#8221; z okazji Roku Edukacji Ekonomicznej. Jednym z prelegent\u00f3w tego wydarzenia by\u0142a dr Zuzanna K\u0142os-Adamkiewicz, pracownika Katedry Zarz\u0105dzania &hellip; <\/p>\n","protected":false},"author":1,"featured_media":1024,"comment_status":"closed","ping_status":"open","sticky":false,"template":"","format":"standard","meta":{"footnotes":""},"categories":[3],"tags":[],"class_list":["post-1023","post","type-post","status-publish","format-standard","has-post-thumbnail","hentry","category-newsroom"],"_links":{"self":[{"href":"https:\/\/kzt.usz.edu.pl\/index.php\/wp-json\/wp\/v2\/posts\/1023","targetHints":{"allow":["GET"]}}],"collection":[{"href":"https:\/\/kzt.usz.edu.pl\/index.php\/wp-json\/wp\/v2\/posts"}],"about":[{"href":"https:\/\/kzt.usz.edu.pl\/index.php\/wp-json\/wp\/v2\/types\/post"}],"author":[{"embeddable":true,"href":"https:\/\/kzt.usz.edu.pl\/index.php\/wp-json\/wp\/v2\/users\/1"}],"replies":[{"embeddable":true,"href":"https:\/\/kzt.usz.edu.pl\/index.php\/wp-json\/wp\/v2\/comments?post=1023"}],"version-history":[{"count":3,"href":"https:\/\/kzt.usz.edu.pl\/index.php\/wp-json\/wp\/v2\/posts\/1023\/revisions"}],"predecessor-version":[{"id":1027,"href":"https:\/\/kzt.usz.edu.pl\/index.php\/wp-json\/wp\/v2\/posts\/1023\/revisions\/1027"}],"wp:featuredmedia":[{"embeddable":true,"href":"https:\/\/kzt.usz.edu.pl\/index.php\/wp-json\/wp\/v2\/media\/1024"}],"wp:attachment":[{"href":"https:\/\/kzt.usz.edu.pl\/index.php\/wp-json\/wp\/v2\/media?parent=1023"}],"wp:term":[{"taxonomy":"category","embeddable":true,"href":"https:\/\/kzt.usz.edu.pl\/index.php\/wp-json\/wp\/v2\/categories?post=1023"},{"taxonomy":"post_tag","embeddable":true,"href":"https:\/\/kzt.usz.edu.pl\/index.php\/wp-json\/wp\/v2\/tags?post=1023"}],"curies":[{"name":"wp","href":"https:\/\/api.w.org\/{rel}","templated":true}]}}