{"id":1028,"date":"2024-03-01T19:09:58","date_gmt":"2024-03-01T18:09:58","guid":{"rendered":"https:\/\/kzt.usz.edu.pl\/?p=1028"},"modified":"2024-05-08T19:33:58","modified_gmt":"2024-05-08T17:33:58","slug":"otwarcie-wystawy-poswieconej-panu-prof-jerzemu-wolszczanowi","status":"publish","type":"post","link":"https:\/\/kzt.usz.edu.pl\/index.php\/otwarcie-wystawy-poswieconej-panu-prof-jerzemu-wolszczanowi\/","title":{"rendered":"Otwarcie wystawy po\u015bwi\u0119conej Panu Prof. Jerzemu Wolszczanowi"},"content":{"rendered":"\n<p class=\"wp-block-paragraph\">Rok 2024 zosta\u0142 ustanowiony w Uniwersytecie Szczeci\u0144skim &#8222;Rokiem Profesora Jerzego Wolszczana&#8221;.<\/p>\n\n\n\n<p class=\"wp-block-paragraph\">W ramach obchod\u00f3w odby\u0142o si\u0119 oficjalne otwarcie wystawy po\u015bwi\u0119conej sylwetce Pana Profesora.<\/p>\n\n\n\n<p class=\"wp-block-paragraph\">Zapraszamy do obejrzenia materia\u0142u wideo.<\/p>\n\n\n\n<a href=\"https:\/\/www.facebook.com\/watch\/?v=1875534279571832\" target=\"a_blank\" rel=\"noopener\">Obejrzyj film &#8211; witryna zewn\u0119trzna (&#8222;x&#8221; zamknij pop-up i w\u0142\u0105cz g\u0142o\u015bno\u015b\u0107 w filmiku)<\/a>\n","protected":false},"excerpt":{"rendered":"<p>Rok 2024 zosta\u0142 ustanowiony w Uniwersytecie Szczeci\u0144skim &#8222;Rokiem Profesora Jerzego Wolszczana&#8221;. W ramach obchod\u00f3w odby\u0142o si\u0119 oficjalne otwarcie wystawy po\u015bwi\u0119conej sylwetce Pana Profesora. Zapraszamy do obejrzenia materia\u0142u wideo. Obejrzyj film &#8211; witryna zewn\u0119trzna (&#8222;x&#8221; zamknij pop-up i w\u0142\u0105cz g\u0142o\u015bno\u015b\u0107 w &hellip; <\/p>\n","protected":false},"author":1,"featured_media":1029,"comment_status":"closed","ping_status":"open","sticky":false,"template":"","format":"standard","meta":{"footnotes":""},"categories":[3],"tags":[],"class_list":["post-1028","post","type-post","status-publish","format-standard","has-post-thumbnail","hentry","category-newsroom"],"_links":{"self":[{"href":"https:\/\/kzt.usz.edu.pl\/index.php\/wp-json\/wp\/v2\/posts\/1028","targetHints":{"allow":["GET"]}}],"collection":[{"href":"https:\/\/kzt.usz.edu.pl\/index.php\/wp-json\/wp\/v2\/posts"}],"about":[{"href":"https:\/\/kzt.usz.edu.pl\/index.php\/wp-json\/wp\/v2\/types\/post"}],"author":[{"embeddable":true,"href":"https:\/\/kzt.usz.edu.pl\/index.php\/wp-json\/wp\/v2\/users\/1"}],"replies":[{"embeddable":true,"href":"https:\/\/kzt.usz.edu.pl\/index.php\/wp-json\/wp\/v2\/comments?post=1028"}],"version-history":[{"count":2,"href":"https:\/\/kzt.usz.edu.pl\/index.php\/wp-json\/wp\/v2\/posts\/1028\/revisions"}],"predecessor-version":[{"id":1031,"href":"https:\/\/kzt.usz.edu.pl\/index.php\/wp-json\/wp\/v2\/posts\/1028\/revisions\/1031"}],"wp:featuredmedia":[{"embeddable":true,"href":"https:\/\/kzt.usz.edu.pl\/index.php\/wp-json\/wp\/v2\/media\/1029"}],"wp:attachment":[{"href":"https:\/\/kzt.usz.edu.pl\/index.php\/wp-json\/wp\/v2\/media?parent=1028"}],"wp:term":[{"taxonomy":"category","embeddable":true,"href":"https:\/\/kzt.usz.edu.pl\/index.php\/wp-json\/wp\/v2\/categories?post=1028"},{"taxonomy":"post_tag","embeddable":true,"href":"https:\/\/kzt.usz.edu.pl\/index.php\/wp-json\/wp\/v2\/tags?post=1028"}],"curies":[{"name":"wp","href":"https:\/\/api.w.org\/{rel}","templated":true}]}}