{"id":1032,"date":"2024-04-26T19:31:22","date_gmt":"2024-04-26T17:31:22","guid":{"rendered":"https:\/\/kzt.usz.edu.pl\/?p=1032"},"modified":"2026-05-03T03:19:41","modified_gmt":"2026-05-03T01:19:41","slug":"odsloniecie-pamiatkowej-tablicy-prof-jerzego-wolszczana","status":"publish","type":"post","link":"https:\/\/kzt.usz.edu.pl\/index.php\/odsloniecie-pamiatkowej-tablicy-prof-jerzego-wolszczana\/","title":{"rendered":"Ods\u0142oni\u0119cie pami\u0105tkowej tablicy prof. Jerzego Wolszczana"},"content":{"rendered":"\n<p class=\"wp-block-paragraph\"><p align=\"justify\">Katedra Zarz\u0105dzania Transportem mia\u0142a przyjemno\u015b\u0107 bra\u0107 udzia\u0142 w uroczystym ods\u0142oni\u0119ciem tablicy pami\u0105tkowej prof. Jerzego Wolszczana. Wydarzenie mia\u0142o miejsce 24 kwietnia 2024 w gmachu Wydzia\u0142u Ekonomii, Finans\u00f3w i Zarz\u0105dzania przy ul. Mickiewicza 64 w Szczecinie.<\/p><\/p>\n\n\n\n<p class=\"wp-block-paragraph\">Zapraszamy do obejrzenia materia\u0142\u00f3w wideo i fotogalerii z tego wydarzenia<\/p>\n\n\n\n<figure class=\"wp-block-embed is-type-video is-provider-youtube wp-block-embed-youtube wp-embed-aspect-16-9 wp-has-aspect-ratio\"><div class=\"wp-block-embed__wrapper\">\n<iframe loading=\"lazy\" title=\"Uroczyste ods\u0142oni\u0119cie tablicy pami\u0105tkowej prof. Jerzego Wolszczana\" width=\"750\" height=\"422\" src=\"https:\/\/www.youtube.com\/embed\/a7RfRzC1DL4?feature=oembed\" frameborder=\"0\" allow=\"accelerometer; autoplay; clipboard-write; encrypted-media; gyroscope; picture-in-picture; web-share\" referrerpolicy=\"strict-origin-when-cross-origin\" allowfullscreen><\/iframe>\n<\/div><\/figure>\n\n\n\n<figure class=\"wp-block-gallery has-nested-images columns-default is-cropped wp-block-gallery-1 is-layout-flex wp-block-gallery-is-layout-flex\">\n<figure class=\"wp-block-image size-large\"><img loading=\"lazy\" decoding=\"async\" width=\"1024\" height=\"768\" data-id=\"1041\" src=\"https:\/\/kzt.usz.edu.pl\/wp-content\/uploads\/2024\/04\/IMG-3292-1024x768.jpg\" alt=\"\" class=\"wp-image-1041\" srcset=\"https:\/\/kzt.usz.edu.pl\/wp-content\/uploads\/2024\/04\/IMG-3292-1024x768.jpg 1024w, https:\/\/kzt.usz.edu.pl\/wp-content\/uploads\/2024\/04\/IMG-3292-300x225.jpg 300w, https:\/\/kzt.usz.edu.pl\/wp-content\/uploads\/2024\/04\/IMG-3292-768x576.jpg 768w, https:\/\/kzt.usz.edu.pl\/wp-content\/uploads\/2024\/04\/IMG-3292-1536x1152.jpg 1536w, https:\/\/kzt.usz.edu.pl\/wp-content\/uploads\/2024\/04\/IMG-3292-2048x1536.jpg 2048w\" sizes=\"auto, (max-width: 1024px) 100vw, 1024px\" \/><\/figure>\n\n\n\n<figure class=\"wp-block-image size-large\"><img loading=\"lazy\" decoding=\"async\" width=\"654\" height=\"581\" data-id=\"1037\" src=\"https:\/\/kzt.usz.edu.pl\/wp-content\/uploads\/2024\/05\/odsloniecie-tablicy-1.png\" alt=\"\" class=\"wp-image-1037\" srcset=\"https:\/\/kzt.usz.edu.pl\/wp-content\/uploads\/2024\/05\/odsloniecie-tablicy-1.png 654w, https:\/\/kzt.usz.edu.pl\/wp-content\/uploads\/2024\/05\/odsloniecie-tablicy-1-300x267.png 300w, https:\/\/kzt.usz.edu.pl\/wp-content\/uploads\/2024\/05\/odsloniecie-tablicy-1-80x70.png 80w\" sizes=\"auto, (max-width: 654px) 100vw, 654px\" \/><\/figure>\n\n\n\n<figure class=\"wp-block-image size-large\"><img loading=\"lazy\" decoding=\"async\" width=\"1024\" height=\"768\" data-id=\"1039\" src=\"https:\/\/kzt.usz.edu.pl\/wp-content\/uploads\/2024\/04\/IMG-3294-1024x768.jpg\" alt=\"\" class=\"wp-image-1039\" srcset=\"https:\/\/kzt.usz.edu.pl\/wp-content\/uploads\/2024\/04\/IMG-3294-1024x768.jpg 1024w, https:\/\/kzt.usz.edu.pl\/wp-content\/uploads\/2024\/04\/IMG-3294-300x225.jpg 300w, https:\/\/kzt.usz.edu.pl\/wp-content\/uploads\/2024\/04\/IMG-3294-768x576.jpg 768w, https:\/\/kzt.usz.edu.pl\/wp-content\/uploads\/2024\/04\/IMG-3294-1536x1152.jpg 1536w, https:\/\/kzt.usz.edu.pl\/wp-content\/uploads\/2024\/04\/IMG-3294-2048x1536.jpg 2048w\" sizes=\"auto, (max-width: 1024px) 100vw, 1024px\" \/><\/figure>\n\n\n\n<figure class=\"wp-block-image size-large\"><img loading=\"lazy\" decoding=\"async\" width=\"1024\" height=\"768\" data-id=\"1040\" src=\"https:\/\/kzt.usz.edu.pl\/wp-content\/uploads\/2024\/04\/IMG-3293-1024x768.jpg\" alt=\"\" class=\"wp-image-1040\" srcset=\"https:\/\/kzt.usz.edu.pl\/wp-content\/uploads\/2024\/04\/IMG-3293-1024x768.jpg 1024w, https:\/\/kzt.usz.edu.pl\/wp-content\/uploads\/2024\/04\/IMG-3293-300x225.jpg 300w, https:\/\/kzt.usz.edu.pl\/wp-content\/uploads\/2024\/04\/IMG-3293-768x576.jpg 768w, https:\/\/kzt.usz.edu.pl\/wp-content\/uploads\/2024\/04\/IMG-3293-1536x1152.jpg 1536w, https:\/\/kzt.usz.edu.pl\/wp-content\/uploads\/2024\/04\/IMG-3293-2048x1536.jpg 2048w\" sizes=\"auto, (max-width: 1024px) 100vw, 1024px\" \/><\/figure>\n\n\n\n<figure class=\"wp-block-image size-large\"><img loading=\"lazy\" decoding=\"async\" width=\"768\" height=\"1024\" data-id=\"1042\" src=\"https:\/\/kzt.usz.edu.pl\/wp-content\/uploads\/2024\/04\/IMG-3296-768x1024.jpg\" alt=\"\" class=\"wp-image-1042\" srcset=\"https:\/\/kzt.usz.edu.pl\/wp-content\/uploads\/2024\/04\/IMG-3296-768x1024.jpg 768w, https:\/\/kzt.usz.edu.pl\/wp-content\/uploads\/2024\/04\/IMG-3296-225x300.jpg 225w, https:\/\/kzt.usz.edu.pl\/wp-content\/uploads\/2024\/04\/IMG-3296-1152x1536.jpg 1152w, https:\/\/kzt.usz.edu.pl\/wp-content\/uploads\/2024\/04\/IMG-3296-1536x2048.jpg 1536w, https:\/\/kzt.usz.edu.pl\/wp-content\/uploads\/2024\/04\/IMG-3296-scaled.jpg 1920w\" sizes=\"auto, (max-width: 768px) 100vw, 768px\" \/><\/figure>\n<\/figure>\n","protected":false},"excerpt":{"rendered":"<p>Katedra Zarz\u0105dzania Transportem mia\u0142a przyjemno\u015b\u0107 bra\u0107 udzia\u0142 w uroczystym ods\u0142oni\u0119ciem tablicy pami\u0105tkowej prof. Jerzego Wolszczana. Wydarzenie mia\u0142o miejsce 24 kwietnia 2024 w gmachu Wydzia\u0142u Ekonomii, Finans\u00f3w i Zarz\u0105dzania przy ul. Mickiewicza 64 w Szczecinie. Zapraszamy do obejrzenia materia\u0142\u00f3w wideo i &hellip; <\/p>\n","protected":false},"author":1,"featured_media":1042,"comment_status":"closed","ping_status":"open","sticky":false,"template":"","format":"standard","meta":{"footnotes":""},"categories":[3],"tags":[],"class_list":["post-1032","post","type-post","status-publish","format-standard","has-post-thumbnail","hentry","category-newsroom"],"_links":{"self":[{"href":"https:\/\/kzt.usz.edu.pl\/index.php\/wp-json\/wp\/v2\/posts\/1032","targetHints":{"allow":["GET"]}}],"collection":[{"href":"https:\/\/kzt.usz.edu.pl\/index.php\/wp-json\/wp\/v2\/posts"}],"about":[{"href":"https:\/\/kzt.usz.edu.pl\/index.php\/wp-json\/wp\/v2\/types\/post"}],"author":[{"embeddable":true,"href":"https:\/\/kzt.usz.edu.pl\/index.php\/wp-json\/wp\/v2\/users\/1"}],"replies":[{"embeddable":true,"href":"https:\/\/kzt.usz.edu.pl\/index.php\/wp-json\/wp\/v2\/comments?post=1032"}],"version-history":[{"count":7,"href":"https:\/\/kzt.usz.edu.pl\/index.php\/wp-json\/wp\/v2\/posts\/1032\/revisions"}],"predecessor-version":[{"id":1648,"href":"https:\/\/kzt.usz.edu.pl\/index.php\/wp-json\/wp\/v2\/posts\/1032\/revisions\/1648"}],"wp:featuredmedia":[{"embeddable":true,"href":"https:\/\/kzt.usz.edu.pl\/index.php\/wp-json\/wp\/v2\/media\/1042"}],"wp:attachment":[{"href":"https:\/\/kzt.usz.edu.pl\/index.php\/wp-json\/wp\/v2\/media?parent=1032"}],"wp:term":[{"taxonomy":"category","embeddable":true,"href":"https:\/\/kzt.usz.edu.pl\/index.php\/wp-json\/wp\/v2\/categories?post=1032"},{"taxonomy":"post_tag","embeddable":true,"href":"https:\/\/kzt.usz.edu.pl\/index.php\/wp-json\/wp\/v2\/tags?post=1032"}],"curies":[{"name":"wp","href":"https:\/\/api.w.org\/{rel}","templated":true}]}}