{"id":1049,"date":"2024-05-08T20:33:04","date_gmt":"2024-05-08T18:33:04","guid":{"rendered":"https:\/\/kzt.usz.edu.pl\/?p=1049"},"modified":"2024-05-08T21:02:29","modified_gmt":"2024-05-08T19:02:29","slug":"jubileusz-85-urodzin-pana-profesora-jozefa-stanielewicza","status":"publish","type":"post","link":"https:\/\/kzt.usz.edu.pl\/index.php\/jubileusz-85-urodzin-pana-profesora-jozefa-stanielewicza\/","title":{"rendered":"Jubileusz 85. urodzin Pana Profesora J\u00f3zefa Stanielewicza"},"content":{"rendered":"\n<p class=\"wp-block-paragraph\"><p align=\"justify\">W imieniu zespo\u0142u pracownik\u00f3w Instytutu Zarz\u0105dzania Uniwersytetu Szczeci\u0144skiego serdeczne gratulacje i \u017cyczenia z\u0142o\u017cy\u0142 Jubilatowi w okoliczno\u015bciowym adresie dyrektor Instytutu prof. Kesra Nermend. By\u0142a to okazja by wyrazi\u0107 Panu Profesorowi J\u00f3zefowi Stanielewiczowi podzi\u0119kowanie za wieloletni\u0105 prac\u0119 na rzecz naszej spo\u0142eczno\u015bci akademickiej oraz nieoceniony wk\u0142ad w rozw\u00f3j szczeci\u0144skiego \u015brodowiska historyk\u00f3w i ekonomist\u00f3w transportu. Bogaty dorobek naukowy Pana Profesora z obszaru historii transportu, liczne publikacje popularyzuj\u0105ce rozw\u00f3j szkolnictwa ekonomicznego na Pomorzu Zachodnim, piastowane funkcje, a zw\u0142aszcza Jego osobowo\u015b\u0107 ukszta\u0142towa\u0142y najlepszy wzorzec Uczonego, Nauczyciela, Mentora i Przyjaciela.<\/p><\/p>\n\n\n\n<p class=\"wp-block-paragraph\"><p align=\"justify\">Spotkanie z Jubilatem w murach naszego Instytutu w dniu 6 maja br. zorganizowa\u0142a prof. El\u017cbieta Za\u0142oga.<\/p><\/p>\n\n\n\n<figure class=\"wp-block-gallery has-nested-images columns-2 is-cropped wp-block-gallery-1 is-layout-flex wp-block-gallery-is-layout-flex\">\n<figure class=\"wp-block-image size-large\"><img loading=\"lazy\" decoding=\"async\" width=\"473\" height=\"1024\" data-id=\"1051\" src=\"https:\/\/kzt.usz.edu.pl\/wp-content\/uploads\/2024\/05\/prof.-Stanielewicz-2024-473x1024.jpg\" alt=\"\" class=\"wp-image-1051\" srcset=\"https:\/\/kzt.usz.edu.pl\/wp-content\/uploads\/2024\/05\/prof.-Stanielewicz-2024-473x1024.jpg 473w, https:\/\/kzt.usz.edu.pl\/wp-content\/uploads\/2024\/05\/prof.-Stanielewicz-2024-139x300.jpg 139w, https:\/\/kzt.usz.edu.pl\/wp-content\/uploads\/2024\/05\/prof.-Stanielewicz-2024-768x1663.jpg 768w, https:\/\/kzt.usz.edu.pl\/wp-content\/uploads\/2024\/05\/prof.-Stanielewicz-2024-709x1536.jpg 709w, https:\/\/kzt.usz.edu.pl\/wp-content\/uploads\/2024\/05\/prof.-Stanielewicz-2024-946x2048.jpg 946w, https:\/\/kzt.usz.edu.pl\/wp-content\/uploads\/2024\/05\/prof.-Stanielewicz-2024-scaled.jpg 1182w\" sizes=\"auto, (max-width: 473px) 100vw, 473px\" \/><\/figure>\n\n\n\n<figure class=\"wp-block-image size-large\"><img loading=\"lazy\" decoding=\"async\" width=\"473\" height=\"1024\" data-id=\"1052\" src=\"https:\/\/kzt.usz.edu.pl\/wp-content\/uploads\/2024\/05\/prof.-Stanielewicz-i-EZ-2024-473x1024.jpg\" alt=\"\" class=\"wp-image-1052\" srcset=\"https:\/\/kzt.usz.edu.pl\/wp-content\/uploads\/2024\/05\/prof.-Stanielewicz-i-EZ-2024-473x1024.jpg 473w, https:\/\/kzt.usz.edu.pl\/wp-content\/uploads\/2024\/05\/prof.-Stanielewicz-i-EZ-2024-139x300.jpg 139w, https:\/\/kzt.usz.edu.pl\/wp-content\/uploads\/2024\/05\/prof.-Stanielewicz-i-EZ-2024-768x1663.jpg 768w, https:\/\/kzt.usz.edu.pl\/wp-content\/uploads\/2024\/05\/prof.-Stanielewicz-i-EZ-2024-709x1536.jpg 709w, https:\/\/kzt.usz.edu.pl\/wp-content\/uploads\/2024\/05\/prof.-Stanielewicz-i-EZ-2024-946x2048.jpg 946w, https:\/\/kzt.usz.edu.pl\/wp-content\/uploads\/2024\/05\/prof.-Stanielewicz-i-EZ-2024-scaled.jpg 1182w\" sizes=\"auto, (max-width: 473px) 100vw, 473px\" \/><\/figure>\n\n\n\n<figure class=\"wp-block-image size-large\"><img loading=\"lazy\" decoding=\"async\" width=\"1024\" height=\"473\" data-id=\"1050\" src=\"https:\/\/kzt.usz.edu.pl\/wp-content\/uploads\/2024\/05\/prof.-Stanielewicz-syn-i-EZ-2024-1024x473.jpg\" alt=\"\" class=\"wp-image-1050\" srcset=\"https:\/\/kzt.usz.edu.pl\/wp-content\/uploads\/2024\/05\/prof.-Stanielewicz-syn-i-EZ-2024-1024x473.jpg 1024w, https:\/\/kzt.usz.edu.pl\/wp-content\/uploads\/2024\/05\/prof.-Stanielewicz-syn-i-EZ-2024-300x139.jpg 300w, https:\/\/kzt.usz.edu.pl\/wp-content\/uploads\/2024\/05\/prof.-Stanielewicz-syn-i-EZ-2024-768x355.jpg 768w, https:\/\/kzt.usz.edu.pl\/wp-content\/uploads\/2024\/05\/prof.-Stanielewicz-syn-i-EZ-2024-1536x709.jpg 1536w, https:\/\/kzt.usz.edu.pl\/wp-content\/uploads\/2024\/05\/prof.-Stanielewicz-syn-i-EZ-2024-2048x946.jpg 2048w\" sizes=\"auto, (max-width: 1024px) 100vw, 1024px\" \/><\/figure>\n<\/figure>\n","protected":false},"excerpt":{"rendered":"<p>W imieniu zespo\u0142u pracownik\u00f3w Instytutu Zarz\u0105dzania Uniwersytetu Szczeci\u0144skiego serdeczne gratulacje i \u017cyczenia z\u0142o\u017cy\u0142 Jubilatowi w okoliczno\u015bciowym adresie dyrektor Instytutu prof. Kesra Nermend. By\u0142a to okazja by wyrazi\u0107 Panu Profesorowi J\u00f3zefowi Stanielewiczowi podzi\u0119kowanie za wieloletni\u0105 prac\u0119 na rzecz naszej spo\u0142eczno\u015bci akademickiej &hellip; <\/p>\n","protected":false},"author":1,"featured_media":1050,"comment_status":"closed","ping_status":"open","sticky":false,"template":"","format":"standard","meta":{"footnotes":""},"categories":[3],"tags":[],"class_list":["post-1049","post","type-post","status-publish","format-standard","has-post-thumbnail","hentry","category-newsroom"],"_links":{"self":[{"href":"https:\/\/kzt.usz.edu.pl\/index.php\/wp-json\/wp\/v2\/posts\/1049","targetHints":{"allow":["GET"]}}],"collection":[{"href":"https:\/\/kzt.usz.edu.pl\/index.php\/wp-json\/wp\/v2\/posts"}],"about":[{"href":"https:\/\/kzt.usz.edu.pl\/index.php\/wp-json\/wp\/v2\/types\/post"}],"author":[{"embeddable":true,"href":"https:\/\/kzt.usz.edu.pl\/index.php\/wp-json\/wp\/v2\/users\/1"}],"replies":[{"embeddable":true,"href":"https:\/\/kzt.usz.edu.pl\/index.php\/wp-json\/wp\/v2\/comments?post=1049"}],"version-history":[{"count":2,"href":"https:\/\/kzt.usz.edu.pl\/index.php\/wp-json\/wp\/v2\/posts\/1049\/revisions"}],"predecessor-version":[{"id":1055,"href":"https:\/\/kzt.usz.edu.pl\/index.php\/wp-json\/wp\/v2\/posts\/1049\/revisions\/1055"}],"wp:featuredmedia":[{"embeddable":true,"href":"https:\/\/kzt.usz.edu.pl\/index.php\/wp-json\/wp\/v2\/media\/1050"}],"wp:attachment":[{"href":"https:\/\/kzt.usz.edu.pl\/index.php\/wp-json\/wp\/v2\/media?parent=1049"}],"wp:term":[{"taxonomy":"category","embeddable":true,"href":"https:\/\/kzt.usz.edu.pl\/index.php\/wp-json\/wp\/v2\/categories?post=1049"},{"taxonomy":"post_tag","embeddable":true,"href":"https:\/\/kzt.usz.edu.pl\/index.php\/wp-json\/wp\/v2\/tags?post=1049"}],"curies":[{"name":"wp","href":"https:\/\/api.w.org\/{rel}","templated":true}]}}