{"id":1147,"date":"2024-06-18T17:17:00","date_gmt":"2024-06-18T15:17:00","guid":{"rendered":"https:\/\/kzt.usz.edu.pl\/?p=1147"},"modified":"2024-11-19T14:21:53","modified_gmt":"2024-11-19T13:21:53","slug":"uniwersytet-szczecinski-podjal-sie-wspolpracy-z-db-port-szczecin","status":"publish","type":"post","link":"https:\/\/kzt.usz.edu.pl\/index.php\/uniwersytet-szczecinski-podjal-sie-wspolpracy-z-db-port-szczecin\/","title":{"rendered":"Uniwersytet Szczeci\u0144ski podj\u0105\u0142 si\u0119 wsp\u00f3\u0142pracy z DB Port Szczecin"},"content":{"rendered":"\n<p class=\"wp-block-paragraph\"><p align=\"justify\">Z wielk\u0105 rado\u015bci\u0105 dzielimy si\u0119 informacj\u0105 o wsp\u00f3\u0142pracy Uniwersytetu Szczeci\u0144skiego z jednym z najwi\u0119kszych podmiot\u00f3w szczeci\u0144skiego portu &#8211; DB Port Szczecin. Umowa zosta\u0142a sformalizowana w dn. 18.06.2024 r. Jej celem jest pog\u0142\u0119bianie dotychczasowych relacji o nowe wsp\u00f3lne inicjatywy oraz wykorzystanie potencja\u0142u naukowego i dydaktycznego Uczelni oraz potencja\u0142u biznesowego DB Port Szczecin.<\/p><\/p>\n\n\n\n<p class=\"wp-block-paragraph\"><p p=\"\" align=\"justify\">Dotychczas uczelnia wsp\u00f3\u0142pracowa\u0142a z tym podmiotem w zakresie organizacji wycieczek dla student\u00f3w na terenie portu (zw\u0142aszcza z kierunk\u00f3w logistycznych) oraz podczas organizacji konferencji naukowych &#8222;EUROTRANS&#8221; i &#8222;12,5 m dla Szczecina&#8221;.<\/p><\/p>\n\n\n\n<p align=\"justify\">W spotkaniu formalizuj\u0105cym wsp\u00f3\u0142prac\u0119 udzia\u0142 wzi\u0119li: dr hab. Ma\u0142gorzata \u0141atuszy\u0144ska \u2013 Dziekan Wydzia\u0142u Ekonomii Finans\u00f3w i Zarz\u0105dzania, dr hab. Iwona Markowicz \u2013 Pe\u0142nomocniczka Rektora ds. Praktyk i Wsp\u00f3\u0142pracy z Otoczeniem Spo\u0142eczno-Gospodarczym, prof. Kesra Nermend \u2013 Dyrektor Instytutu Zarz\u0105dzania, oraz <b>dr hab. Micha\u0142 Pluci\u0144ski \u2013 Kierownik Katedry Zarz\u0105dzania Transportem<\/b>, Daniel Saar \u2013 Prezes Zarz\u0105du, Olga Nowak \u2013 Cz\u0142onek Zarz\u0105du oraz Marta Rula \u2013 Kierownik Biura Zarz\u0105du.<\/p>\n\n\n\n<p class=\"wp-block-paragraph\"><code>\/fot. strona internetowa Uniwersytetu Szczeci\u0144skiego usz.edu.pl\/<\/code><\/p>\n\n\n\n<figure class=\"wp-block-embed is-type-video is-provider-youtube wp-block-embed-youtube wp-embed-aspect-16-9 wp-has-aspect-ratio\"><div class=\"wp-block-embed__wrapper\">\n<iframe loading=\"lazy\" title=\"Wsp\u00f3\u0142praca Uniwersytetu Szczeci\u0144skiego z DB Port Szczecin | Relacja\" width=\"750\" height=\"422\" src=\"https:\/\/www.youtube.com\/embed\/gxxOX-wvf6Q?feature=oembed\" frameborder=\"0\" allow=\"accelerometer; autoplay; clipboard-write; encrypted-media; gyroscope; picture-in-picture; web-share\" referrerpolicy=\"strict-origin-when-cross-origin\" allowfullscreen><\/iframe>\n<\/div><\/figure>\n","protected":false},"excerpt":{"rendered":"<p>Z wielk\u0105 rado\u015bci\u0105 dzielimy si\u0119 informacj\u0105 o wsp\u00f3\u0142pracy Uniwersytetu Szczeci\u0144skiego z jednym z najwi\u0119kszych podmiot\u00f3w szczeci\u0144skiego portu &#8211; DB Port Szczecin. Umowa zosta\u0142a sformalizowana w dn. 18.06.2024 r. Jej celem jest pog\u0142\u0119bianie dotychczasowych relacji o nowe wsp\u00f3lne inicjatywy oraz wykorzystanie &hellip; <\/p>\n","protected":false},"author":1,"featured_media":1148,"comment_status":"closed","ping_status":"open","sticky":false,"template":"","format":"standard","meta":{"footnotes":""},"categories":[3],"tags":[],"class_list":["post-1147","post","type-post","status-publish","format-standard","has-post-thumbnail","hentry","category-newsroom"],"_links":{"self":[{"href":"https:\/\/kzt.usz.edu.pl\/index.php\/wp-json\/wp\/v2\/posts\/1147","targetHints":{"allow":["GET"]}}],"collection":[{"href":"https:\/\/kzt.usz.edu.pl\/index.php\/wp-json\/wp\/v2\/posts"}],"about":[{"href":"https:\/\/kzt.usz.edu.pl\/index.php\/wp-json\/wp\/v2\/types\/post"}],"author":[{"embeddable":true,"href":"https:\/\/kzt.usz.edu.pl\/index.php\/wp-json\/wp\/v2\/users\/1"}],"replies":[{"embeddable":true,"href":"https:\/\/kzt.usz.edu.pl\/index.php\/wp-json\/wp\/v2\/comments?post=1147"}],"version-history":[{"count":4,"href":"https:\/\/kzt.usz.edu.pl\/index.php\/wp-json\/wp\/v2\/posts\/1147\/revisions"}],"predecessor-version":[{"id":1154,"href":"https:\/\/kzt.usz.edu.pl\/index.php\/wp-json\/wp\/v2\/posts\/1147\/revisions\/1154"}],"wp:featuredmedia":[{"embeddable":true,"href":"https:\/\/kzt.usz.edu.pl\/index.php\/wp-json\/wp\/v2\/media\/1148"}],"wp:attachment":[{"href":"https:\/\/kzt.usz.edu.pl\/index.php\/wp-json\/wp\/v2\/media?parent=1147"}],"wp:term":[{"taxonomy":"category","embeddable":true,"href":"https:\/\/kzt.usz.edu.pl\/index.php\/wp-json\/wp\/v2\/categories?post=1147"},{"taxonomy":"post_tag","embeddable":true,"href":"https:\/\/kzt.usz.edu.pl\/index.php\/wp-json\/wp\/v2\/tags?post=1147"}],"curies":[{"name":"wp","href":"https:\/\/api.w.org\/{rel}","templated":true}]}}