{"id":1162,"date":"2024-10-08T16:37:48","date_gmt":"2024-10-08T14:37:48","guid":{"rendered":"https:\/\/kzt.usz.edu.pl\/?p=1162"},"modified":"2024-11-19T14:21:44","modified_gmt":"2024-11-19T13:21:44","slug":"polskie-forum-transportu-logistyki-i-spedycji-forum-transportu-2024","status":"publish","type":"post","link":"https:\/\/kzt.usz.edu.pl\/index.php\/polskie-forum-transportu-logistyki-i-spedycji-forum-transportu-2024\/","title":{"rendered":"Polskie Forum Transportu, Logistyki i Spedycji &#8211; Forum Transportu 2024"},"content":{"rendered":"\n<p align=\"justify\">W dniach 27-28 czerwca 2024 roku w D\u0105browie G\u00f3rniczej odby\u0142o si\u0119 presti\u017cowe Polskie Forum Transportu, Logistyki i Spedycji \u2013 Forum Transportu 2024, jedno z najwa\u017cniejszych wydarze\u0144 w bran\u017cy, kt\u00f3re przyci\u0105gn\u0119\u0142o czo\u0142owych ekspert\u00f3w i lider\u00f3w rynku. W\u015br\u00f3d nich znale\u017ali si\u0119 wybitni przedstawiciele naszej Katedry Zarz\u0105dzania Transportem: prof. dr hab. El\u017cbieta Za\u0142oga, dr hab. Micha\u0142 Pluci\u0144ski, prof. US oraz dr hab. Tomasz Kwarci\u0144ski, prof. US. <br><br>\n\nPodczas forum nasi specjali\u015bci zaprezentowali kluczowe wyst\u0105pienia, kt\u00f3re wzbudzi\u0142y du\u017ce zainteresowanie i sta\u0142y si\u0119 punktem wyj\u015bcia do wielu dyskusji. Prof. El\u017cbieta Za\u0142oga przedstawi\u0142a analiz\u0119 unijnych program\u00f3w finansowania sieci TEN-T, ukazuj\u0105c strategiczne mo\u017cliwo\u015bci rozwoju infrastruktury transportowej w Europie. Prof. Micha\u0142 Pluci\u0144ski skupi\u0142 si\u0119 na najwa\u017cniejszych inwestycjach w polskich portach morskich, kt\u00f3re b\u0119d\u0105 realizowane do 2030 roku, podkre\u015blaj\u0105c ich kluczow\u0105 rol\u0119 w rozwoju mi\u0119dzynarodowego handlu. Z kolei prof. Tomasz Kwarci\u0144ski om\u00f3wi\u0142 rol\u0119 mobilno\u015bci w \u017cyciu spo\u0142eczno-gospodarczym, pe\u0142ni\u0105c jednocze\u015bnie funkcj\u0119 moderatora w panelu \u201eWyzwania wsp\u00f3\u0142czesnej mobilno\u015bci\u201d.<Br><Br>\n\nUdzia\u0142 naszych ekspert\u00f3w w Forum Transportu 2024 podkre\u015bli\u0142 ich wiod\u0105c\u0105 rol\u0119 w kszta\u0142towaniu przysz\u0142o\u015bci bran\u017cy transportu i logistyki, a ich wyst\u0105pienia wnios\u0142y istotny wk\u0142ad w dyskusje na temat rozwoju infrastruktury, port\u00f3w morskich i mobilno\u015bci w Polsce i Europie.<\/p>\n\n\n\n<p class=\"wp-block-paragraph\"><\/p>\n\n\n\n<figure class=\"wp-block-image size-large\"><img loading=\"lazy\" decoding=\"async\" width=\"576\" height=\"1024\" src=\"https:\/\/kzt.usz.edu.pl\/wp-content\/uploads\/2024\/10\/PHOTO-2024-06-28-19-43-40-576x1024.jpg\" alt=\"\" class=\"wp-image-1163\" srcset=\"https:\/\/kzt.usz.edu.pl\/wp-content\/uploads\/2024\/10\/PHOTO-2024-06-28-19-43-40-576x1024.jpg 576w, https:\/\/kzt.usz.edu.pl\/wp-content\/uploads\/2024\/10\/PHOTO-2024-06-28-19-43-40-169x300.jpg 169w, https:\/\/kzt.usz.edu.pl\/wp-content\/uploads\/2024\/10\/PHOTO-2024-06-28-19-43-40-768x1365.jpg 768w, https:\/\/kzt.usz.edu.pl\/wp-content\/uploads\/2024\/10\/PHOTO-2024-06-28-19-43-40-864x1536.jpg 864w, https:\/\/kzt.usz.edu.pl\/wp-content\/uploads\/2024\/10\/PHOTO-2024-06-28-19-43-40.jpg 1134w\" sizes=\"auto, (max-width: 576px) 100vw, 576px\" \/><\/figure>\n\n\n\n<figure class=\"wp-block-embed is-type-video is-provider-youtube wp-block-embed-youtube wp-embed-aspect-16-9 wp-has-aspect-ratio\"><div class=\"wp-block-embed__wrapper\">\n<iframe loading=\"lazy\" title=\"Drugi Dzie\u0144 Polskiego Forum Transportu, Logistyki i Spedycji 2024\" width=\"750\" height=\"422\" src=\"https:\/\/www.youtube.com\/embed\/j73Icxa1Z5U?feature=oembed\" frameborder=\"0\" allow=\"accelerometer; autoplay; clipboard-write; encrypted-media; gyroscope; picture-in-picture; web-share\" referrerpolicy=\"strict-origin-when-cross-origin\" allowfullscreen><\/iframe>\n<\/div><\/figure>\n","protected":false},"excerpt":{"rendered":"<p>W dniach 27-28 czerwca 2024 roku w D\u0105browie G\u00f3rniczej odby\u0142o si\u0119 presti\u017cowe Polskie Forum Transportu, Logistyki i Spedycji \u2013 Forum Transportu 2024, jedno z najwa\u017cniejszych wydarze\u0144 w bran\u017cy, kt\u00f3re przyci\u0105gn\u0119\u0142o czo\u0142owych ekspert\u00f3w i lider\u00f3w rynku. W\u015br\u00f3d nich znale\u017ali si\u0119 wybitni &hellip; <\/p>\n","protected":false},"author":1,"featured_media":1163,"comment_status":"closed","ping_status":"open","sticky":false,"template":"","format":"standard","meta":{"footnotes":""},"categories":[3],"tags":[],"class_list":["post-1162","post","type-post","status-publish","format-standard","has-post-thumbnail","hentry","category-newsroom"],"_links":{"self":[{"href":"https:\/\/kzt.usz.edu.pl\/index.php\/wp-json\/wp\/v2\/posts\/1162","targetHints":{"allow":["GET"]}}],"collection":[{"href":"https:\/\/kzt.usz.edu.pl\/index.php\/wp-json\/wp\/v2\/posts"}],"about":[{"href":"https:\/\/kzt.usz.edu.pl\/index.php\/wp-json\/wp\/v2\/types\/post"}],"author":[{"embeddable":true,"href":"https:\/\/kzt.usz.edu.pl\/index.php\/wp-json\/wp\/v2\/users\/1"}],"replies":[{"embeddable":true,"href":"https:\/\/kzt.usz.edu.pl\/index.php\/wp-json\/wp\/v2\/comments?post=1162"}],"version-history":[{"count":5,"href":"https:\/\/kzt.usz.edu.pl\/index.php\/wp-json\/wp\/v2\/posts\/1162\/revisions"}],"predecessor-version":[{"id":1168,"href":"https:\/\/kzt.usz.edu.pl\/index.php\/wp-json\/wp\/v2\/posts\/1162\/revisions\/1168"}],"wp:featuredmedia":[{"embeddable":true,"href":"https:\/\/kzt.usz.edu.pl\/index.php\/wp-json\/wp\/v2\/media\/1163"}],"wp:attachment":[{"href":"https:\/\/kzt.usz.edu.pl\/index.php\/wp-json\/wp\/v2\/media?parent=1162"}],"wp:term":[{"taxonomy":"category","embeddable":true,"href":"https:\/\/kzt.usz.edu.pl\/index.php\/wp-json\/wp\/v2\/categories?post=1162"},{"taxonomy":"post_tag","embeddable":true,"href":"https:\/\/kzt.usz.edu.pl\/index.php\/wp-json\/wp\/v2\/tags?post=1162"}],"curies":[{"name":"wp","href":"https:\/\/api.w.org\/{rel}","templated":true}]}}