{"id":1212,"date":"2024-10-14T17:18:41","date_gmt":"2024-10-14T15:18:41","guid":{"rendered":"https:\/\/kzt.usz.edu.pl\/?p=1212"},"modified":"2026-05-03T03:24:03","modified_gmt":"2026-05-03T01:24:03","slug":"eurotrans-2024","status":"publish","type":"post","link":"https:\/\/kzt.usz.edu.pl\/index.php\/eurotrans-2024\/","title":{"rendered":"EuroTrans 2024"},"content":{"rendered":"\n<p class=\"wp-block-paragraph\"><p align=\"justify\">W dniach 16-17 wrze\u015bnia 2024 r. w Warszawie odby\u0142a si\u0119 konferencja EuroTrans 2024 pod has\u0142em \u201eNowe ramy funkcjonowania sektor\u00f3w mobilno\u015bci i logistyki\u201d. Wydarzenie to zgromadzi\u0142o wybitnych specjalist\u00f3w oraz przedstawicieli \u015bwiata nauki i biznesu, a organizatorami byli Uniwersytet Szczeci\u0144ski, Szko\u0142a G\u0142\u00f3wna Handlowa w Warszawie oraz Uniwersytet Gda\u0144ski.<\/p><\/p>\n\n\n\n<p class=\"wp-block-paragraph\"><p align=\"justify\">Tematyka konferencji koncentrowa\u0142a si\u0119 na aktualnych wyzwaniach stoj\u0105cych przed sektorem transportu i logistyki, w tym na zmianach regulacyjnych, zr\u00f3wnowa\u017conym rozwoju, cyfryzacji oraz innowacjach, kt\u00f3re redefiniuj\u0105 przysz\u0142o\u015b\u0107 mobilno\u015bci. Uczestnicy mieli okazj\u0119 zapozna\u0107 si\u0119 z najnowszymi trendami oraz wynikami bada\u0144 dotycz\u0105cych zintegrowanych system\u00f3w transportowych i rozwi\u0105za\u0144 sprzyjaj\u0105cych zwi\u0119kszeniu efektywno\u015bci proces\u00f3w logistycznych.<\/p><\/p>\n\n\n\n<p class=\"wp-block-paragraph\"><p align=\"justify\">Katedra Zarz\u0105dzania Transportem Uniwersytetu Szczeci\u0144skiego aktywnie w\u0142\u0105czy\u0142a si\u0119 w obrady, bior\u0105c udzia\u0142 w licznych dyskusjach, gdzie omawiano kluczowe aspekty zarz\u0105dzania transportem w kontek\u015bcie globalnych wyzwa\u0144. Udzia\u0142 przedstawicieli Uniwersytetu Szczeci\u0144skiego by\u0142 doskona\u0142\u0105 okazj\u0105 do wymiany wiedzy i do\u015bwiadcze\u0144 z innymi uczestnikami.<\/p><\/p>\n\n\n\n<p class=\"wp-block-paragraph\"><p align=\"justify\">Szczeg\u00f3lnym punktem konferencji by\u0142o uhonorowanie jubileuszu prof. dr hab. Wojciecha Paprockiego z SGH w Warszawie, wybitnego naukowca i autorytetu w dziedzinie transportu. Jego wk\u0142ad w rozw\u00f3j bada\u0144 nad logistyk\u0105 i transportem zosta\u0142 podkre\u015blony podczas uroczysto\u015bci, b\u0119d\u0105c jednym z najwa\u017cniejszych moment\u00f3w wydarzenia.<\/p><\/p>\n\n\n\n<figure class=\"wp-block-gallery has-nested-images columns-1 is-cropped wp-block-gallery-1 is-layout-flex wp-block-gallery-is-layout-flex\">\n<figure class=\"wp-block-image size-large is-style-rounded\"><a href=\"https:\/\/kzt.usz.edu.pl\/wp-content\/uploads\/2024\/10\/IMG-4320-scaled.jpg\" target=\"_blank\" rel=\"noopener\"><img loading=\"lazy\" decoding=\"async\" width=\"1024\" height=\"768\" data-id=\"1214\" src=\"https:\/\/kzt.usz.edu.pl\/wp-content\/uploads\/2024\/10\/IMG-4320-1024x768.jpg\" alt=\"\" class=\"wp-image-1214\" srcset=\"https:\/\/kzt.usz.edu.pl\/wp-content\/uploads\/2024\/10\/IMG-4320-1024x768.jpg 1024w, https:\/\/kzt.usz.edu.pl\/wp-content\/uploads\/2024\/10\/IMG-4320-300x225.jpg 300w, https:\/\/kzt.usz.edu.pl\/wp-content\/uploads\/2024\/10\/IMG-4320-768x576.jpg 768w, https:\/\/kzt.usz.edu.pl\/wp-content\/uploads\/2024\/10\/IMG-4320-1536x1152.jpg 1536w, https:\/\/kzt.usz.edu.pl\/wp-content\/uploads\/2024\/10\/IMG-4320-2048x1536.jpg 2048w\" sizes=\"auto, (max-width: 1024px) 100vw, 1024px\" \/><\/a><\/figure>\n<\/figure>\n","protected":false},"excerpt":{"rendered":"<p>W dniach 16-17 wrze\u015bnia 2024 r. w Warszawie odby\u0142a si\u0119 konferencja EuroTrans 2024 pod has\u0142em \u201eNowe ramy funkcjonowania sektor\u00f3w mobilno\u015bci i logistyki\u201d. Wydarzenie to zgromadzi\u0142o wybitnych specjalist\u00f3w oraz przedstawicieli \u015bwiata nauki i biznesu, a organizatorami byli Uniwersytet Szczeci\u0144ski, Szko\u0142a G\u0142\u00f3wna &hellip; <\/p>\n","protected":false},"author":1,"featured_media":1214,"comment_status":"closed","ping_status":"open","sticky":false,"template":"","format":"standard","meta":{"footnotes":""},"categories":[3],"tags":[],"class_list":["post-1212","post","type-post","status-publish","format-standard","has-post-thumbnail","hentry","category-newsroom"],"_links":{"self":[{"href":"https:\/\/kzt.usz.edu.pl\/index.php\/wp-json\/wp\/v2\/posts\/1212","targetHints":{"allow":["GET"]}}],"collection":[{"href":"https:\/\/kzt.usz.edu.pl\/index.php\/wp-json\/wp\/v2\/posts"}],"about":[{"href":"https:\/\/kzt.usz.edu.pl\/index.php\/wp-json\/wp\/v2\/types\/post"}],"author":[{"embeddable":true,"href":"https:\/\/kzt.usz.edu.pl\/index.php\/wp-json\/wp\/v2\/users\/1"}],"replies":[{"embeddable":true,"href":"https:\/\/kzt.usz.edu.pl\/index.php\/wp-json\/wp\/v2\/comments?post=1212"}],"version-history":[{"count":3,"href":"https:\/\/kzt.usz.edu.pl\/index.php\/wp-json\/wp\/v2\/posts\/1212\/revisions"}],"predecessor-version":[{"id":1652,"href":"https:\/\/kzt.usz.edu.pl\/index.php\/wp-json\/wp\/v2\/posts\/1212\/revisions\/1652"}],"wp:featuredmedia":[{"embeddable":true,"href":"https:\/\/kzt.usz.edu.pl\/index.php\/wp-json\/wp\/v2\/media\/1214"}],"wp:attachment":[{"href":"https:\/\/kzt.usz.edu.pl\/index.php\/wp-json\/wp\/v2\/media?parent=1212"}],"wp:term":[{"taxonomy":"category","embeddable":true,"href":"https:\/\/kzt.usz.edu.pl\/index.php\/wp-json\/wp\/v2\/categories?post=1212"},{"taxonomy":"post_tag","embeddable":true,"href":"https:\/\/kzt.usz.edu.pl\/index.php\/wp-json\/wp\/v2\/tags?post=1212"}],"curies":[{"name":"wp","href":"https:\/\/api.w.org\/{rel}","templated":true}]}}