{"id":1216,"date":"2024-10-14T17:27:21","date_gmt":"2024-10-14T15:27:21","guid":{"rendered":"https:\/\/kzt.usz.edu.pl\/?p=1216"},"modified":"2024-11-19T14:21:26","modified_gmt":"2024-11-19T13:21:26","slug":"kongres-intermodal-in-poland-north-south-2024","status":"publish","type":"post","link":"https:\/\/kzt.usz.edu.pl\/index.php\/kongres-intermodal-in-poland-north-south-2024\/","title":{"rendered":"Kongres Intermodal In Poland North-South 2024"},"content":{"rendered":"\n<p class=\"wp-block-paragraph\"><p align=\"justify\">W dniach 19-20 wrze\u015bnia 2024 r. w Szczecinie odby\u0142 si\u0119 Kongres Intermodal In Poland North-South 2024. W wydarzeniu wzi\u0105\u0142 udzia\u0142 dr in\u017c. Damian Bonk, reprezentuj\u0105cy Katedr\u0119 Zarz\u0105dzania Transportem Uniwersytetu Szczeci\u0144skiego.<\/p><\/p>\n\n\n\n<p class=\"wp-block-paragraph\"><p align=\"justify\">Kongres zgromadzi\u0142 kluczowych przedstawicieli sektora transportu i logistyki, a jego g\u0142\u00f3wnym celem by\u0142a dyskusja na temat roli transportu intermodalnego w po\u0142\u0105czeniach na osi p\u00f3\u0142noc-po\u0142udnie, zar\u00f3wno w kontek\u015bcie krajowym, jak i mi\u0119dzynarodowym. W programie wydarzenia znalaz\u0142y si\u0119 panele po\u015bwi\u0119cone rozwojowi infrastruktury, nowym technologiom wspieraj\u0105cym transport intermodalny oraz strategiom poprawy efektywno\u015bci logistycznej.<\/p><\/p>\n\n\n\n<p class=\"wp-block-paragraph\"><p align=\"justify\">Udzia\u0142 dr in\u017c. Damiana Bonka umo\u017cliwi\u0142 aktywne zaanga\u017cowanie w debaty na temat przysz\u0142o\u015bci transportu intermodalnego w Polsce, a tak\u017ce wymian\u0119 do\u015bwiadcze\u0144 z liderami bran\u017cy i przedstawicielami \u015bwiata nauki. Kongres stanowi\u0142 cenne forum do nawi\u0105zywania kontakt\u00f3w oraz poszerzania wiedzy w zakresie innowacyjnych rozwi\u0105za\u0144 logistycznych.<\/p><\/p>\n","protected":false},"excerpt":{"rendered":"<p>W dniach 19-20 wrze\u015bnia 2024 r. w Szczecinie odby\u0142 si\u0119 Kongres Intermodal In Poland North-South 2024. W wydarzeniu wzi\u0105\u0142 udzia\u0142 dr in\u017c. Damian Bonk, reprezentuj\u0105cy Katedr\u0119 Zarz\u0105dzania Transportem Uniwersytetu Szczeci\u0144skiego. Kongres zgromadzi\u0142 kluczowych przedstawicieli sektora transportu i logistyki, a jego &hellip; <\/p>\n","protected":false},"author":1,"featured_media":1217,"comment_status":"closed","ping_status":"open","sticky":false,"template":"","format":"standard","meta":{"footnotes":""},"categories":[3],"tags":[],"class_list":["post-1216","post","type-post","status-publish","format-standard","has-post-thumbnail","hentry","category-newsroom"],"_links":{"self":[{"href":"https:\/\/kzt.usz.edu.pl\/index.php\/wp-json\/wp\/v2\/posts\/1216","targetHints":{"allow":["GET"]}}],"collection":[{"href":"https:\/\/kzt.usz.edu.pl\/index.php\/wp-json\/wp\/v2\/posts"}],"about":[{"href":"https:\/\/kzt.usz.edu.pl\/index.php\/wp-json\/wp\/v2\/types\/post"}],"author":[{"embeddable":true,"href":"https:\/\/kzt.usz.edu.pl\/index.php\/wp-json\/wp\/v2\/users\/1"}],"replies":[{"embeddable":true,"href":"https:\/\/kzt.usz.edu.pl\/index.php\/wp-json\/wp\/v2\/comments?post=1216"}],"version-history":[{"count":2,"href":"https:\/\/kzt.usz.edu.pl\/index.php\/wp-json\/wp\/v2\/posts\/1216\/revisions"}],"predecessor-version":[{"id":1226,"href":"https:\/\/kzt.usz.edu.pl\/index.php\/wp-json\/wp\/v2\/posts\/1216\/revisions\/1226"}],"wp:featuredmedia":[{"embeddable":true,"href":"https:\/\/kzt.usz.edu.pl\/index.php\/wp-json\/wp\/v2\/media\/1217"}],"wp:attachment":[{"href":"https:\/\/kzt.usz.edu.pl\/index.php\/wp-json\/wp\/v2\/media?parent=1216"}],"wp:term":[{"taxonomy":"category","embeddable":true,"href":"https:\/\/kzt.usz.edu.pl\/index.php\/wp-json\/wp\/v2\/categories?post=1216"},{"taxonomy":"post_tag","embeddable":true,"href":"https:\/\/kzt.usz.edu.pl\/index.php\/wp-json\/wp\/v2\/tags?post=1216"}],"curies":[{"name":"wp","href":"https:\/\/api.w.org\/{rel}","templated":true}]}}