{"id":1327,"date":"2024-10-28T17:40:31","date_gmt":"2024-10-28T16:40:31","guid":{"rendered":"https:\/\/kzt.usz.edu.pl\/?p=1327"},"modified":"2024-11-19T14:21:01","modified_gmt":"2024-11-19T13:21:01","slug":"prelekcja-pana-dr-hab-michala-plucinskiego-prof-us-na-zaproszenie-ministerstwa-infrastruktury","status":"publish","type":"post","link":"https:\/\/kzt.usz.edu.pl\/index.php\/prelekcja-pana-dr-hab-michala-plucinskiego-prof-us-na-zaproszenie-ministerstwa-infrastruktury\/","title":{"rendered":"Prelekcja Pana dr hab. Micha\u0142a Pluci\u0144skiego, prof. US na zaproszenie Ministerstwa Infrastruktury"},"content":{"rendered":"\n<p align=\"justify\">W dniu 17 pa\u017adziernika 2024 r. w Hotelu Ibis Styles Szczecin Stare Miasto odby\u0142a si\u0119 druga edycja warsztat\u00f3w z udzia\u0142em interesariuszy \u017ceglugi \u015br\u00f3dl\u0105dowej, zorganizowana przez Ministerstwo Infrastruktury. Spotkanie mia\u0142o na celu pog\u0142\u0119bienie wiedzy na temat perspektyw i wyzwa\u0144 zwi\u0105zanych z rozwojem transportu wodnego \u015br\u00f3dl\u0105dowego w Polsce i na \u015bwiecie.<\/p>\n\n\n\n<p align=\"justify\">W uznaniu dla wk\u0142adu naukowego Uniwersytetu Szczeci\u0144skiego w t\u0119 dziedzin\u0119, szczeg\u00f3lnie dorobku Katedry Zarz\u0105dzania Transportem, dr hab. Micha\u0142 Pluci\u0144ski, prof. US zosta\u0142 poproszony o wyg\u0142oszenie prelekcji. W prezentacji pt. <b>\u201eTransport wodny \u015br\u00f3dl\u0105dowy w dorobku naukowo-badawczym pracownik\u00f3w Uniwersytetu Szczeci\u0144skiego. Kszta\u0142cenie kadr transportowych\u201d<\/b>, przygotowanej we wsp\u00f3\u0142autorstwie z dr hab. Mart\u0105 Ma\u0144kowsk\u0105, Kierownik Katedry Zarz\u0105dzania Transportem przedstawi\u0142 kluczowe osi\u0105gni\u0119cia badawcze i dydaktyczne zwi\u0105zane z transportem wodnym \u015br\u00f3dl\u0105dowym. Zarysowa\u0142 sylwetk\u0119 oraz dorobek <strong>prof. Franciszka Gronowskiego<\/strong>, kt\u00f3ry odegra\u0142 istotn\u0105 rol\u0119 w rozwoju tego obszaru badawczego w XX w i XXI w. Nie zabrak\u0142o tak\u017ce prezentacji aktualnego dorobku naukowego i projektowego Katedry Zarz\u0105dzania Transportem oraz ich sylwetek. Opr\u00f3cz tego, zosta\u0142y przybli\u017cone programy dydaktyczne Wydzia\u0142u Ekonomii, Finans\u00f3w i Zarz\u0105dzania Uniwersytetu Szczeci\u0144skiego, w ramach kt\u00f3rych kszta\u0142ci si\u0119 przysz\u0142e kadry dla transportu, mi\u0119dzy innymi wodnego \u015br\u00f3dl\u0105dowego. Zaprezentowana oferta kierunk\u00f3w logistycznych oraz specjalno\u015bci transportowych cieszy\u0142a si\u0119 du\u017cym zainteresowaniem w\u015br\u00f3d uczestnik\u00f3w prelekcji.<\/p>\n\n\n\n<p class=\"wp-block-paragraph\"><p align=\"justify\">Warsztaty skierowane by\u0142y do uczni\u00f3w i kadry dydaktycznej trzech szk\u00f3\u0142 bran\u017cowych: Technikum \u017beglugi \u015ar\u00f3dl\u0105dowej we Wroc\u0142awiu, Zespo\u0142u Szk\u00f3\u0142 \u017beglugi \u015ar\u00f3dl\u0105dowej im. Bohater\u00f3w Westerplatte w K\u0119dzierzynie-Ko\u017alu oraz Zespo\u0142u Szk\u00f3\u0142 \u017beglugi \u015ar\u00f3dl\u0105dowej im. kmdr. Boles\u0142awa Romanowskiego w Nakle nad Noteci\u0105. Celem inicjatywy by\u0142o nie tylko ukazanie znaczenia transportu wodnego \u015br\u00f3dl\u0105dowego w Polsce, ale r\u00f3wnie\u017c inspirowanie i wsparcie m\u0142odych ludzi w wyborze \u015bcie\u017cki kariery w tej rozwijaj\u0105cej si\u0119 bran\u017cy.<\/p><\/p>\n\n\n\n<p class=\"wp-block-paragraph\"><\/p>\n","protected":false},"excerpt":{"rendered":"<p>W dniu 17 pa\u017adziernika 2024 r. w Hotelu Ibis Styles Szczecin Stare Miasto odby\u0142a si\u0119 druga edycja warsztat\u00f3w z udzia\u0142em interesariuszy \u017ceglugi \u015br\u00f3dl\u0105dowej, zorganizowana przez Ministerstwo Infrastruktury. Spotkanie mia\u0142o na celu pog\u0142\u0119bienie wiedzy na temat perspektyw i wyzwa\u0144 zwi\u0105zanych z &hellip; <\/p>\n","protected":false},"author":1,"featured_media":1328,"comment_status":"closed","ping_status":"open","sticky":false,"template":"","format":"standard","meta":{"footnotes":""},"categories":[3],"tags":[],"class_list":["post-1327","post","type-post","status-publish","format-standard","has-post-thumbnail","hentry","category-newsroom"],"_links":{"self":[{"href":"https:\/\/kzt.usz.edu.pl\/index.php\/wp-json\/wp\/v2\/posts\/1327","targetHints":{"allow":["GET"]}}],"collection":[{"href":"https:\/\/kzt.usz.edu.pl\/index.php\/wp-json\/wp\/v2\/posts"}],"about":[{"href":"https:\/\/kzt.usz.edu.pl\/index.php\/wp-json\/wp\/v2\/types\/post"}],"author":[{"embeddable":true,"href":"https:\/\/kzt.usz.edu.pl\/index.php\/wp-json\/wp\/v2\/users\/1"}],"replies":[{"embeddable":true,"href":"https:\/\/kzt.usz.edu.pl\/index.php\/wp-json\/wp\/v2\/comments?post=1327"}],"version-history":[{"count":8,"href":"https:\/\/kzt.usz.edu.pl\/index.php\/wp-json\/wp\/v2\/posts\/1327\/revisions"}],"predecessor-version":[{"id":1336,"href":"https:\/\/kzt.usz.edu.pl\/index.php\/wp-json\/wp\/v2\/posts\/1327\/revisions\/1336"}],"wp:featuredmedia":[{"embeddable":true,"href":"https:\/\/kzt.usz.edu.pl\/index.php\/wp-json\/wp\/v2\/media\/1328"}],"wp:attachment":[{"href":"https:\/\/kzt.usz.edu.pl\/index.php\/wp-json\/wp\/v2\/media?parent=1327"}],"wp:term":[{"taxonomy":"category","embeddable":true,"href":"https:\/\/kzt.usz.edu.pl\/index.php\/wp-json\/wp\/v2\/categories?post=1327"},{"taxonomy":"post_tag","embeddable":true,"href":"https:\/\/kzt.usz.edu.pl\/index.php\/wp-json\/wp\/v2\/tags?post=1327"}],"curies":[{"name":"wp","href":"https:\/\/api.w.org\/{rel}","templated":true}]}}