{"id":1393,"date":"2024-11-20T23:13:53","date_gmt":"2024-11-20T22:13:53","guid":{"rendered":"https:\/\/kzt.usz.edu.pl\/?p=1393"},"modified":"2024-11-27T23:20:49","modified_gmt":"2024-11-27T22:20:49","slug":"wizyta-prof-adama-pawlicza-i-dr-arkadiusza-drewnowskiego-na-seminarium-drogowym","status":"publish","type":"post","link":"https:\/\/kzt.usz.edu.pl\/index.php\/wizyta-prof-adama-pawlicza-i-dr-arkadiusza-drewnowskiego-na-seminarium-drogowym\/","title":{"rendered":"Wizyta prof. Adama Pawlicza i dr Arkadiusza Drewnowskiego na Seminarium Drogowym"},"content":{"rendered":"\n<p class=\"wp-block-paragraph\" align=\"justify\">14 listopada 2024 roku w gmachu Wydzia\u0142u Budownictwa i In\u017cynierii \u015arodowiska Zachodniopomorskiego Uniwersytetu Technologicznego odby\u0142o si\u0119 Seminarium Drogowe. W wydarzeniu wzi\u0119li udzia\u0142 prof. Adam Pawlicz oraz dr Arkadiusz Drewnowski. Organizatorem seminarium by\u0142o Stowarzyszenie In\u017cynier\u00f3w i Technik\u00f3w Komunikacji RP Oddzia\u0142 w Szczecinie, Generalna Dyrekcja Dr\u00f3g Krajowych i Autostrad Oddzia\u0142 w Szczecinie, Zachodniopomorska Okr\u0119gowa Izba In\u017cynier\u00f3w Budownictwa, Wydzia\u0142 Budownictwa i In\u017cynierii \u015arodowiska ZUT oraz PIP Okr\u0119gowy Inspektorat Pracy w Szczecinie.<\/p>\n\n\n\n<p class=\"wp-block-paragraph\" align=\"justify\">Podczas seminarium przedstawiono interesuj\u0105ce referaty na temat Szczeci\u0144skiej Kolei Metropolitalnej, rozbudowy sieci dr\u00f3g krajowych w wojew\u00f3dztwie zachodniopomorskim oraz nasuwania mostu w Wolinie w ci\u0105gu drogi S3. Referaty spotka\u0142y si\u0119 z du\u017cym zainteresowaniem uczestnik\u00f3w. W czasie przerw mo\u017cna by\u0142o wymieni\u0107 do\u015bwiadczenia z pracownikami innych uczelni oraz przedstawicielami praktyki gospodarczej.<\/p>\n\n\n\n<p class=\"wp-block-paragraph\" align=\"justify\">Z rado\u015bci\u0105 informujemy, \u017ce nasz kolega z Instytutu Zarz\u0105dzania, dr Andrzej Rzeczycki, otrzyma\u0142 podczas seminarium nagrod\u0119 &#8222;Zachodniopomorskie Skrzyd\u0142a Edukacji&#8221;. Serdecznie gratulujemy!<\/p>\n\n\n\n<p class=\"wp-block-paragraph\"><\/p>\n","protected":false},"excerpt":{"rendered":"<p>14 listopada 2024 roku w gmachu Wydzia\u0142u Budownictwa i In\u017cynierii \u015arodowiska Zachodniopomorskiego Uniwersytetu Technologicznego odby\u0142o si\u0119 Seminarium Drogowe. W wydarzeniu wzi\u0119li udzia\u0142 prof. Adam Pawlicz oraz dr Arkadiusz Drewnowski. Organizatorem seminarium by\u0142o Stowarzyszenie In\u017cynier\u00f3w i Technik\u00f3w Komunikacji RP Oddzia\u0142 w &hellip; <\/p>\n","protected":false},"author":1,"featured_media":1394,"comment_status":"closed","ping_status":"closed","sticky":false,"template":"","format":"standard","meta":{"footnotes":""},"categories":[3],"tags":[],"class_list":["post-1393","post","type-post","status-publish","format-standard","has-post-thumbnail","hentry","category-newsroom"],"_links":{"self":[{"href":"https:\/\/kzt.usz.edu.pl\/index.php\/wp-json\/wp\/v2\/posts\/1393","targetHints":{"allow":["GET"]}}],"collection":[{"href":"https:\/\/kzt.usz.edu.pl\/index.php\/wp-json\/wp\/v2\/posts"}],"about":[{"href":"https:\/\/kzt.usz.edu.pl\/index.php\/wp-json\/wp\/v2\/types\/post"}],"author":[{"embeddable":true,"href":"https:\/\/kzt.usz.edu.pl\/index.php\/wp-json\/wp\/v2\/users\/1"}],"replies":[{"embeddable":true,"href":"https:\/\/kzt.usz.edu.pl\/index.php\/wp-json\/wp\/v2\/comments?post=1393"}],"version-history":[{"count":1,"href":"https:\/\/kzt.usz.edu.pl\/index.php\/wp-json\/wp\/v2\/posts\/1393\/revisions"}],"predecessor-version":[{"id":1395,"href":"https:\/\/kzt.usz.edu.pl\/index.php\/wp-json\/wp\/v2\/posts\/1393\/revisions\/1395"}],"wp:featuredmedia":[{"embeddable":true,"href":"https:\/\/kzt.usz.edu.pl\/index.php\/wp-json\/wp\/v2\/media\/1394"}],"wp:attachment":[{"href":"https:\/\/kzt.usz.edu.pl\/index.php\/wp-json\/wp\/v2\/media?parent=1393"}],"wp:term":[{"taxonomy":"category","embeddable":true,"href":"https:\/\/kzt.usz.edu.pl\/index.php\/wp-json\/wp\/v2\/categories?post=1393"},{"taxonomy":"post_tag","embeddable":true,"href":"https:\/\/kzt.usz.edu.pl\/index.php\/wp-json\/wp\/v2\/tags?post=1393"}],"curies":[{"name":"wp","href":"https:\/\/api.w.org\/{rel}","templated":true}]}}