{"id":1407,"date":"2024-11-28T13:20:00","date_gmt":"2024-11-28T12:20:00","guid":{"rendered":"https:\/\/kzt.usz.edu.pl\/?p=1407"},"modified":"2024-12-18T15:45:13","modified_gmt":"2024-12-18T14:45:13","slug":"relacja-z-zajec-z-ekspertem-w-ramach-przedmiotu-transport-w-handlu-miedzynarodowym","status":"publish","type":"post","link":"https:\/\/kzt.usz.edu.pl\/index.php\/relacja-z-zajec-z-ekspertem-w-ramach-przedmiotu-transport-w-handlu-miedzynarodowym\/","title":{"rendered":"Relacja z zaj\u0119\u0107 z ekspertem w ramach przedmiotu TRANSPORT W HANDLU MI\u0118DZYNARODOWYM"},"content":{"rendered":"\n<p class=\"wp-block-paragraph\" align=\"justify\">13 listopada 2024 r. studenci II roku kierunku LOGISTYKA IN\u017bYNIERSKA uczestniczyli w wyj\u0105tkowych zaj\u0119ciach z przedmiotu TRANSPORT W HANDLU MI\u0118DZYNARODOWYM, podczas kt\u00f3rych go\u015bcili\u015bmy Pani\u0105 Ilon\u0119 Jass\u0119 \u2013 w\u0142a\u015bcicielk\u0119 firmy Interpoint oraz winnicy Jassa. Opiekunem zaj\u0119\u0107 by\u0142a dr Marta Sidorkiewicz. &nbsp;<\/p>\n\n\n\n<p class=\"wp-block-paragraph\" align=\"justify\">Pani Ilona Jassa, bazuj\u0105c na wieloletnim do\u015bwiadczeniu w imporcie towar\u00f3w z Dalekiego i Bliskiego Wschodu oraz eksporcie polskich produkt\u00f3w na rynki globalne, przybli\u017cy\u0142a studentom profil dzia\u0142alno\u015bci swojej firmy. Podzieli\u0142a si\u0119 tak\u017ce praktyczn\u0105 wiedz\u0105 na temat wyzwa\u0144, jakie niesie praca w bran\u017cy importowo-eksportowej. &nbsp;<\/p>\n\n\n\n<p class=\"wp-block-paragraph\" align=\"justify\">Ekspertka om\u00f3wi\u0142a kluczowe aspekty wsp\u00f3\u0142pracy mi\u0119dzynarodowej, takie jak budowanie relacji z kooperantami, organizacja niezawodnej logistyki oraz sta\u0142a analiza zmieniaj\u0105cych si\u0119 warunk\u00f3w rynkowych. Szczeg\u00f3ln\u0105 uwag\u0119 po\u015bwi\u0119ci\u0142a roli elastyczno\u015bci i innowacyjno\u015bci w sprostaniu wymaganiom globalnego handlu. &nbsp;<\/p>\n\n\n\n<p class=\"wp-block-paragraph\" align=\"justify\">Spotkanie by\u0142o cennym do\u015bwiadczeniem, kt\u00f3re pozwoli\u0142o studentom lepiej zrozumie\u0107 praktyczne aspekty transportu i handlu mi\u0119dzynarodowego. Serdecznie dzi\u0119kujemy Pani Ilonie Jassa za podzielenie si\u0119 swoj\u0105 wiedz\u0105 oraz inspiruj\u0105ce wskaz\u00f3wki dla przysz\u0142ych specjalist\u00f3w w bran\u017cy transportowej i logistycznej.<\/p>\n\n\n\n<p class=\"wp-block-paragraph\"><\/p>\n","protected":false},"excerpt":{"rendered":"<p>13 listopada 2024 r. studenci II roku kierunku LOGISTYKA IN\u017bYNIERSKA uczestniczyli w wyj\u0105tkowych zaj\u0119ciach z przedmiotu TRANSPORT W HANDLU MI\u0118DZYNARODOWYM, podczas kt\u00f3rych go\u015bcili\u015bmy Pani\u0105 Ilon\u0119 Jass\u0119 \u2013 w\u0142a\u015bcicielk\u0119 firmy Interpoint oraz winnicy Jassa. Opiekunem zaj\u0119\u0107 by\u0142a dr Marta Sidorkiewicz. &nbsp; &hellip; <\/p>\n","protected":false},"author":1,"featured_media":1454,"comment_status":"closed","ping_status":"open","sticky":false,"template":"","format":"standard","meta":{"footnotes":""},"categories":[3],"tags":[],"class_list":["post-1407","post","type-post","status-publish","format-standard","has-post-thumbnail","hentry","category-newsroom"],"_links":{"self":[{"href":"https:\/\/kzt.usz.edu.pl\/index.php\/wp-json\/wp\/v2\/posts\/1407","targetHints":{"allow":["GET"]}}],"collection":[{"href":"https:\/\/kzt.usz.edu.pl\/index.php\/wp-json\/wp\/v2\/posts"}],"about":[{"href":"https:\/\/kzt.usz.edu.pl\/index.php\/wp-json\/wp\/v2\/types\/post"}],"author":[{"embeddable":true,"href":"https:\/\/kzt.usz.edu.pl\/index.php\/wp-json\/wp\/v2\/users\/1"}],"replies":[{"embeddable":true,"href":"https:\/\/kzt.usz.edu.pl\/index.php\/wp-json\/wp\/v2\/comments?post=1407"}],"version-history":[{"count":1,"href":"https:\/\/kzt.usz.edu.pl\/index.php\/wp-json\/wp\/v2\/posts\/1407\/revisions"}],"predecessor-version":[{"id":1409,"href":"https:\/\/kzt.usz.edu.pl\/index.php\/wp-json\/wp\/v2\/posts\/1407\/revisions\/1409"}],"wp:featuredmedia":[{"embeddable":true,"href":"https:\/\/kzt.usz.edu.pl\/index.php\/wp-json\/wp\/v2\/media\/1454"}],"wp:attachment":[{"href":"https:\/\/kzt.usz.edu.pl\/index.php\/wp-json\/wp\/v2\/media?parent=1407"}],"wp:term":[{"taxonomy":"category","embeddable":true,"href":"https:\/\/kzt.usz.edu.pl\/index.php\/wp-json\/wp\/v2\/categories?post=1407"},{"taxonomy":"post_tag","embeddable":true,"href":"https:\/\/kzt.usz.edu.pl\/index.php\/wp-json\/wp\/v2\/tags?post=1407"}],"curies":[{"name":"wp","href":"https:\/\/api.w.org\/{rel}","templated":true}]}}