{"id":1455,"date":"2024-12-19T10:50:10","date_gmt":"2024-12-19T09:50:10","guid":{"rendered":"https:\/\/kzt.usz.edu.pl\/index.php\/wizyta-studentow-w-netto-arenie\/"},"modified":"2024-12-20T10:56:51","modified_gmt":"2024-12-20T09:56:51","slug":"wizyta-studentow-w-netto-arenie","status":"publish","type":"post","link":"https:\/\/kzt.usz.edu.pl\/index.php\/wizyta-studentow-w-netto-arenie\/","title":{"rendered":"Wizyta student\u00f3w w Netto Arenie"},"content":{"rendered":"\n<p class=\"wp-block-paragraph\" align=\"justify\">11 grudnia studenci kierunku <strong>Business Management<\/strong>&nbsp;z Katedry Zarz\u0105dzania wraz z prof. Adamem Pawliczem mieli okazj\u0119 odwiedzi\u0107 <strong>Netto Aren\u0119<\/strong>&nbsp;\u2013 jedno z najwa\u017cniejszych miejsc na mapie wydarze\u0144 w Szczecinie. Obiekt ten go\u015bci liczne koncerty, wydarzenia sportowe oraz imprezy kulturalne o zasi\u0119gu regionalnym i og\u00f3lnopolskim.<\/p>\n\n\n\n<figure class=\"wp-block-image size-full\"><img loading=\"lazy\" decoding=\"async\" width=\"2560\" height=\"1440\" src=\"https:\/\/kzt.usz.edu.pl\/wp-content\/uploads\/2024\/12\/wizyta-netto-arena4-scaled.jpg\" alt=\"\" class=\"wp-image-1458\" srcset=\"https:\/\/kzt.usz.edu.pl\/wp-content\/uploads\/2024\/12\/wizyta-netto-arena4-scaled.jpg 2560w, https:\/\/kzt.usz.edu.pl\/wp-content\/uploads\/2024\/12\/wizyta-netto-arena4-300x169.jpg 300w, https:\/\/kzt.usz.edu.pl\/wp-content\/uploads\/2024\/12\/wizyta-netto-arena4-1024x576.jpg 1024w, https:\/\/kzt.usz.edu.pl\/wp-content\/uploads\/2024\/12\/wizyta-netto-arena4-768x432.jpg 768w, https:\/\/kzt.usz.edu.pl\/wp-content\/uploads\/2024\/12\/wizyta-netto-arena4-1536x864.jpg 1536w, https:\/\/kzt.usz.edu.pl\/wp-content\/uploads\/2024\/12\/wizyta-netto-arena4-2048x1152.jpg 2048w\" sizes=\"auto, (max-width: 2560px) 100vw, 2560px\" \/><\/figure>\n\n\n\n<figure class=\"wp-block-image size-full\"><img loading=\"lazy\" decoding=\"async\" width=\"2560\" height=\"1440\" src=\"https:\/\/kzt.usz.edu.pl\/wp-content\/uploads\/2024\/12\/wizyta-netto-arena3-scaled.jpg\" alt=\"\" class=\"wp-image-1457\" srcset=\"https:\/\/kzt.usz.edu.pl\/wp-content\/uploads\/2024\/12\/wizyta-netto-arena3-scaled.jpg 2560w, https:\/\/kzt.usz.edu.pl\/wp-content\/uploads\/2024\/12\/wizyta-netto-arena3-300x169.jpg 300w, https:\/\/kzt.usz.edu.pl\/wp-content\/uploads\/2024\/12\/wizyta-netto-arena3-1024x576.jpg 1024w, https:\/\/kzt.usz.edu.pl\/wp-content\/uploads\/2024\/12\/wizyta-netto-arena3-768x432.jpg 768w, https:\/\/kzt.usz.edu.pl\/wp-content\/uploads\/2024\/12\/wizyta-netto-arena3-1536x864.jpg 1536w, https:\/\/kzt.usz.edu.pl\/wp-content\/uploads\/2024\/12\/wizyta-netto-arena3-2048x1152.jpg 2048w\" sizes=\"auto, (max-width: 2560px) 100vw, 2560px\" \/><\/figure>\n\n\n\n<p class=\"wp-block-paragraph\" align=\"justify\">Podczas wizyty mieli\u015bmy mo\u017cliwo\u015b\u0107 zobaczy\u0107 kulisy funkcjonowania obiektu, w tym <strong>backstage<\/strong>&nbsp;\u2013 szatnie dla wyst\u0119puj\u0105cych gwiazd oraz ekskluzywne <strong>lo\u017ce<\/strong>. Naszym przewodnikiem by\u0142a pani <strong>Karolina Pawelec<\/strong>, odpowiedzialna za kontakty z organizatorami wydarze\u0144, kt\u00f3ra podzieli\u0142a si\u0119 cennymi informacjami na temat zarz\u0105dzania przestrzeni\u0105 i logistyk\u0105 obiektu.<\/p>\n\n\n\n<figure class=\"wp-block-image size-full\"><img loading=\"lazy\" decoding=\"async\" width=\"2560\" height=\"1440\" src=\"https:\/\/kzt.usz.edu.pl\/wp-content\/uploads\/2024\/12\/wizyta-netto-arena2-scaled.jpg\" alt=\"\" class=\"wp-image-1459\" srcset=\"https:\/\/kzt.usz.edu.pl\/wp-content\/uploads\/2024\/12\/wizyta-netto-arena2-scaled.jpg 2560w, https:\/\/kzt.usz.edu.pl\/wp-content\/uploads\/2024\/12\/wizyta-netto-arena2-300x169.jpg 300w, https:\/\/kzt.usz.edu.pl\/wp-content\/uploads\/2024\/12\/wizyta-netto-arena2-1024x576.jpg 1024w, https:\/\/kzt.usz.edu.pl\/wp-content\/uploads\/2024\/12\/wizyta-netto-arena2-768x432.jpg 768w, https:\/\/kzt.usz.edu.pl\/wp-content\/uploads\/2024\/12\/wizyta-netto-arena2-1536x864.jpg 1536w, https:\/\/kzt.usz.edu.pl\/wp-content\/uploads\/2024\/12\/wizyta-netto-arena2-2048x1152.jpg 2048w\" sizes=\"auto, (max-width: 2560px) 100vw, 2560px\" \/><\/figure>\n\n\n\n<figure class=\"wp-block-image size-full\"><img loading=\"lazy\" decoding=\"async\" width=\"2560\" height=\"1440\" src=\"https:\/\/kzt.usz.edu.pl\/wp-content\/uploads\/2024\/12\/wizyta-netto-arena-scaled.jpg\" alt=\"\" class=\"wp-image-1456\" srcset=\"https:\/\/kzt.usz.edu.pl\/wp-content\/uploads\/2024\/12\/wizyta-netto-arena-scaled.jpg 2560w, https:\/\/kzt.usz.edu.pl\/wp-content\/uploads\/2024\/12\/wizyta-netto-arena-300x169.jpg 300w, https:\/\/kzt.usz.edu.pl\/wp-content\/uploads\/2024\/12\/wizyta-netto-arena-1024x576.jpg 1024w, https:\/\/kzt.usz.edu.pl\/wp-content\/uploads\/2024\/12\/wizyta-netto-arena-768x432.jpg 768w, https:\/\/kzt.usz.edu.pl\/wp-content\/uploads\/2024\/12\/wizyta-netto-arena-1536x864.jpg 1536w, https:\/\/kzt.usz.edu.pl\/wp-content\/uploads\/2024\/12\/wizyta-netto-arena-2048x1152.jpg 2048w\" sizes=\"auto, (max-width: 2560px) 100vw, 2560px\" \/><\/figure>\n\n\n\n<p class=\"wp-block-paragraph\" align=\"justify\">Pani Pawelec odpowiedzia\u0142a na wiele pyta\u0144 dotycz\u0105cych logistyki organizacji du\u017cych wydarze\u0144, wskaza\u0142a na specyfik\u0119 pracy w tego typu obiektach oraz opowiedzia\u0142a o kontaktach z artystami.<\/p>\n\n\n\n<p class=\"wp-block-paragraph\" align=\"justify\">Wizyta by\u0142a doskona\u0142\u0105 okazj\u0105 do poznania praktycznych aspekt\u00f3w zarz\u0105dzania oraz inspiruj\u0105cym do\u015bwiadczeniem dla wszystkich uczestnik\u00f3w.<\/p>\n\n\n\n<p class=\"wp-block-paragraph\"><\/p>\n","protected":false},"excerpt":{"rendered":"<p>11 grudnia studenci kierunku Business Management&nbsp;z Katedry Zarz\u0105dzania wraz z prof. Adamem Pawliczem mieli okazj\u0119 odwiedzi\u0107 Netto Aren\u0119&nbsp;\u2013 jedno z najwa\u017cniejszych miejsc na mapie wydarze\u0144 w Szczecinie. Obiekt ten go\u015bci liczne koncerty, wydarzenia sportowe oraz imprezy kulturalne o zasi\u0119gu regionalnym &hellip; <\/p>\n","protected":false},"author":1,"featured_media":1456,"comment_status":"closed","ping_status":"open","sticky":false,"template":"","format":"standard","meta":{"footnotes":""},"categories":[3],"tags":[],"class_list":["post-1455","post","type-post","status-publish","format-standard","has-post-thumbnail","hentry","category-newsroom"],"_links":{"self":[{"href":"https:\/\/kzt.usz.edu.pl\/index.php\/wp-json\/wp\/v2\/posts\/1455","targetHints":{"allow":["GET"]}}],"collection":[{"href":"https:\/\/kzt.usz.edu.pl\/index.php\/wp-json\/wp\/v2\/posts"}],"about":[{"href":"https:\/\/kzt.usz.edu.pl\/index.php\/wp-json\/wp\/v2\/types\/post"}],"author":[{"embeddable":true,"href":"https:\/\/kzt.usz.edu.pl\/index.php\/wp-json\/wp\/v2\/users\/1"}],"replies":[{"embeddable":true,"href":"https:\/\/kzt.usz.edu.pl\/index.php\/wp-json\/wp\/v2\/comments?post=1455"}],"version-history":[{"count":4,"href":"https:\/\/kzt.usz.edu.pl\/index.php\/wp-json\/wp\/v2\/posts\/1455\/revisions"}],"predecessor-version":[{"id":1463,"href":"https:\/\/kzt.usz.edu.pl\/index.php\/wp-json\/wp\/v2\/posts\/1455\/revisions\/1463"}],"wp:featuredmedia":[{"embeddable":true,"href":"https:\/\/kzt.usz.edu.pl\/index.php\/wp-json\/wp\/v2\/media\/1456"}],"wp:attachment":[{"href":"https:\/\/kzt.usz.edu.pl\/index.php\/wp-json\/wp\/v2\/media?parent=1455"}],"wp:term":[{"taxonomy":"category","embeddable":true,"href":"https:\/\/kzt.usz.edu.pl\/index.php\/wp-json\/wp\/v2\/categories?post=1455"},{"taxonomy":"post_tag","embeddable":true,"href":"https:\/\/kzt.usz.edu.pl\/index.php\/wp-json\/wp\/v2\/tags?post=1455"}],"curies":[{"name":"wp","href":"https:\/\/api.w.org\/{rel}","templated":true}]}}