{"id":1464,"date":"2024-12-20T12:11:39","date_gmt":"2024-12-20T11:11:39","guid":{"rendered":"https:\/\/kzt.usz.edu.pl\/?p=1464"},"modified":"2024-12-20T12:13:45","modified_gmt":"2024-12-20T11:13:45","slug":"podzieleni-oplatkiem-zlaczeni-sercem","status":"publish","type":"post","link":"https:\/\/kzt.usz.edu.pl\/index.php\/podzieleni-oplatkiem-zlaczeni-sercem\/","title":{"rendered":"Podzieleni op\u0142atkiem &#8211; z\u0142\u0105czeni sercem"},"content":{"rendered":"\n<p class=\"wp-block-paragraph\" align=\"justify\">W czwartek, 12 grudnia 2024 roku, w Katedrze Zarz\u0105dzania Transportem zapanowa\u0142 wyj\u0105tkowy, \u015bwi\u0105teczny nastr\u00f3j. W blasku subtelnych \u015bwiate\u0142ek i przy zapachu korzennych przypraw, spotkali\u015bmy si\u0119, by wsp\u00f3lnie celebrowa\u0107 nadchodz\u0105ce \u015awi\u0119ta Bo\u017cego Narodzenia.<\/p>\n\n\n\n<figure class=\"wp-block-gallery has-nested-images columns-default is-cropped wp-block-gallery-1 is-layout-flex wp-block-gallery-is-layout-flex\">\n<figure class=\"wp-block-image size-large\"><img loading=\"lazy\" decoding=\"async\" width=\"1024\" height=\"677\" data-id=\"1465\" src=\"https:\/\/kzt.usz.edu.pl\/wp-content\/uploads\/2024\/12\/PHOTO-2024-12-12-14-26-511-1024x677.jpg\" alt=\"\" class=\"wp-image-1465\" srcset=\"https:\/\/kzt.usz.edu.pl\/wp-content\/uploads\/2024\/12\/PHOTO-2024-12-12-14-26-511-1024x677.jpg 1024w, https:\/\/kzt.usz.edu.pl\/wp-content\/uploads\/2024\/12\/PHOTO-2024-12-12-14-26-511-300x198.jpg 300w, https:\/\/kzt.usz.edu.pl\/wp-content\/uploads\/2024\/12\/PHOTO-2024-12-12-14-26-511-768x508.jpg 768w, https:\/\/kzt.usz.edu.pl\/wp-content\/uploads\/2024\/12\/PHOTO-2024-12-12-14-26-511-1536x1016.jpg 1536w, https:\/\/kzt.usz.edu.pl\/wp-content\/uploads\/2024\/12\/PHOTO-2024-12-12-14-26-511.jpg 1600w\" sizes=\"auto, (max-width: 1024px) 100vw, 1024px\" \/><\/figure>\n\n\n\n<figure class=\"wp-block-image size-large\"><img loading=\"lazy\" decoding=\"async\" width=\"1024\" height=\"582\" data-id=\"1466\" src=\"https:\/\/kzt.usz.edu.pl\/wp-content\/uploads\/2024\/12\/PHOTO-2024-12-12-14-26-53-1024x582.jpg\" alt=\"\" class=\"wp-image-1466\" srcset=\"https:\/\/kzt.usz.edu.pl\/wp-content\/uploads\/2024\/12\/PHOTO-2024-12-12-14-26-53-1024x582.jpg 1024w, https:\/\/kzt.usz.edu.pl\/wp-content\/uploads\/2024\/12\/PHOTO-2024-12-12-14-26-53-300x171.jpg 300w, https:\/\/kzt.usz.edu.pl\/wp-content\/uploads\/2024\/12\/PHOTO-2024-12-12-14-26-53-768x437.jpg 768w, https:\/\/kzt.usz.edu.pl\/wp-content\/uploads\/2024\/12\/PHOTO-2024-12-12-14-26-53-1536x874.jpg 1536w, https:\/\/kzt.usz.edu.pl\/wp-content\/uploads\/2024\/12\/PHOTO-2024-12-12-14-26-53.jpg 1600w\" sizes=\"auto, (max-width: 1024px) 100vw, 1024px\" \/><\/figure>\n<\/figure>\n\n\n\n<p class=\"wp-block-paragraph\" align=\"justify\">Spotkanie rozpocz\u0119\u0142o si\u0119 od serdecznych s\u0142\u00f3w powitania, w kt\u00f3rych przypomniano, \u017ce czas \u015bwi\u0105t to co\u015b wi\u0119cej ni\u017c zwyk\u0142a tradycja \u2013 to okazja do zatrzymania si\u0119 w codziennym biegu, spojrzenia w oczy ludziom, z kt\u00f3rymi wsp\u00f3\u0142pracujemy, i docenienia warto\u015bci wsp\u00f3lnoty. W nawi\u0105zaniu do \u015bwi\u0105tecznego ducha, przypomniano o tym, \u017ce Bo\u017ce Narodzenie to czas refleksji, dzielenia si\u0119 dobrem oraz budowania relacji opartych na wzajemnym szacunku i wsparciu. Kierownik Katedry pi\u0119knie nawi\u0105za\u0142 do idei wzajemnego wsparcia, \u017cyczliwo\u015bci i wdzi\u0119czno\u015bci za mijaj\u0105cy rok pe\u0142en wyzwa\u0144 i osi\u0105gni\u0119\u0107.<\/p>\n\n\n\n<figure class=\"wp-block-gallery has-nested-images columns-default is-cropped wp-block-gallery-2 is-layout-flex wp-block-gallery-is-layout-flex\">\n<figure class=\"wp-block-image size-large\"><img loading=\"lazy\" decoding=\"async\" width=\"1024\" height=\"473\" data-id=\"1469\" src=\"https:\/\/kzt.usz.edu.pl\/wp-content\/uploads\/2024\/12\/PHOTO-2024-12-12-17-11-29-1024x473.jpg\" alt=\"\" class=\"wp-image-1469\" srcset=\"https:\/\/kzt.usz.edu.pl\/wp-content\/uploads\/2024\/12\/PHOTO-2024-12-12-17-11-29-1024x473.jpg 1024w, https:\/\/kzt.usz.edu.pl\/wp-content\/uploads\/2024\/12\/PHOTO-2024-12-12-17-11-29-300x138.jpg 300w, https:\/\/kzt.usz.edu.pl\/wp-content\/uploads\/2024\/12\/PHOTO-2024-12-12-17-11-29-768x354.jpg 768w, https:\/\/kzt.usz.edu.pl\/wp-content\/uploads\/2024\/12\/PHOTO-2024-12-12-17-11-29-1536x709.jpg 1536w, https:\/\/kzt.usz.edu.pl\/wp-content\/uploads\/2024\/12\/PHOTO-2024-12-12-17-11-29.jpg 1599w\" sizes=\"auto, (max-width: 1024px) 100vw, 1024px\" \/><\/figure>\n\n\n\n<figure class=\"wp-block-image size-large\"><img loading=\"lazy\" decoding=\"async\" width=\"1024\" height=\"473\" data-id=\"1470\" src=\"https:\/\/kzt.usz.edu.pl\/wp-content\/uploads\/2024\/12\/PHOTO-2024-12-12-17-11-55-1024x473.jpg\" alt=\"\" class=\"wp-image-1470\" srcset=\"https:\/\/kzt.usz.edu.pl\/wp-content\/uploads\/2024\/12\/PHOTO-2024-12-12-17-11-55-1024x473.jpg 1024w, https:\/\/kzt.usz.edu.pl\/wp-content\/uploads\/2024\/12\/PHOTO-2024-12-12-17-11-55-300x138.jpg 300w, https:\/\/kzt.usz.edu.pl\/wp-content\/uploads\/2024\/12\/PHOTO-2024-12-12-17-11-55-768x354.jpg 768w, https:\/\/kzt.usz.edu.pl\/wp-content\/uploads\/2024\/12\/PHOTO-2024-12-12-17-11-55-1536x709.jpg 1536w, https:\/\/kzt.usz.edu.pl\/wp-content\/uploads\/2024\/12\/PHOTO-2024-12-12-17-11-55.jpg 1599w\" sizes=\"auto, (max-width: 1024px) 100vw, 1024px\" \/><\/figure>\n<\/figure>\n\n\n\n<p class=\"wp-block-paragraph\" align=\"justify\">Kulminacyjnym momentem spotkania by\u0142a chwila dzielenia si\u0119 op\u0142atkiem. W tym ge\u015bcie kry\u0142a si\u0119 wyj\u0105tkowa symbolika \u2013 sk\u0142adaj\u0105c \u017cyczenia, dzielili\u015bmy si\u0119 nie tylko op\u0142atkiem, ale r\u00f3wnie\u017c dobrem i nadziej\u0105 na nadchodz\u0105ce dni.<\/p>\n\n\n\n<figure class=\"wp-block-gallery has-nested-images columns-default is-cropped wp-block-gallery-3 is-layout-flex wp-block-gallery-is-layout-flex\">\n<figure class=\"wp-block-image size-large\"><img loading=\"lazy\" decoding=\"async\" width=\"1024\" height=\"473\" data-id=\"1472\" src=\"https:\/\/kzt.usz.edu.pl\/wp-content\/uploads\/2024\/12\/PHOTO-2024-12-12-17-14-58-1024x473.jpg\" alt=\"\" class=\"wp-image-1472\" srcset=\"https:\/\/kzt.usz.edu.pl\/wp-content\/uploads\/2024\/12\/PHOTO-2024-12-12-17-14-58-1024x473.jpg 1024w, https:\/\/kzt.usz.edu.pl\/wp-content\/uploads\/2024\/12\/PHOTO-2024-12-12-17-14-58-300x138.jpg 300w, https:\/\/kzt.usz.edu.pl\/wp-content\/uploads\/2024\/12\/PHOTO-2024-12-12-17-14-58-768x354.jpg 768w, https:\/\/kzt.usz.edu.pl\/wp-content\/uploads\/2024\/12\/PHOTO-2024-12-12-17-14-58-1536x709.jpg 1536w, https:\/\/kzt.usz.edu.pl\/wp-content\/uploads\/2024\/12\/PHOTO-2024-12-12-17-14-58.jpg 1599w\" sizes=\"auto, (max-width: 1024px) 100vw, 1024px\" \/><\/figure>\n\n\n\n<figure class=\"wp-block-image size-large\"><img loading=\"lazy\" decoding=\"async\" width=\"1024\" height=\"473\" data-id=\"1471\" src=\"https:\/\/kzt.usz.edu.pl\/wp-content\/uploads\/2024\/12\/PHOTO-2024-12-12-17-12-23-1024x473.jpg\" alt=\"\" class=\"wp-image-1471\" srcset=\"https:\/\/kzt.usz.edu.pl\/wp-content\/uploads\/2024\/12\/PHOTO-2024-12-12-17-12-23-1024x473.jpg 1024w, https:\/\/kzt.usz.edu.pl\/wp-content\/uploads\/2024\/12\/PHOTO-2024-12-12-17-12-23-300x138.jpg 300w, https:\/\/kzt.usz.edu.pl\/wp-content\/uploads\/2024\/12\/PHOTO-2024-12-12-17-12-23-768x354.jpg 768w, https:\/\/kzt.usz.edu.pl\/wp-content\/uploads\/2024\/12\/PHOTO-2024-12-12-17-12-23-1536x709.jpg 1536w, https:\/\/kzt.usz.edu.pl\/wp-content\/uploads\/2024\/12\/PHOTO-2024-12-12-17-12-23.jpg 1599w\" sizes=\"auto, (max-width: 1024px) 100vw, 1024px\" \/><\/figure>\n<\/figure>\n\n\n\n<p class=\"wp-block-paragraph\" align=\"justify\">Po oficjalnej cz\u0119\u015bci przyszed\u0142 czas na uczt\u0119 \u2013 i to nie tylko t\u0119 kulinarn\u0105. Wsp\u00f3lnie zasiedli\u015bmy przy stole wigilijnym. Atmosfera by\u0142a pe\u0142na spontanicznej rado\u015bci, \u015bmiechu i rozm\u00f3w, kt\u00f3re toczy\u0142y si\u0119 nie tylko wok\u00f3\u0142 \u015bwi\u0105t, ale tak\u017ce osobistych refleksji i marze\u0144 na przysz\u0142o\u015b\u0107.<\/p>\n\n\n\n<figure class=\"wp-block-gallery has-nested-images columns-default is-cropped wp-block-gallery-4 is-layout-flex wp-block-gallery-is-layout-flex\">\n<figure class=\"wp-block-image size-large\"><img loading=\"lazy\" decoding=\"async\" width=\"1024\" height=\"887\" data-id=\"1473\" src=\"https:\/\/kzt.usz.edu.pl\/wp-content\/uploads\/2024\/12\/PHOTO-2024-12-12-14-46-46-1024x887.jpg\" alt=\"\" class=\"wp-image-1473\" srcset=\"https:\/\/kzt.usz.edu.pl\/wp-content\/uploads\/2024\/12\/PHOTO-2024-12-12-14-46-46-1024x887.jpg 1024w, https:\/\/kzt.usz.edu.pl\/wp-content\/uploads\/2024\/12\/PHOTO-2024-12-12-14-46-46-300x260.jpg 300w, https:\/\/kzt.usz.edu.pl\/wp-content\/uploads\/2024\/12\/PHOTO-2024-12-12-14-46-46-768x665.jpg 768w, https:\/\/kzt.usz.edu.pl\/wp-content\/uploads\/2024\/12\/PHOTO-2024-12-12-14-46-46-80x70.jpg 80w, https:\/\/kzt.usz.edu.pl\/wp-content\/uploads\/2024\/12\/PHOTO-2024-12-12-14-46-46.jpg 1311w\" sizes=\"auto, (max-width: 1024px) 100vw, 1024px\" \/><\/figure>\n\n\n\n<figure class=\"wp-block-image size-large\"><img loading=\"lazy\" decoding=\"async\" width=\"884\" height=\"1024\" data-id=\"1474\" src=\"https:\/\/kzt.usz.edu.pl\/wp-content\/uploads\/2024\/12\/PHOTO-2024-12-12-17-19-51-884x1024.jpg\" alt=\"\" class=\"wp-image-1474\" srcset=\"https:\/\/kzt.usz.edu.pl\/wp-content\/uploads\/2024\/12\/PHOTO-2024-12-12-17-19-51-884x1024.jpg 884w, https:\/\/kzt.usz.edu.pl\/wp-content\/uploads\/2024\/12\/PHOTO-2024-12-12-17-19-51-259x300.jpg 259w, https:\/\/kzt.usz.edu.pl\/wp-content\/uploads\/2024\/12\/PHOTO-2024-12-12-17-19-51-768x890.jpg 768w, https:\/\/kzt.usz.edu.pl\/wp-content\/uploads\/2024\/12\/PHOTO-2024-12-12-17-19-51-1326x1536.jpg 1326w, https:\/\/kzt.usz.edu.pl\/wp-content\/uploads\/2024\/12\/PHOTO-2024-12-12-17-19-51.jpg 1381w\" sizes=\"auto, (max-width: 884px) 100vw, 884px\" \/><\/figure>\n<\/figure>\n\n\n\n<p class=\"wp-block-paragraph\" align=\"justify\">W\u015br\u00f3d unosz\u0105cego si\u0119 zapachu go\u017adzik\u00f3w i cynamonu, nawi\u0105zali\u015bmy do tradycji. Tegoroczne spotkanie wigilijne Katedry Zarz\u0105dzania Transportem przypomnia\u0142o nam wszystkim, jak wa\u017cna jest blisko\u015b\u0107 i wzajemne wsparcie, nie tylko w czasie \u015bwi\u0105t, ale tak\u017ce na co dzie\u0144.<\/p>\n\n\n\n<figure class=\"wp-block-gallery has-nested-images columns-default is-cropped wp-block-gallery-5 is-layout-flex wp-block-gallery-is-layout-flex\">\n<figure class=\"wp-block-image size-large\"><img loading=\"lazy\" decoding=\"async\" width=\"473\" height=\"1024\" data-id=\"1475\" src=\"https:\/\/kzt.usz.edu.pl\/wp-content\/uploads\/2024\/12\/PHOTO-2024-12-12-17-13-47-473x1024.jpg\" alt=\"\" class=\"wp-image-1475\" srcset=\"https:\/\/kzt.usz.edu.pl\/wp-content\/uploads\/2024\/12\/PHOTO-2024-12-12-17-13-47-473x1024.jpg 473w, https:\/\/kzt.usz.edu.pl\/wp-content\/uploads\/2024\/12\/PHOTO-2024-12-12-17-13-47-138x300.jpg 138w, https:\/\/kzt.usz.edu.pl\/wp-content\/uploads\/2024\/12\/PHOTO-2024-12-12-17-13-47-709x1536.jpg 709w, https:\/\/kzt.usz.edu.pl\/wp-content\/uploads\/2024\/12\/PHOTO-2024-12-12-17-13-47.jpg 738w\" sizes=\"auto, (max-width: 473px) 100vw, 473px\" \/><\/figure>\n\n\n\n<figure class=\"wp-block-image size-large\"><img loading=\"lazy\" decoding=\"async\" width=\"620\" height=\"1024\" data-id=\"1476\" src=\"https:\/\/kzt.usz.edu.pl\/wp-content\/uploads\/2024\/12\/PHOTO-2024-12-12-17-24-15-620x1024.jpg\" alt=\"\" class=\"wp-image-1476\" srcset=\"https:\/\/kzt.usz.edu.pl\/wp-content\/uploads\/2024\/12\/PHOTO-2024-12-12-17-24-15-620x1024.jpg 620w, https:\/\/kzt.usz.edu.pl\/wp-content\/uploads\/2024\/12\/PHOTO-2024-12-12-17-24-15-182x300.jpg 182w, https:\/\/kzt.usz.edu.pl\/wp-content\/uploads\/2024\/12\/PHOTO-2024-12-12-17-24-15-768x1268.jpg 768w, https:\/\/kzt.usz.edu.pl\/wp-content\/uploads\/2024\/12\/PHOTO-2024-12-12-17-24-15-930x1536.jpg 930w, https:\/\/kzt.usz.edu.pl\/wp-content\/uploads\/2024\/12\/PHOTO-2024-12-12-17-24-15.jpg 969w\" sizes=\"auto, (max-width: 620px) 100vw, 620px\" \/><\/figure>\n<\/figure>\n\n\n\n<p class=\"wp-block-paragraph\" align=\"justify\">Spotkane zako\u0144czy\u0142o si\u0119 symbolicznym podzi\u0119kowaniem \u2013 za obecno\u015b\u0107, za mijaj\u0105cy rok oraz za wsp\u00f3lne budowanie czego\u015b wi\u0119cej ni\u017c tylko akademickiej wsp\u00f3\u0142pracy. Odeszli\u015bmy od sto\u0142u z sercami pe\u0142nymi ciep\u0142a i z \u017cyczeniami, by nadchodz\u0105ce \u015awi\u0119ta by\u0142y dla ka\u017cdego z nas czasem spokoju, blisko\u015bci i rado\u015bci.<\/p>\n\n\n\n<figure class=\"wp-block-gallery has-nested-images columns-default is-cropped wp-block-gallery-6 is-layout-flex wp-block-gallery-is-layout-flex\">\n<figure class=\"wp-block-image size-large\"><img loading=\"lazy\" decoding=\"async\" width=\"1024\" height=\"654\" data-id=\"1477\" src=\"https:\/\/kzt.usz.edu.pl\/wp-content\/uploads\/2024\/12\/PHOTO-2024-12-12-14-26-51-1024x654.jpg\" alt=\"\" class=\"wp-image-1477\" srcset=\"https:\/\/kzt.usz.edu.pl\/wp-content\/uploads\/2024\/12\/PHOTO-2024-12-12-14-26-51-1024x654.jpg 1024w, https:\/\/kzt.usz.edu.pl\/wp-content\/uploads\/2024\/12\/PHOTO-2024-12-12-14-26-51-300x192.jpg 300w, https:\/\/kzt.usz.edu.pl\/wp-content\/uploads\/2024\/12\/PHOTO-2024-12-12-14-26-51-768x490.jpg 768w, https:\/\/kzt.usz.edu.pl\/wp-content\/uploads\/2024\/12\/PHOTO-2024-12-12-14-26-51-1536x981.jpg 1536w, https:\/\/kzt.usz.edu.pl\/wp-content\/uploads\/2024\/12\/PHOTO-2024-12-12-14-26-51.jpg 1599w\" sizes=\"auto, (max-width: 1024px) 100vw, 1024px\" \/><\/figure>\n\n\n\n<figure class=\"wp-block-image size-large\"><img loading=\"lazy\" decoding=\"async\" width=\"1024\" height=\"578\" data-id=\"1478\" src=\"https:\/\/kzt.usz.edu.pl\/wp-content\/uploads\/2024\/12\/PHOTO-2024-12-12-14-26-52-1024x578.jpg\" alt=\"\" class=\"wp-image-1478\" srcset=\"https:\/\/kzt.usz.edu.pl\/wp-content\/uploads\/2024\/12\/PHOTO-2024-12-12-14-26-52-1024x578.jpg 1024w, https:\/\/kzt.usz.edu.pl\/wp-content\/uploads\/2024\/12\/PHOTO-2024-12-12-14-26-52-300x169.jpg 300w, https:\/\/kzt.usz.edu.pl\/wp-content\/uploads\/2024\/12\/PHOTO-2024-12-12-14-26-52-768x433.jpg 768w, https:\/\/kzt.usz.edu.pl\/wp-content\/uploads\/2024\/12\/PHOTO-2024-12-12-14-26-52-1536x867.jpg 1536w, https:\/\/kzt.usz.edu.pl\/wp-content\/uploads\/2024\/12\/PHOTO-2024-12-12-14-26-52.jpg 1600w\" sizes=\"auto, (max-width: 1024px) 100vw, 1024px\" \/><\/figure>\n<\/figure>\n\n\n\n<p class=\"wp-block-paragraph\">Wigilijne spotkanie Katedry Zarz\u0105dzania Transportem po raz kolejny udowodni\u0142o, \u017ce magia \u015bwi\u0105t tkwi nie tylko w tradycji, ale przede wszystkim w ludziach, kt\u00f3rzy dziel\u0105 j\u0105 ze sob\u0105. Z tego miejsca dzi\u0119kujemy wszystkim, kt\u00f3rzy przyczynili si\u0119 do organizacji tego wyj\u0105tkowego wydarzenia.<\/p>\n\n\n\n<p class=\"wp-block-paragraph\" align=\"justify\">Niech nadchodz\u0105ce \u015awi\u0119ta Bo\u017cego Narodzenia b\u0119d\u0105 dla ka\u017cdego z nas czasem spokoju, rado\u015bci oraz spe\u0142nienia marze\u0144, a Nowy Rok przyniesie nowe mo\u017cliwo\u015bci i inspiracje!<\/p>\n\n\n\n<figure class=\"wp-block-gallery has-nested-images columns-default is-cropped wp-block-gallery-7 is-layout-flex wp-block-gallery-is-layout-flex\">\n<figure class=\"wp-block-image size-large\"><img loading=\"lazy\" decoding=\"async\" width=\"788\" height=\"1024\" data-id=\"1467\" src=\"https:\/\/kzt.usz.edu.pl\/wp-content\/uploads\/2024\/12\/PHOTO-2024-12-12-14-26-50-788x1024.jpg\" alt=\"\" class=\"wp-image-1467\" srcset=\"https:\/\/kzt.usz.edu.pl\/wp-content\/uploads\/2024\/12\/PHOTO-2024-12-12-14-26-50-788x1024.jpg 788w, https:\/\/kzt.usz.edu.pl\/wp-content\/uploads\/2024\/12\/PHOTO-2024-12-12-14-26-50-231x300.jpg 231w, https:\/\/kzt.usz.edu.pl\/wp-content\/uploads\/2024\/12\/PHOTO-2024-12-12-14-26-50-768x998.jpg 768w, https:\/\/kzt.usz.edu.pl\/wp-content\/uploads\/2024\/12\/PHOTO-2024-12-12-14-26-50-1182x1536.jpg 1182w, https:\/\/kzt.usz.edu.pl\/wp-content\/uploads\/2024\/12\/PHOTO-2024-12-12-14-26-50.jpg 1231w\" sizes=\"auto, (max-width: 788px) 100vw, 788px\" \/><\/figure>\n\n\n\n<figure class=\"wp-block-image size-large\"><img loading=\"lazy\" decoding=\"async\" width=\"1024\" height=\"686\" data-id=\"1479\" src=\"https:\/\/kzt.usz.edu.pl\/wp-content\/uploads\/2024\/12\/PHOTO-2024-12-11-12-07-54-1024x686.jpg\" alt=\"\" class=\"wp-image-1479\" srcset=\"https:\/\/kzt.usz.edu.pl\/wp-content\/uploads\/2024\/12\/PHOTO-2024-12-11-12-07-54-1024x686.jpg 1024w, https:\/\/kzt.usz.edu.pl\/wp-content\/uploads\/2024\/12\/PHOTO-2024-12-11-12-07-54-300x201.jpg 300w, https:\/\/kzt.usz.edu.pl\/wp-content\/uploads\/2024\/12\/PHOTO-2024-12-11-12-07-54-768x515.jpg 768w, https:\/\/kzt.usz.edu.pl\/wp-content\/uploads\/2024\/12\/PHOTO-2024-12-11-12-07-54-1536x1029.jpg 1536w, https:\/\/kzt.usz.edu.pl\/wp-content\/uploads\/2024\/12\/PHOTO-2024-12-11-12-07-54.jpg 1986w\" sizes=\"auto, (max-width: 1024px) 100vw, 1024px\" \/><\/figure>\n<\/figure>\n","protected":false},"excerpt":{"rendered":"<p>W czwartek, 12 grudnia 2024 roku, w Katedrze Zarz\u0105dzania Transportem zapanowa\u0142 wyj\u0105tkowy, \u015bwi\u0105teczny nastr\u00f3j. W blasku subtelnych \u015bwiate\u0142ek i przy zapachu korzennych przypraw, spotkali\u015bmy si\u0119, by wsp\u00f3lnie celebrowa\u0107 nadchodz\u0105ce \u015awi\u0119ta Bo\u017cego Narodzenia. Spotkanie rozpocz\u0119\u0142o si\u0119 od serdecznych s\u0142\u00f3w powitania, w &hellip; <\/p>\n","protected":false},"author":1,"featured_media":1465,"comment_status":"closed","ping_status":"open","sticky":false,"template":"","format":"standard","meta":{"footnotes":""},"categories":[3],"tags":[],"class_list":["post-1464","post","type-post","status-publish","format-standard","has-post-thumbnail","hentry","category-newsroom"],"_links":{"self":[{"href":"https:\/\/kzt.usz.edu.pl\/index.php\/wp-json\/wp\/v2\/posts\/1464","targetHints":{"allow":["GET"]}}],"collection":[{"href":"https:\/\/kzt.usz.edu.pl\/index.php\/wp-json\/wp\/v2\/posts"}],"about":[{"href":"https:\/\/kzt.usz.edu.pl\/index.php\/wp-json\/wp\/v2\/types\/post"}],"author":[{"embeddable":true,"href":"https:\/\/kzt.usz.edu.pl\/index.php\/wp-json\/wp\/v2\/users\/1"}],"replies":[{"embeddable":true,"href":"https:\/\/kzt.usz.edu.pl\/index.php\/wp-json\/wp\/v2\/comments?post=1464"}],"version-history":[{"count":3,"href":"https:\/\/kzt.usz.edu.pl\/index.php\/wp-json\/wp\/v2\/posts\/1464\/revisions"}],"predecessor-version":[{"id":1482,"href":"https:\/\/kzt.usz.edu.pl\/index.php\/wp-json\/wp\/v2\/posts\/1464\/revisions\/1482"}],"wp:featuredmedia":[{"embeddable":true,"href":"https:\/\/kzt.usz.edu.pl\/index.php\/wp-json\/wp\/v2\/media\/1465"}],"wp:attachment":[{"href":"https:\/\/kzt.usz.edu.pl\/index.php\/wp-json\/wp\/v2\/media?parent=1464"}],"wp:term":[{"taxonomy":"category","embeddable":true,"href":"https:\/\/kzt.usz.edu.pl\/index.php\/wp-json\/wp\/v2\/categories?post=1464"},{"taxonomy":"post_tag","embeddable":true,"href":"https:\/\/kzt.usz.edu.pl\/index.php\/wp-json\/wp\/v2\/tags?post=1464"}],"curies":[{"name":"wp","href":"https:\/\/api.w.org\/{rel}","templated":true}]}}