{"id":1530,"date":"2025-03-15T12:31:18","date_gmt":"2025-03-15T11:31:18","guid":{"rendered":"https:\/\/kzt.usz.edu.pl\/?p=1530"},"modified":"2025-03-15T12:38:19","modified_gmt":"2025-03-15T11:38:19","slug":"dr-hab-marta-mankowska-nowym-profesorem-uczelni","status":"publish","type":"post","link":"https:\/\/kzt.usz.edu.pl\/index.php\/dr-hab-marta-mankowska-nowym-profesorem-uczelni\/","title":{"rendered":"Dr hab. Marta Ma\u0144kowska nowym profesorem uczelni!"},"content":{"rendered":"\n<p align=justify\">Z rado\u015bci\u0105 informujemy, \u017ce dr hab. Marta Ma\u0144kowska obj\u0119\u0142a stanowisko profesora naszej uczelni. To ogromne wyr\u00f3\u017cnienie i dow\u00f3d uznania dla jej dorobku naukowego, zaanga\u017cowania dydaktycznego oraz wk\u0142adu w rozw\u00f3j akademickiej spo\u0142eczno\u015bci.<\/p>\n\n\n\n<p align=\"justify\">Serdecznie gratulujemy Pani Profesor tego zaszczytnego awansu! Cieszymy si\u0119, \u017ce do\u0142\u0105czy\u0142a do grona profesor\u00f3w naszej uczelni, wzmacniaj\u0105c tym samym struktury Instytutu oraz naszej Katedry. <BR> \u017byczymy dalszych sukces\u00f3w w dzia\u0142alno\u015bci naukowej i dydaktycznej!<\/p>\n\n\n\n<p align=\"right\">Katedra Zarz\u0105dzania Transportem<\/p>\n","protected":false},"excerpt":{"rendered":"<p align=justify\">Z rado\u015bci\u0105 informujemy, \u017ce dr hab. Marta Ma\u0144kowska obj\u0119\u0142a stanowisko profesora naszej uczelni. To ogromne wyr\u00f3\u017cnienie i dow\u00f3d uznania dla jej dorobku naukowego, zaanga\u017cowania dydaktycznego oraz wk\u0142adu w rozw\u00f3j akademickiej spo\u0142eczno\u015bci (&#8230;)<\/p>\n","protected":false},"author":1,"featured_media":748,"comment_status":"closed","ping_status":"open","sticky":false,"template":"","format":"standard","meta":{"footnotes":""},"categories":[3],"tags":[],"class_list":["post-1530","post","type-post","status-publish","format-standard","has-post-thumbnail","hentry","category-newsroom"],"_links":{"self":[{"href":"https:\/\/kzt.usz.edu.pl\/index.php\/wp-json\/wp\/v2\/posts\/1530","targetHints":{"allow":["GET"]}}],"collection":[{"href":"https:\/\/kzt.usz.edu.pl\/index.php\/wp-json\/wp\/v2\/posts"}],"about":[{"href":"https:\/\/kzt.usz.edu.pl\/index.php\/wp-json\/wp\/v2\/types\/post"}],"author":[{"embeddable":true,"href":"https:\/\/kzt.usz.edu.pl\/index.php\/wp-json\/wp\/v2\/users\/1"}],"replies":[{"embeddable":true,"href":"https:\/\/kzt.usz.edu.pl\/index.php\/wp-json\/wp\/v2\/comments?post=1530"}],"version-history":[{"count":9,"href":"https:\/\/kzt.usz.edu.pl\/index.php\/wp-json\/wp\/v2\/posts\/1530\/revisions"}],"predecessor-version":[{"id":1539,"href":"https:\/\/kzt.usz.edu.pl\/index.php\/wp-json\/wp\/v2\/posts\/1530\/revisions\/1539"}],"wp:featuredmedia":[{"embeddable":true,"href":"https:\/\/kzt.usz.edu.pl\/index.php\/wp-json\/wp\/v2\/media\/748"}],"wp:attachment":[{"href":"https:\/\/kzt.usz.edu.pl\/index.php\/wp-json\/wp\/v2\/media?parent=1530"}],"wp:term":[{"taxonomy":"category","embeddable":true,"href":"https:\/\/kzt.usz.edu.pl\/index.php\/wp-json\/wp\/v2\/categories?post=1530"},{"taxonomy":"post_tag","embeddable":true,"href":"https:\/\/kzt.usz.edu.pl\/index.php\/wp-json\/wp\/v2\/tags?post=1530"}],"curies":[{"name":"wp","href":"https:\/\/api.w.org\/{rel}","templated":true}]}}