{"id":1540,"date":"2025-03-15T12:45:09","date_gmt":"2025-03-15T11:45:09","guid":{"rendered":"https:\/\/kzt.usz.edu.pl\/?p=1540"},"modified":"2025-03-15T12:45:09","modified_gmt":"2025-03-15T11:45:09","slug":"pan-profesor-michal-plucinski-ponownie-kierownikiem-katedry-zarzadzania-transportem","status":"publish","type":"post","link":"https:\/\/kzt.usz.edu.pl\/index.php\/pan-profesor-michal-plucinski-ponownie-kierownikiem-katedry-zarzadzania-transportem\/","title":{"rendered":"Pan Profesor Micha\u0142 Pluci\u0144ski ponownie kierownikiem Katedry Zarz\u0105dzania Transportem"},"content":{"rendered":"\n<p class=\"wp-block-paragraph\" align=\"justify\">Z przyjemno\u015bci\u0105 informujemy, \u017ce podczas posiedzenia Rady Naukowej Instytutu Zarz\u0105dzania w dniu 12 marca 2025 roku Pan Profesor Micha\u0142 Pluci\u0144ski odebra\u0142 oficjalne powo\u0142anie na stanowisko kierownika Katedry Zarz\u0105dzania Transportem, kontynuuj\u0105c tym samym swoj\u0105 dotychczasow\u0105 funkcj\u0119.<\/p>\n\n\n\n<p class=\"wp-block-paragraph\" align=\"justify\">Serdecznie gratulujemy Panu Profesorowi dalszego pe\u0142nienia tej zaszczytnej roli. Cieszymy si\u0119, \u017ce nadal b\u0119dzie kierowa\u0107 pracami Katedry, wzmacniaj\u0105c jej pozycj\u0119 w Instytucie.<\/p>\n\n\n\n<p class=\"wp-block-paragraph\" align=\"justify\">\u017byczymy Panu Profesorowi kolejnych sukces\u00f3w i owocnej pracy na rzecz Instytutu oraz ca\u0142ej spo\u0142eczno\u015bci akademickiej.<\/p>\n\n\n\n<p class=\"wp-block-paragraph\"><\/p>\n","protected":false},"excerpt":{"rendered":"<p>Z przyjemno\u015bci\u0105 informujemy, \u017ce podczas posiedzenia Rady Naukowej Instytutu Zarz\u0105dzania w dniu 12 marca 2025 roku Pan Profesor Micha\u0142 Pluci\u0144ski odebra\u0142 oficjalne powo\u0142anie na stanowisko kierownika Katedry Zarz\u0105dzania Transportem, kontynuuj\u0105c tym samym swoj\u0105 dotychczasow\u0105 funkcj\u0119 (&#8230;)<\/p>\n","protected":false},"author":1,"featured_media":319,"comment_status":"closed","ping_status":"open","sticky":false,"template":"","format":"standard","meta":{"footnotes":""},"categories":[3],"tags":[],"class_list":["post-1540","post","type-post","status-publish","format-standard","has-post-thumbnail","hentry","category-newsroom"],"_links":{"self":[{"href":"https:\/\/kzt.usz.edu.pl\/index.php\/wp-json\/wp\/v2\/posts\/1540","targetHints":{"allow":["GET"]}}],"collection":[{"href":"https:\/\/kzt.usz.edu.pl\/index.php\/wp-json\/wp\/v2\/posts"}],"about":[{"href":"https:\/\/kzt.usz.edu.pl\/index.php\/wp-json\/wp\/v2\/types\/post"}],"author":[{"embeddable":true,"href":"https:\/\/kzt.usz.edu.pl\/index.php\/wp-json\/wp\/v2\/users\/1"}],"replies":[{"embeddable":true,"href":"https:\/\/kzt.usz.edu.pl\/index.php\/wp-json\/wp\/v2\/comments?post=1540"}],"version-history":[{"count":1,"href":"https:\/\/kzt.usz.edu.pl\/index.php\/wp-json\/wp\/v2\/posts\/1540\/revisions"}],"predecessor-version":[{"id":1541,"href":"https:\/\/kzt.usz.edu.pl\/index.php\/wp-json\/wp\/v2\/posts\/1540\/revisions\/1541"}],"wp:featuredmedia":[{"embeddable":true,"href":"https:\/\/kzt.usz.edu.pl\/index.php\/wp-json\/wp\/v2\/media\/319"}],"wp:attachment":[{"href":"https:\/\/kzt.usz.edu.pl\/index.php\/wp-json\/wp\/v2\/media?parent=1540"}],"wp:term":[{"taxonomy":"category","embeddable":true,"href":"https:\/\/kzt.usz.edu.pl\/index.php\/wp-json\/wp\/v2\/categories?post=1540"},{"taxonomy":"post_tag","embeddable":true,"href":"https:\/\/kzt.usz.edu.pl\/index.php\/wp-json\/wp\/v2\/tags?post=1540"}],"curies":[{"name":"wp","href":"https:\/\/api.w.org\/{rel}","templated":true}]}}