{"id":1542,"date":"2025-03-16T17:58:42","date_gmt":"2025-03-16T16:58:42","guid":{"rendered":"https:\/\/kzt.usz.edu.pl\/index.php\/profesor-elzbieta-zaloga-gosciem-naukowego-podwieczorku-o-karierze-nagrodach-i-przyszlosci-transportu\/"},"modified":"2025-03-16T17:58:42","modified_gmt":"2025-03-16T16:58:42","slug":"profesor-elzbieta-zaloga-gosciem-naukowego-podwieczorku-o-karierze-nagrodach-i-przyszlosci-transportu","status":"publish","type":"post","link":"https:\/\/kzt.usz.edu.pl\/index.php\/profesor-elzbieta-zaloga-gosciem-naukowego-podwieczorku-o-karierze-nagrodach-i-przyszlosci-transportu\/","title":{"rendered":"Profesor El\u017cbieta Za\u0142oga go\u015bciem &#8222;Naukowego Podwieczorku&#8221; \u2013 o karierze, nagrodach i przysz\u0142o\u015bci transportu"},"content":{"rendered":"\n<p class=\"wp-block-paragraph\" align=\"justify\">Profesor El\u017cbieta Za\u0142oga by\u0142a go\u015bciem audycji &#8222;Naukowy Podwieczorek&#8221;, prowadzonej przez red. Paulin\u0119 Zaremb\u0119 w Radiu Szczecin, w dniu 16 marca 2025 roku. W trakcie rozmowy opowiedzia\u0142a o swojej imponuj\u0105cej karierze naukowej i dorobku badawczym, kt\u00f3ry zosta\u0142 uhonorowany presti\u017cow\u0105 nagrod\u0105 Ministra.<\/p>\n\n\n\n<p class=\"wp-block-paragraph\" align=\"justify\">Profesor Za\u0142oga przybli\u017cy\u0142a tak\u017ce histori\u0119 szczeci\u0144skiej szko\u0142y transportowej, podkre\u015blaj\u0105c jej znaczenie dla rozwoju nauki i gospodarki w regionie. Opowiedzia\u0142a o ewolucji tej dziedziny oraz roli, jak\u0105 odgrywa Katedra Zarz\u0105dzania Transportem, kt\u00f3rej dzia\u0142alno\u015b\u0107 obejmuje zar\u00f3wno badania nad nowoczesnymi rozwi\u0105zaniami transportowymi, jak i wsp\u00f3\u0142prac\u0119 z praktyk\u0105.<\/p>\n\n\n\n<p class=\"wp-block-paragraph\" align=\"justify\">W rozmowie nie zabrak\u0142o r\u00f3wnie\u017c refleksji na temat wyzwa\u0144 stoj\u0105cych przed wsp\u00f3\u0142czesnym transportem, takich jak zr\u00f3wnowa\u017cony rozw\u00f3j, cyfryzacja czy automatyzacja. Profesor Za\u0142oga podkre\u015bli\u0142a, jak wa\u017cne jest \u0142\u0105czenie nauki z praktyk\u0105 oraz kszta\u0142cenie przysz\u0142ych specjalist\u00f3w, kt\u00f3rzy b\u0119d\u0105 kszta\u0142towa\u0107 nowoczesny transport w Polsce i Europie.<\/p>\n","protected":false},"excerpt":{"rendered":"<p>Profesor El\u017cbieta Za\u0142oga by\u0142a go\u015bciem audycji &#8222;Naukowy Podwieczorek&#8221;, prowadzonej przez red. Paulin\u0119 Zaremb\u0119 w Radiu Szczecin, w dniu 16 marca 2025 roku. W trakcie rozmowy opowiedzia\u0142a o swojej imponuj\u0105cej karierze naukowej i dorobku badawczym, kt\u00f3ry zosta\u0142 uhonorowany presti\u017cow\u0105 nagrod\u0105 Ministra. &hellip; <\/p>\n","protected":false},"author":1,"featured_media":307,"comment_status":"closed","ping_status":"open","sticky":false,"template":"","format":"standard","meta":{"footnotes":""},"categories":[3],"tags":[],"class_list":["post-1542","post","type-post","status-publish","format-standard","has-post-thumbnail","hentry","category-newsroom"],"_links":{"self":[{"href":"https:\/\/kzt.usz.edu.pl\/index.php\/wp-json\/wp\/v2\/posts\/1542","targetHints":{"allow":["GET"]}}],"collection":[{"href":"https:\/\/kzt.usz.edu.pl\/index.php\/wp-json\/wp\/v2\/posts"}],"about":[{"href":"https:\/\/kzt.usz.edu.pl\/index.php\/wp-json\/wp\/v2\/types\/post"}],"author":[{"embeddable":true,"href":"https:\/\/kzt.usz.edu.pl\/index.php\/wp-json\/wp\/v2\/users\/1"}],"replies":[{"embeddable":true,"href":"https:\/\/kzt.usz.edu.pl\/index.php\/wp-json\/wp\/v2\/comments?post=1542"}],"version-history":[{"count":1,"href":"https:\/\/kzt.usz.edu.pl\/index.php\/wp-json\/wp\/v2\/posts\/1542\/revisions"}],"predecessor-version":[{"id":1543,"href":"https:\/\/kzt.usz.edu.pl\/index.php\/wp-json\/wp\/v2\/posts\/1542\/revisions\/1543"}],"wp:featuredmedia":[{"embeddable":true,"href":"https:\/\/kzt.usz.edu.pl\/index.php\/wp-json\/wp\/v2\/media\/307"}],"wp:attachment":[{"href":"https:\/\/kzt.usz.edu.pl\/index.php\/wp-json\/wp\/v2\/media?parent=1542"}],"wp:term":[{"taxonomy":"category","embeddable":true,"href":"https:\/\/kzt.usz.edu.pl\/index.php\/wp-json\/wp\/v2\/categories?post=1542"},{"taxonomy":"post_tag","embeddable":true,"href":"https:\/\/kzt.usz.edu.pl\/index.php\/wp-json\/wp\/v2\/tags?post=1542"}],"curies":[{"name":"wp","href":"https:\/\/api.w.org\/{rel}","templated":true}]}}