{"id":1550,"date":"2025-05-19T10:57:33","date_gmt":"2025-05-19T08:57:33","guid":{"rendered":"https:\/\/kzt.usz.edu.pl\/?p=1550"},"modified":"2025-05-19T11:01:04","modified_gmt":"2025-05-19T09:01:04","slug":"profesor-hubert-bronk-uhonorowany-najwyzszym-wyroznieniem-uniwersytetu-szczecinskiego","status":"publish","type":"post","link":"https:\/\/kzt.usz.edu.pl\/index.php\/profesor-hubert-bronk-uhonorowany-najwyzszym-wyroznieniem-uniwersytetu-szczecinskiego\/","title":{"rendered":"Profesor Hubert Bronk uhonorowany najwy\u017cszym wyr\u00f3\u017cnieniem Uniwersytetu Szczeci\u0144skiego"},"content":{"rendered":"\n<p class=\"wp-block-paragraph\" align=\"justify\">15 maja 2025 roku, podczas uroczystego posiedzenia Senatu Uniwersytetu Szczeci\u0144skiego, spo\u0142eczno\u015b\u0107 akademicka odda\u0142a ho\u0142d jednej ze swoich najwybitniejszych postaci. Tytu\u0142 profesora honorowego Uniwersytetu Szczeci\u0144skiego otrzyma\u0142 prof. dr hab. in\u017c. Hubert Bronk \u2013 Rektor Senior, wybitny uczony, wsp\u00f3\u0142tw\u00f3rca uczelni i jej wieloletni mentor.<\/p>\n\n\n\n<p class=\"wp-block-paragraph\" align=\"justify\">Wyr\u00f3\u017cnienie to stanowi wyraz najwy\u017cszego szacunku dla Jego nieocenionego wk\u0142adu w rozw\u00f3j nauki, kszta\u0142cenie kolejnych pokole\u0144 oraz budowanie etosu akademickiego, kt\u00f3ry od lat kszta\u0142tuje to\u017csamo\u015b\u0107 Uniwersytetu Szczeci\u0144skiego.<\/p>\n\n\n\n<p class=\"wp-block-paragraph\" align=\"justify\">Uroczysto\u015b\u0107 by\u0142a tak\u017ce okazj\u0105 do wr\u0119czenia \u201eNagrody prof. Huberta Bronka za wybitne zas\u0142ugi pod egid\u0105 Uniwersytetu Szczeci\u0144skiego\u201d. Tegoroczn\u0105 laureatk\u0105 zosta\u0142a prof. dr hab. Inga Iwasi\u00f3w \u2013 literaturoznawczyni i pisarka, od lat zwi\u0105zana z uczelni\u0105.<\/p>\n\n\n\n<p class=\"wp-block-paragraph\" align=\"justify\">Laudacj\u0119 wyg\u0142osi\u0142a prof. dr hab. El\u017cbieta Za\u0142oga (Katedra Zarz\u0105dzania Transportem US).<\/p>\n\n\n\n<figure class=\"wp-block-gallery has-nested-images columns-2 is-cropped wp-block-gallery-1 is-layout-flex wp-block-gallery-is-layout-flex\">\n<figure class=\"wp-block-image size-full is-style-default\"><img loading=\"lazy\" decoding=\"async\" width=\"1600\" height=\"1066\" data-id=\"1549\" src=\"https:\/\/kzt.usz.edu.pl\/wp-content\/uploads\/2025\/05\/PHOTO-2025-05-16-16-07-50.jpg\" alt=\"\" class=\"wp-image-1549\" srcset=\"https:\/\/kzt.usz.edu.pl\/wp-content\/uploads\/2025\/05\/PHOTO-2025-05-16-16-07-50.jpg 1600w, https:\/\/kzt.usz.edu.pl\/wp-content\/uploads\/2025\/05\/PHOTO-2025-05-16-16-07-50-300x200.jpg 300w, https:\/\/kzt.usz.edu.pl\/wp-content\/uploads\/2025\/05\/PHOTO-2025-05-16-16-07-50-1024x682.jpg 1024w, https:\/\/kzt.usz.edu.pl\/wp-content\/uploads\/2025\/05\/PHOTO-2025-05-16-16-07-50-768x512.jpg 768w, https:\/\/kzt.usz.edu.pl\/wp-content\/uploads\/2025\/05\/PHOTO-2025-05-16-16-07-50-1536x1023.jpg 1536w\" sizes=\"auto, (max-width: 1600px) 100vw, 1600px\" \/><\/figure>\n\n\n\n<figure class=\"wp-block-image size-full\"><img loading=\"lazy\" decoding=\"async\" width=\"1600\" height=\"1066\" data-id=\"1548\" src=\"https:\/\/kzt.usz.edu.pl\/wp-content\/uploads\/2025\/05\/PHOTO-2025-05-16-15-58-11.jpg\" alt=\"\" class=\"wp-image-1548\" srcset=\"https:\/\/kzt.usz.edu.pl\/wp-content\/uploads\/2025\/05\/PHOTO-2025-05-16-15-58-11.jpg 1600w, https:\/\/kzt.usz.edu.pl\/wp-content\/uploads\/2025\/05\/PHOTO-2025-05-16-15-58-11-300x200.jpg 300w, https:\/\/kzt.usz.edu.pl\/wp-content\/uploads\/2025\/05\/PHOTO-2025-05-16-15-58-11-1024x682.jpg 1024w, https:\/\/kzt.usz.edu.pl\/wp-content\/uploads\/2025\/05\/PHOTO-2025-05-16-15-58-11-768x512.jpg 768w, https:\/\/kzt.usz.edu.pl\/wp-content\/uploads\/2025\/05\/PHOTO-2025-05-16-15-58-11-1536x1023.jpg 1536w\" sizes=\"auto, (max-width: 1600px) 100vw, 1600px\" \/><\/figure>\n\n\n\n<figure class=\"wp-block-image size-full\"><img loading=\"lazy\" decoding=\"async\" width=\"2000\" height=\"1500\" data-id=\"1545\" src=\"https:\/\/kzt.usz.edu.pl\/wp-content\/uploads\/2025\/05\/PHOTO-2025-05-15-12-18-53.jpg\" alt=\"\" class=\"wp-image-1545\" srcset=\"https:\/\/kzt.usz.edu.pl\/wp-content\/uploads\/2025\/05\/PHOTO-2025-05-15-12-18-53.jpg 2000w, https:\/\/kzt.usz.edu.pl\/wp-content\/uploads\/2025\/05\/PHOTO-2025-05-15-12-18-53-300x225.jpg 300w, https:\/\/kzt.usz.edu.pl\/wp-content\/uploads\/2025\/05\/PHOTO-2025-05-15-12-18-53-1024x768.jpg 1024w, https:\/\/kzt.usz.edu.pl\/wp-content\/uploads\/2025\/05\/PHOTO-2025-05-15-12-18-53-768x576.jpg 768w, https:\/\/kzt.usz.edu.pl\/wp-content\/uploads\/2025\/05\/PHOTO-2025-05-15-12-18-53-1536x1152.jpg 1536w\" sizes=\"auto, (max-width: 2000px) 100vw, 2000px\" \/><\/figure>\n\n\n\n<figure class=\"wp-block-image size-full\"><img loading=\"lazy\" decoding=\"async\" width=\"1675\" height=\"1256\" data-id=\"1546\" src=\"https:\/\/kzt.usz.edu.pl\/wp-content\/uploads\/2025\/05\/PHOTO-2025-05-15-12-40-16.jpg\" alt=\"\" class=\"wp-image-1546\" srcset=\"https:\/\/kzt.usz.edu.pl\/wp-content\/uploads\/2025\/05\/PHOTO-2025-05-15-12-40-16.jpg 1675w, https:\/\/kzt.usz.edu.pl\/wp-content\/uploads\/2025\/05\/PHOTO-2025-05-15-12-40-16-300x225.jpg 300w, https:\/\/kzt.usz.edu.pl\/wp-content\/uploads\/2025\/05\/PHOTO-2025-05-15-12-40-16-1024x768.jpg 1024w, https:\/\/kzt.usz.edu.pl\/wp-content\/uploads\/2025\/05\/PHOTO-2025-05-15-12-40-16-768x576.jpg 768w, https:\/\/kzt.usz.edu.pl\/wp-content\/uploads\/2025\/05\/PHOTO-2025-05-15-12-40-16-1536x1152.jpg 1536w\" sizes=\"auto, (max-width: 1675px) 100vw, 1675px\" \/><\/figure>\n\n\n\n<figure class=\"wp-block-image size-full\"><img loading=\"lazy\" decoding=\"async\" width=\"1143\" height=\"1600\" data-id=\"1547\" src=\"https:\/\/kzt.usz.edu.pl\/wp-content\/uploads\/2025\/05\/PHOTO-2025-05-15-11-56-28.jpg\" alt=\"\" class=\"wp-image-1547\" srcset=\"https:\/\/kzt.usz.edu.pl\/wp-content\/uploads\/2025\/05\/PHOTO-2025-05-15-11-56-28.jpg 1143w, https:\/\/kzt.usz.edu.pl\/wp-content\/uploads\/2025\/05\/PHOTO-2025-05-15-11-56-28-214x300.jpg 214w, https:\/\/kzt.usz.edu.pl\/wp-content\/uploads\/2025\/05\/PHOTO-2025-05-15-11-56-28-732x1024.jpg 732w, https:\/\/kzt.usz.edu.pl\/wp-content\/uploads\/2025\/05\/PHOTO-2025-05-15-11-56-28-768x1075.jpg 768w, https:\/\/kzt.usz.edu.pl\/wp-content\/uploads\/2025\/05\/PHOTO-2025-05-15-11-56-28-1097x1536.jpg 1097w\" sizes=\"auto, (max-width: 1143px) 100vw, 1143px\" \/><\/figure>\n<\/figure>\n","protected":false},"excerpt":{"rendered":"<p>15 maja 2025 roku, podczas uroczystego posiedzenia Senatu Uniwersytetu Szczeci\u0144skiego, spo\u0142eczno\u015b\u0107 akademicka odda\u0142a ho\u0142d jednej ze swoich najwybitniejszych postaci. Tytu\u0142 profesora honorowego Uniwersytetu Szczeci\u0144skiego otrzyma\u0142 prof. dr hab. in\u017c. Hubert Bronk \u2013 Rektor Senior, wybitny uczony, wsp\u00f3\u0142tw\u00f3rca uczelni i jej &hellip; <\/p>\n","protected":false},"author":1,"featured_media":1547,"comment_status":"closed","ping_status":"open","sticky":false,"template":"","format":"standard","meta":{"footnotes":""},"categories":[3],"tags":[],"class_list":["post-1550","post","type-post","status-publish","format-standard","has-post-thumbnail","hentry","category-newsroom"],"_links":{"self":[{"href":"https:\/\/kzt.usz.edu.pl\/index.php\/wp-json\/wp\/v2\/posts\/1550","targetHints":{"allow":["GET"]}}],"collection":[{"href":"https:\/\/kzt.usz.edu.pl\/index.php\/wp-json\/wp\/v2\/posts"}],"about":[{"href":"https:\/\/kzt.usz.edu.pl\/index.php\/wp-json\/wp\/v2\/types\/post"}],"author":[{"embeddable":true,"href":"https:\/\/kzt.usz.edu.pl\/index.php\/wp-json\/wp\/v2\/users\/1"}],"replies":[{"embeddable":true,"href":"https:\/\/kzt.usz.edu.pl\/index.php\/wp-json\/wp\/v2\/comments?post=1550"}],"version-history":[{"count":2,"href":"https:\/\/kzt.usz.edu.pl\/index.php\/wp-json\/wp\/v2\/posts\/1550\/revisions"}],"predecessor-version":[{"id":1552,"href":"https:\/\/kzt.usz.edu.pl\/index.php\/wp-json\/wp\/v2\/posts\/1550\/revisions\/1552"}],"wp:featuredmedia":[{"embeddable":true,"href":"https:\/\/kzt.usz.edu.pl\/index.php\/wp-json\/wp\/v2\/media\/1547"}],"wp:attachment":[{"href":"https:\/\/kzt.usz.edu.pl\/index.php\/wp-json\/wp\/v2\/media?parent=1550"}],"wp:term":[{"taxonomy":"category","embeddable":true,"href":"https:\/\/kzt.usz.edu.pl\/index.php\/wp-json\/wp\/v2\/categories?post=1550"},{"taxonomy":"post_tag","embeddable":true,"href":"https:\/\/kzt.usz.edu.pl\/index.php\/wp-json\/wp\/v2\/tags?post=1550"}],"curies":[{"name":"wp","href":"https:\/\/api.w.org\/{rel}","templated":true}]}}