{"id":1560,"date":"2025-06-06T18:05:22","date_gmt":"2025-06-06T16:05:22","guid":{"rendered":"https:\/\/kzt.usz.edu.pl\/?p=1560"},"modified":"2025-10-26T18:43:19","modified_gmt":"2025-10-26T17:43:19","slug":"gosc-specjalny-z-wykladem-dla-studentow-logistyki","status":"publish","type":"post","link":"https:\/\/kzt.usz.edu.pl\/index.php\/gosc-specjalny-z-wykladem-dla-studentow-logistyki\/","title":{"rendered":"Go\u015b\u0107 specjalny z wyk\u0142adem dla student\u00f3w logistyki"},"content":{"rendered":"\n<p class=\"wp-block-paragraph\" align=\"justify\">W ubieg\u0142ym tygodniu Katedra Zarz\u0105dzania Transportem (oraz Ko\u0142o Naukowe Transportu) mia\u0142y przyjemno\u015b\u0107 go\u015bci\u0107 Pana \u0141ukasza Wierzbickiego \u2013 Dyrektora Operacyjnego w firmie Caveral Wsp\u00f3lnicy Budnicki Sp. K. oraz Prokurenta w sp\u00f3\u0142kach Caveral Road Sp. z o.o. i Caveral Cargo Sp. z o.o.<\/p>\n\n\n\n<p class=\"wp-block-paragraph\" align=\"justify\">Pan \u0141ukasz Wierzbicki w inspiruj\u0105cy spos\u00f3b przedstawi\u0142 swoj\u0105 drog\u0119 zawodow\u0105 \u2013 od pierwszych do\u015bwiadcze\u0144 w spedycji po zarz\u0105dzanie du\u017cymi strukturami operacyjnymi. Podzieli\u0142 si\u0119 tak\u017ce refleksjami na temat zmian, jakie zachodz\u0105 w bran\u017cy transportowej, w tym wyzwa\u0144 zwi\u0105zanych z Pakietem Mobilno\u015bci oraz d\u0105\u017ceniem do realizacji cel\u00f3w Europejskiego Zielonego \u0141adu.<\/p>\n\n\n\n<p class=\"wp-block-paragraph\" align=\"justify\">Spotkanie by\u0142o nie tylko \u017ar\u00f3d\u0142em wiedzy, ale r\u00f3wnie\u017c motywacj\u0105 dla student\u00f3w, by odwa\u017cnie rozwija\u0107 w\u0142asne \u015bcie\u017cki kariery w dynamicznym \u015bwiecie transportu i logistyki.<\/p>\n\n\n\n<h2 class=\"wp-block-heading\"><strong>Galeria<\/strong><\/h2>\n\n\n\n<figure class=\"wp-block-gallery has-nested-images columns-2 is-cropped wp-block-gallery-1 is-layout-flex wp-block-gallery-is-layout-flex\">\n<figure class=\"wp-block-image size-large is-style-rounded\"><img loading=\"lazy\" decoding=\"async\" width=\"576\" height=\"1024\" data-id=\"1558\" src=\"https:\/\/kzt.usz.edu.pl\/wp-content\/uploads\/2025\/10\/Image-2025-06-06-at-16.02.452-576x1024.jpeg\" alt=\"\" class=\"wp-image-1558\" srcset=\"https:\/\/kzt.usz.edu.pl\/wp-content\/uploads\/2025\/10\/Image-2025-06-06-at-16.02.452-576x1024.jpeg 576w, https:\/\/kzt.usz.edu.pl\/wp-content\/uploads\/2025\/10\/Image-2025-06-06-at-16.02.452-169x300.jpeg 169w, https:\/\/kzt.usz.edu.pl\/wp-content\/uploads\/2025\/10\/Image-2025-06-06-at-16.02.452-768x1365.jpeg 768w, https:\/\/kzt.usz.edu.pl\/wp-content\/uploads\/2025\/10\/Image-2025-06-06-at-16.02.452-864x1536.jpeg 864w, https:\/\/kzt.usz.edu.pl\/wp-content\/uploads\/2025\/10\/Image-2025-06-06-at-16.02.452.jpeg 900w\" sizes=\"auto, (max-width: 576px) 100vw, 576px\" \/><\/figure>\n\n\n\n<figure class=\"wp-block-image size-large is-style-rounded\"><img loading=\"lazy\" decoding=\"async\" width=\"576\" height=\"1024\" data-id=\"1559\" src=\"https:\/\/kzt.usz.edu.pl\/wp-content\/uploads\/2025\/10\/image-2025-06-06-at-16.02.453-576x1024.jpeg\" alt=\"\" class=\"wp-image-1559\" srcset=\"https:\/\/kzt.usz.edu.pl\/wp-content\/uploads\/2025\/10\/image-2025-06-06-at-16.02.453-576x1024.jpeg 576w, https:\/\/kzt.usz.edu.pl\/wp-content\/uploads\/2025\/10\/image-2025-06-06-at-16.02.453-169x300.jpeg 169w, https:\/\/kzt.usz.edu.pl\/wp-content\/uploads\/2025\/10\/image-2025-06-06-at-16.02.453-768x1365.jpeg 768w, https:\/\/kzt.usz.edu.pl\/wp-content\/uploads\/2025\/10\/image-2025-06-06-at-16.02.453-864x1536.jpeg 864w, https:\/\/kzt.usz.edu.pl\/wp-content\/uploads\/2025\/10\/image-2025-06-06-at-16.02.453.jpeg 900w\" sizes=\"auto, (max-width: 576px) 100vw, 576px\" \/><\/figure>\n\n\n\n<figure class=\"wp-block-image size-large is-style-rounded\"><img loading=\"lazy\" decoding=\"async\" width=\"576\" height=\"1024\" data-id=\"1557\" src=\"https:\/\/kzt.usz.edu.pl\/wp-content\/uploads\/2025\/10\/Image-2025-06-06-at-16.02.451-576x1024.jpeg\" alt=\"\" class=\"wp-image-1557\" srcset=\"https:\/\/kzt.usz.edu.pl\/wp-content\/uploads\/2025\/10\/Image-2025-06-06-at-16.02.451-576x1024.jpeg 576w, https:\/\/kzt.usz.edu.pl\/wp-content\/uploads\/2025\/10\/Image-2025-06-06-at-16.02.451-169x300.jpeg 169w, https:\/\/kzt.usz.edu.pl\/wp-content\/uploads\/2025\/10\/Image-2025-06-06-at-16.02.451-768x1365.jpeg 768w, https:\/\/kzt.usz.edu.pl\/wp-content\/uploads\/2025\/10\/Image-2025-06-06-at-16.02.451-864x1536.jpeg 864w, https:\/\/kzt.usz.edu.pl\/wp-content\/uploads\/2025\/10\/Image-2025-06-06-at-16.02.451.jpeg 900w\" sizes=\"auto, (max-width: 576px) 100vw, 576px\" \/><\/figure>\n\n\n\n<figure class=\"wp-block-image size-large is-style-rounded\"><img loading=\"lazy\" decoding=\"async\" width=\"1024\" height=\"576\" data-id=\"1556\" src=\"https:\/\/kzt.usz.edu.pl\/wp-content\/uploads\/2025\/10\/Image-2025-06-06-at-16.02.45-1024x576.jpeg\" alt=\"\" class=\"wp-image-1556\" srcset=\"https:\/\/kzt.usz.edu.pl\/wp-content\/uploads\/2025\/10\/Image-2025-06-06-at-16.02.45-1024x576.jpeg 1024w, https:\/\/kzt.usz.edu.pl\/wp-content\/uploads\/2025\/10\/Image-2025-06-06-at-16.02.45-300x169.jpeg 300w, https:\/\/kzt.usz.edu.pl\/wp-content\/uploads\/2025\/10\/Image-2025-06-06-at-16.02.45-768x432.jpeg 768w, https:\/\/kzt.usz.edu.pl\/wp-content\/uploads\/2025\/10\/Image-2025-06-06-at-16.02.45-1536x864.jpeg 1536w, https:\/\/kzt.usz.edu.pl\/wp-content\/uploads\/2025\/10\/Image-2025-06-06-at-16.02.45.jpeg 1600w\" sizes=\"auto, (max-width: 1024px) 100vw, 1024px\" \/><\/figure>\n<\/figure>\n","protected":false},"excerpt":{"rendered":"<p>W ubieg\u0142ym tygodniu Katedra Zarz\u0105dzania Transportem (oraz Ko\u0142o Naukowe Transportu) mia\u0142y przyjemno\u015b\u0107 go\u015bci\u0107 Pana \u0141ukasza Wierzbickiego \u2013 Dyrektora Operacyjnego w firmie Caveral Wsp\u00f3lnicy Budnicki Sp. K. oraz Prokurenta w sp\u00f3\u0142kach Caveral Road Sp. z o.o. i Caveral Cargo Sp. z &hellip; <\/p>\n","protected":false},"author":1,"featured_media":1559,"comment_status":"closed","ping_status":"open","sticky":false,"template":"","format":"standard","meta":{"footnotes":""},"categories":[3],"tags":[],"class_list":["post-1560","post","type-post","status-publish","format-standard","has-post-thumbnail","hentry","category-newsroom"],"_links":{"self":[{"href":"https:\/\/kzt.usz.edu.pl\/index.php\/wp-json\/wp\/v2\/posts\/1560","targetHints":{"allow":["GET"]}}],"collection":[{"href":"https:\/\/kzt.usz.edu.pl\/index.php\/wp-json\/wp\/v2\/posts"}],"about":[{"href":"https:\/\/kzt.usz.edu.pl\/index.php\/wp-json\/wp\/v2\/types\/post"}],"author":[{"embeddable":true,"href":"https:\/\/kzt.usz.edu.pl\/index.php\/wp-json\/wp\/v2\/users\/1"}],"replies":[{"embeddable":true,"href":"https:\/\/kzt.usz.edu.pl\/index.php\/wp-json\/wp\/v2\/comments?post=1560"}],"version-history":[{"count":3,"href":"https:\/\/kzt.usz.edu.pl\/index.php\/wp-json\/wp\/v2\/posts\/1560\/revisions"}],"predecessor-version":[{"id":1567,"href":"https:\/\/kzt.usz.edu.pl\/index.php\/wp-json\/wp\/v2\/posts\/1560\/revisions\/1567"}],"wp:featuredmedia":[{"embeddable":true,"href":"https:\/\/kzt.usz.edu.pl\/index.php\/wp-json\/wp\/v2\/media\/1559"}],"wp:attachment":[{"href":"https:\/\/kzt.usz.edu.pl\/index.php\/wp-json\/wp\/v2\/media?parent=1560"}],"wp:term":[{"taxonomy":"category","embeddable":true,"href":"https:\/\/kzt.usz.edu.pl\/index.php\/wp-json\/wp\/v2\/categories?post=1560"},{"taxonomy":"post_tag","embeddable":true,"href":"https:\/\/kzt.usz.edu.pl\/index.php\/wp-json\/wp\/v2\/tags?post=1560"}],"curies":[{"name":"wp","href":"https:\/\/api.w.org\/{rel}","templated":true}]}}