{"id":1565,"date":"2025-06-06T18:40:20","date_gmt":"2025-06-06T16:40:20","guid":{"rendered":"https:\/\/kzt.usz.edu.pl\/?p=1565"},"modified":"2026-05-03T03:26:43","modified_gmt":"2026-05-03T01:26:43","slug":"xxi-ogolnopolski-zjazd-ekonomistow","status":"publish","type":"post","link":"https:\/\/kzt.usz.edu.pl\/index.php\/xxi-ogolnopolski-zjazd-ekonomistow\/","title":{"rendered":"XXI Og\u00f3lnopolski Zjazd Ekonomist\u00f3w"},"content":{"rendered":"\n<p class=\"wp-block-paragraph\"><p align=\"justify\">W dniach 1\u20134 czerwca br. w Mi\u0119dzyzdrojach odby\u0142 si\u0119 <strong>XXI Og\u00f3lnopolski Zjazd Ekonomist\u00f3w<\/strong> \u2013 jedno z najwa\u017cniejszych wydarze\u0144 \u015brodowiska nauk ekonomicznych w kraju. W obradach czynny udzia\u0142 wzi\u0119\u0142y przedstawicielki <strong>Katedry Zarz\u0105dzania Transportem: prof. dr hab. El\u017cbieta Za\u0142oga oraz dr El\u017cbieta Szaruga<\/strong>.<\/p><\/p>\n\n\n\n<p class=\"wp-block-paragraph\"><p align=\"justify\">Tegoroczny Zjazd, zorganizowany pod Patronatem Honorowym Ministerstwa Nauki i Szkolnictwa Wy\u017cszego, Wojewody Zachodniopomorskiego, Marsza\u0142ka Wojew\u00f3dztwa Zachodniopomorskiego Olgierda Geblewicza oraz Polskiego Towarzystwa Ekonomicznego, zgromadzi\u0142 liczne grono naukowc\u00f3w, ekspert\u00f3w i praktyk\u00f3w \u017cycia gospodarczego.<\/p><\/p>\n\n\n\n<p class=\"wp-block-paragraph\"><p align=\"justify\"><strong>Prof. El\u017cbieta Za\u0142oga<\/strong> przewodniczy\u0142a jednej z sesji panelowych, w kt\u00f3rej dyskutowano o kluczowych kierunkach rozwoju wsp\u00f3\u0142czesnej ekonomii. Z kolei <strong>dr El\u017cbieta Szaruga<\/strong> wyst\u0105pi\u0142a z referatem pt. <em>\u201eEfekt motyla w ruchu drogowym: Jak jedno skrzy\u017cowanie wywo\u0142uje tsunami kork\u00f3w, kiedy jeden samoch\u00f3d wstrzymuje ca\u0142\u0105 metropoli\u0119\u201d<\/em>, prezentuj\u0105c oryginalne spojrzenie na zjawisko kongestii w miejskich systemach transportowych. Sesj\u0119 moderowa\u0142 dr hab. Robert Kruszewski, prof. SGH.<\/p><\/p>\n\n\n\n<p class=\"wp-block-paragraph\"><p align=\"justify\"><strong>Dyskusje, w kt\u00f3rych uczestniczy\u0142y przedstawicielki naszej Katedry, wnios\u0142y cenny g\u0142os do refleksji nad wsp\u00f3\u0142czesnymi wyzwaniami w ekonomii i zarz\u0105dzaniu transportem.<\/strong><\/p><\/p>\n\n\n\n<h2 class=\"wp-block-heading\">GALERIA<\/h2>\n\n\n\n<figure class=\"wp-block-gallery has-nested-images columns-3 wp-block-gallery-1 is-layout-flex wp-block-gallery-is-layout-flex\">\n<figure class=\"wp-block-image size-large is-style-default\"><img loading=\"lazy\" decoding=\"async\" width=\"1024\" height=\"768\" data-id=\"1564\" src=\"https:\/\/kzt.usz.edu.pl\/wp-content\/uploads\/2025\/10\/PHOTO-2025-06-03-19-56-31-1024x768.jpg\" alt=\"\" class=\"wp-image-1564\" srcset=\"https:\/\/kzt.usz.edu.pl\/wp-content\/uploads\/2025\/10\/PHOTO-2025-06-03-19-56-31-1024x768.jpg 1024w, https:\/\/kzt.usz.edu.pl\/wp-content\/uploads\/2025\/10\/PHOTO-2025-06-03-19-56-31-300x225.jpg 300w, https:\/\/kzt.usz.edu.pl\/wp-content\/uploads\/2025\/10\/PHOTO-2025-06-03-19-56-31-768x576.jpg 768w, https:\/\/kzt.usz.edu.pl\/wp-content\/uploads\/2025\/10\/PHOTO-2025-06-03-19-56-31-1536x1152.jpg 1536w, https:\/\/kzt.usz.edu.pl\/wp-content\/uploads\/2025\/10\/PHOTO-2025-06-03-19-56-31.jpg 1600w\" sizes=\"auto, (max-width: 1024px) 100vw, 1024px\" \/><\/figure>\n\n\n\n<figure class=\"wp-block-image size-large\"><img loading=\"lazy\" decoding=\"async\" width=\"1024\" height=\"768\" data-id=\"1563\" src=\"https:\/\/kzt.usz.edu.pl\/wp-content\/uploads\/2025\/10\/PHOTO-2025-06-03-19-56-31-2-1024x768.jpg\" alt=\"\" class=\"wp-image-1563\" srcset=\"https:\/\/kzt.usz.edu.pl\/wp-content\/uploads\/2025\/10\/PHOTO-2025-06-03-19-56-31-2-1024x768.jpg 1024w, https:\/\/kzt.usz.edu.pl\/wp-content\/uploads\/2025\/10\/PHOTO-2025-06-03-19-56-31-2-300x225.jpg 300w, https:\/\/kzt.usz.edu.pl\/wp-content\/uploads\/2025\/10\/PHOTO-2025-06-03-19-56-31-2-768x576.jpg 768w, https:\/\/kzt.usz.edu.pl\/wp-content\/uploads\/2025\/10\/PHOTO-2025-06-03-19-56-31-2-1536x1152.jpg 1536w, https:\/\/kzt.usz.edu.pl\/wp-content\/uploads\/2025\/10\/PHOTO-2025-06-03-19-56-31-2.jpg 1600w\" sizes=\"auto, (max-width: 1024px) 100vw, 1024px\" \/><\/figure>\n<\/figure>\n\n\n\n<p class=\"wp-block-paragraph\"><\/p>\n","protected":false},"excerpt":{"rendered":"<p>W dniach 1\u20134 czerwca br. w Mi\u0119dzyzdrojach odby\u0142 si\u0119 XXI Og\u00f3lnopolski Zjazd Ekonomist\u00f3w \u2013 jedno z najwa\u017cniejszych wydarze\u0144 \u015brodowiska nauk ekonomicznych w kraju. W obradach czynny udzia\u0142 wzi\u0119\u0142y przedstawicielki Katedry Zarz\u0105dzania Transportem: prof. dr hab. El\u017cbieta Za\u0142oga oraz dr El\u017cbieta &hellip; <\/p>\n","protected":false},"author":1,"featured_media":1563,"comment_status":"closed","ping_status":"open","sticky":false,"template":"","format":"standard","meta":{"footnotes":""},"categories":[3],"tags":[],"class_list":["post-1565","post","type-post","status-publish","format-standard","has-post-thumbnail","hentry","category-newsroom"],"_links":{"self":[{"href":"https:\/\/kzt.usz.edu.pl\/index.php\/wp-json\/wp\/v2\/posts\/1565","targetHints":{"allow":["GET"]}}],"collection":[{"href":"https:\/\/kzt.usz.edu.pl\/index.php\/wp-json\/wp\/v2\/posts"}],"about":[{"href":"https:\/\/kzt.usz.edu.pl\/index.php\/wp-json\/wp\/v2\/types\/post"}],"author":[{"embeddable":true,"href":"https:\/\/kzt.usz.edu.pl\/index.php\/wp-json\/wp\/v2\/users\/1"}],"replies":[{"embeddable":true,"href":"https:\/\/kzt.usz.edu.pl\/index.php\/wp-json\/wp\/v2\/comments?post=1565"}],"version-history":[{"count":4,"href":"https:\/\/kzt.usz.edu.pl\/index.php\/wp-json\/wp\/v2\/posts\/1565\/revisions"}],"predecessor-version":[{"id":1655,"href":"https:\/\/kzt.usz.edu.pl\/index.php\/wp-json\/wp\/v2\/posts\/1565\/revisions\/1655"}],"wp:featuredmedia":[{"embeddable":true,"href":"https:\/\/kzt.usz.edu.pl\/index.php\/wp-json\/wp\/v2\/media\/1563"}],"wp:attachment":[{"href":"https:\/\/kzt.usz.edu.pl\/index.php\/wp-json\/wp\/v2\/media?parent=1565"}],"wp:term":[{"taxonomy":"category","embeddable":true,"href":"https:\/\/kzt.usz.edu.pl\/index.php\/wp-json\/wp\/v2\/categories?post=1565"},{"taxonomy":"post_tag","embeddable":true,"href":"https:\/\/kzt.usz.edu.pl\/index.php\/wp-json\/wp\/v2\/tags?post=1565"}],"curies":[{"name":"wp","href":"https:\/\/api.w.org\/{rel}","templated":true}]}}