{"id":1576,"date":"2025-06-28T19:03:55","date_gmt":"2025-06-28T17:03:55","guid":{"rendered":"https:\/\/kzt.usz.edu.pl\/?p=1576"},"modified":"2025-10-26T19:16:11","modified_gmt":"2025-10-26T18:16:11","slug":"xxiii-europejski-kongres-transportowy-epts-w-paryzu","status":"publish","type":"post","link":"https:\/\/kzt.usz.edu.pl\/index.php\/xxiii-europejski-kongres-transportowy-epts-w-paryzu\/","title":{"rendered":"XXIII Europejski Kongres Transportowy EPTS w Pary\u017cu"},"content":{"rendered":"\n<p class=\"wp-block-paragraph\"><p align=\"justify\">W dniach 26\u201327 czerwca 2025 roku w Pary\u017cu odby\u0142 si\u0119 XXIII Europejski Kongres Transportowy EPTS, zorganizowany przez CY Cergy Paris University oraz EPTS Foundation pod has\u0142em <em>\u201cFuture of European Transport: Infrastructure, Service and Technologies\u201d<\/em> (<em>Przysz\u0142o\u015b\u0107 europejskiego transportu: infrastruktura, us\u0142ugi i technologie<\/em>).<\/p><\/p>\n\n\n\n<p class=\"wp-block-paragraph\"><p align=\"justify\">W wydarzeniu uczestniczyli przedstawiciele Instytutu Zarz\u0105dzania Uniwersytetu Szczeci\u0144skiego \u2013 <strong>prof. dr hab. El\u017cbieta Za\u0142oga<\/strong> oraz <strong>dr hab. Tomasz Kwarci\u0144ski<\/strong>, prof. US. Kongres zgromadzi\u0142 blisko 100 uczestnik\u00f3w reprezentuj\u0105cych \u015bwiat nauki, praktyki gospodarczej i administracji publicznej z 11 kraj\u00f3w europejskich oraz Japonii.<\/p><\/p>\n\n\n\n<p class=\"wp-block-paragraph\"><p align=\"justify\">Dzie\u0144 przed rozpocz\u0119ciem obrad (25 czerwca) odby\u0142o si\u0119 Walne Zgromadzenie Fundacji EPTS, po\u015bwi\u0119cone bie\u017c\u0105cym kierunkom dzia\u0142alno\u015bci organizacji oraz planom rozwoju w obszarze bada\u0144 naukowych, wsp\u00f3\u0142pracy mi\u0119dzynarodowej i promocji osi\u0105gni\u0119\u0107 europejskich naukowc\u00f3w w dziedzinie transportu.<\/p><\/p>\n\n\n\n<p class=\"wp-block-paragraph\"><p align=\"justify\">Program Kongresu obejmowa\u0142 wyst\u0105pienia wprowadzaj\u0105ce oraz panele tematyczne po\u015bwi\u0119cone m.in. dekarbonizacji transportu pasa\u017cerskiego, wyzwaniom w transporcie towarowym, mobilno\u015bci miejskiej, bezpiecze\u0144stwu, a tak\u017ce problematyce transportu kolejowego, lotniczego i morskiego. Ka\u017cda sesja sprzyja\u0142a wymianie pogl\u0105d\u00f3w, stawianiu pyta\u0144 oraz inspiruj\u0105cym dyskusjom.<\/p><\/p>\n\n\n\n<p class=\"wp-block-paragraph\"><p align=\"justify\">Integraln\u0105 cz\u0119\u015b\u0107 wydarzenia stanowi\u0142y wizyty studyjne, podczas kt\u00f3rych uczestnicy mieli okazj\u0119 zapozna\u0107 si\u0119 z nowoczesnymi rozwi\u0105zaniami w paryskim systemie transportowym \u2013 m.in. Paris Gare de Lyon Highspeed Station, La Fabrique du M\u00e9tro: Museum of new Grand Paris Express metro, Paris Lagny Bus depot: turning to electric oraz Paris Cycling Infrastructure and Culture.<\/p><\/p>\n\n\n\n<p class=\"wp-block-paragraph\"><p align=\"justify\">Podczas wieczornego rejsu po Sekwanie og\u0142oszono laureat\u00f3w presti\u017cowej nagrody <strong>Friedrich List Award<\/strong> za najlepsze prace dyplomowe i doktorskie z dziedziny transportu. <strong>Prof. Tomasz Kwarci\u0144ski<\/strong>, jako cz\u0142onek kapitu\u0142y konkursowej, przedstawi\u0142 uzasadnienie przyznania nagrody w kategorii najlepszej pracy dyplomowej dla Pani Gabrielli Tanai z Uniwersytetu w Budapeszcie za prac\u0119 pt. <em>Developing a Technology Acceptance Model for an Urban Electric Scooter Sharing Service<\/em>.<\/p><\/p>\n\n\n\n<p class=\"wp-block-paragraph\"><p align=\"justify\">Udzia\u0142 w Kongresie stanowi\u0142 doskona\u0142\u0105 okazj\u0119 do wymiany do\u015bwiadcze\u0144, zacie\u015bnienia wsp\u00f3\u0142pracy w mi\u0119dzynarodowym gronie ekspert\u00f3w oraz podj\u0119cia rozm\u00f3w o przysz\u0142ych projektach badawczych.<\/p><\/p>\n\n\n\n<p class=\"wp-block-paragraph\"><p align=\"justify\">Wyjazd na Kongres zosta\u0142 sfinansowany ze \u015brodk\u00f3w programu <strong>Regionalnej Inicjatywy Doskona\u0142o\u015bci<\/strong> pt. <em>\u201eUmacnianie potencja\u0142u naukowego na rzecz inteligentnych specjalizacji wojew\u00f3dztwa zachodniopomorskiego\u201d<\/em>.<\/p><\/p>\n\n\n\n<h2 class=\"wp-block-heading\">Galeria<\/h2>\n\n\n\n<figure class=\"wp-block-gallery has-nested-images columns-2 wp-block-gallery-1 is-layout-flex wp-block-gallery-is-layout-flex\">\n<figure class=\"wp-block-image size-large\"><img loading=\"lazy\" decoding=\"async\" width=\"473\" height=\"1024\" data-id=\"1574\" src=\"https:\/\/kzt.usz.edu.pl\/wp-content\/uploads\/2025\/10\/4123490e-0320-4f85-aa08-8926672c1925-473x1024.jpg\" alt=\"\" class=\"wp-image-1574\"\/><\/figure>\n\n\n\n<figure class=\"wp-block-image size-large\"><img loading=\"lazy\" decoding=\"async\" width=\"473\" height=\"1024\" data-id=\"1571\" src=\"https:\/\/kzt.usz.edu.pl\/wp-content\/uploads\/2025\/10\/5ab82dc4-bc96-42c6-9760-679f2733892a-473x1024.jpg\" alt=\"\" class=\"wp-image-1571\" srcset=\"https:\/\/kzt.usz.edu.pl\/wp-content\/uploads\/2025\/10\/5ab82dc4-bc96-42c6-9760-679f2733892a-473x1024.jpg 473w, https:\/\/kzt.usz.edu.pl\/wp-content\/uploads\/2025\/10\/5ab82dc4-bc96-42c6-9760-679f2733892a-138x300.jpg 138w, https:\/\/kzt.usz.edu.pl\/wp-content\/uploads\/2025\/10\/5ab82dc4-bc96-42c6-9760-679f2733892a-709x1536.jpg 709w, https:\/\/kzt.usz.edu.pl\/wp-content\/uploads\/2025\/10\/5ab82dc4-bc96-42c6-9760-679f2733892a.jpg 738w\" sizes=\"auto, (max-width: 473px) 100vw, 473px\" \/><\/figure>\n\n\n\n<figure class=\"wp-block-image size-large\"><img loading=\"lazy\" decoding=\"async\" width=\"473\" height=\"1024\" data-id=\"1575\" src=\"https:\/\/kzt.usz.edu.pl\/wp-content\/uploads\/2025\/10\/edccdbb9-3396-4157-8537-db652c611674-473x1024.jpg\" alt=\"\" class=\"wp-image-1575\" srcset=\"https:\/\/kzt.usz.edu.pl\/wp-content\/uploads\/2025\/10\/edccdbb9-3396-4157-8537-db652c611674-473x1024.jpg 473w, https:\/\/kzt.usz.edu.pl\/wp-content\/uploads\/2025\/10\/edccdbb9-3396-4157-8537-db652c611674-138x300.jpg 138w, https:\/\/kzt.usz.edu.pl\/wp-content\/uploads\/2025\/10\/edccdbb9-3396-4157-8537-db652c611674-709x1536.jpg 709w, https:\/\/kzt.usz.edu.pl\/wp-content\/uploads\/2025\/10\/edccdbb9-3396-4157-8537-db652c611674.jpg 738w\" sizes=\"auto, (max-width: 473px) 100vw, 473px\" \/><\/figure>\n\n\n\n<figure class=\"wp-block-image size-large\"><img loading=\"lazy\" decoding=\"async\" width=\"473\" height=\"1024\" data-id=\"1573\" src=\"https:\/\/kzt.usz.edu.pl\/wp-content\/uploads\/2025\/10\/466bf7fb-7e83-46c9-9105-f273d42b4cbb-473x1024.jpg\" alt=\"\" class=\"wp-image-1573\" srcset=\"https:\/\/kzt.usz.edu.pl\/wp-content\/uploads\/2025\/10\/466bf7fb-7e83-46c9-9105-f273d42b4cbb-473x1024.jpg 473w, https:\/\/kzt.usz.edu.pl\/wp-content\/uploads\/2025\/10\/466bf7fb-7e83-46c9-9105-f273d42b4cbb-138x300.jpg 138w, https:\/\/kzt.usz.edu.pl\/wp-content\/uploads\/2025\/10\/466bf7fb-7e83-46c9-9105-f273d42b4cbb-709x1536.jpg 709w, https:\/\/kzt.usz.edu.pl\/wp-content\/uploads\/2025\/10\/466bf7fb-7e83-46c9-9105-f273d42b4cbb.jpg 738w\" sizes=\"auto, (max-width: 473px) 100vw, 473px\" \/><\/figure>\n\n\n\n<figure class=\"wp-block-image size-large\"><img loading=\"lazy\" decoding=\"async\" width=\"1024\" height=\"473\" data-id=\"1572\" src=\"https:\/\/kzt.usz.edu.pl\/wp-content\/uploads\/2025\/10\/5b832028-1ea2-47ec-ac55-ec7a1de0e335-1024x473.jpg\" alt=\"\" class=\"wp-image-1572\" srcset=\"https:\/\/kzt.usz.edu.pl\/wp-content\/uploads\/2025\/10\/5b832028-1ea2-47ec-ac55-ec7a1de0e335-1024x473.jpg 1024w, https:\/\/kzt.usz.edu.pl\/wp-content\/uploads\/2025\/10\/5b832028-1ea2-47ec-ac55-ec7a1de0e335-300x138.jpg 300w, https:\/\/kzt.usz.edu.pl\/wp-content\/uploads\/2025\/10\/5b832028-1ea2-47ec-ac55-ec7a1de0e335-768x354.jpg 768w, https:\/\/kzt.usz.edu.pl\/wp-content\/uploads\/2025\/10\/5b832028-1ea2-47ec-ac55-ec7a1de0e335-1536x709.jpg 1536w, https:\/\/kzt.usz.edu.pl\/wp-content\/uploads\/2025\/10\/5b832028-1ea2-47ec-ac55-ec7a1de0e335.jpg 1599w\" sizes=\"auto, (max-width: 1024px) 100vw, 1024px\" \/><\/figure>\n<\/figure>\n","protected":false},"excerpt":{"rendered":"<p>W dniach 26\u201327 czerwca 2025 roku w Pary\u017cu odby\u0142 si\u0119 XXIII Europejski Kongres Transportowy EPTS, zorganizowany przez CY Cergy Paris University oraz EPTS Foundation pod has\u0142em \u201cFuture of European Transport: Infrastructure, Service and Technologies\u201d (Przysz\u0142o\u015b\u0107 europejskiego transportu: infrastruktura, us\u0142ugi i &hellip; <\/p>\n","protected":false},"author":1,"featured_media":1574,"comment_status":"closed","ping_status":"open","sticky":false,"template":"","format":"standard","meta":{"footnotes":""},"categories":[3],"tags":[],"class_list":["post-1576","post","type-post","status-publish","format-standard","has-post-thumbnail","hentry","category-newsroom"],"_links":{"self":[{"href":"https:\/\/kzt.usz.edu.pl\/index.php\/wp-json\/wp\/v2\/posts\/1576","targetHints":{"allow":["GET"]}}],"collection":[{"href":"https:\/\/kzt.usz.edu.pl\/index.php\/wp-json\/wp\/v2\/posts"}],"about":[{"href":"https:\/\/kzt.usz.edu.pl\/index.php\/wp-json\/wp\/v2\/types\/post"}],"author":[{"embeddable":true,"href":"https:\/\/kzt.usz.edu.pl\/index.php\/wp-json\/wp\/v2\/users\/1"}],"replies":[{"embeddable":true,"href":"https:\/\/kzt.usz.edu.pl\/index.php\/wp-json\/wp\/v2\/comments?post=1576"}],"version-history":[{"count":3,"href":"https:\/\/kzt.usz.edu.pl\/index.php\/wp-json\/wp\/v2\/posts\/1576\/revisions"}],"predecessor-version":[{"id":1579,"href":"https:\/\/kzt.usz.edu.pl\/index.php\/wp-json\/wp\/v2\/posts\/1576\/revisions\/1579"}],"wp:featuredmedia":[{"embeddable":true,"href":"https:\/\/kzt.usz.edu.pl\/index.php\/wp-json\/wp\/v2\/media\/1574"}],"wp:attachment":[{"href":"https:\/\/kzt.usz.edu.pl\/index.php\/wp-json\/wp\/v2\/media?parent=1576"}],"wp:term":[{"taxonomy":"category","embeddable":true,"href":"https:\/\/kzt.usz.edu.pl\/index.php\/wp-json\/wp\/v2\/categories?post=1576"},{"taxonomy":"post_tag","embeddable":true,"href":"https:\/\/kzt.usz.edu.pl\/index.php\/wp-json\/wp\/v2\/tags?post=1576"}],"curies":[{"name":"wp","href":"https:\/\/api.w.org\/{rel}","templated":true}]}}