{"id":1582,"date":"2026-01-21T17:38:10","date_gmt":"2026-01-21T16:38:10","guid":{"rendered":"https:\/\/kzt.usz.edu.pl\/?p=1582"},"modified":"2026-01-21T18:04:52","modified_gmt":"2026-01-21T17:04:52","slug":"projekt-smart-age","status":"publish","type":"post","link":"https:\/\/kzt.usz.edu.pl\/index.php\/projekt-smart-age\/","title":{"rendered":"Projekt Smart-Age"},"content":{"rendered":"\n<p class=\"wp-block-paragraph\" align=\"justify\">Szanowni Pa\u0144stwo, z przyjemno\u015bci\u0105 informujemy, \u017ce zesp\u00f3\u0142 pracownik\u00f3w Katedry Zarz\u0105dzania Transportem, w sk\u0142adzie: dr Zuzanna K\u0142os-Adamkiewicz &#8211; kierownik projektu, prof. dr Tomasz Kwarci\u0144ski, prof. US, dr Agnieszka Gozdek oraz dr Sylwia Kowalska b\u0119d\u0105 realizowa\u0107 w latach 2025-2027 projekt <strong>SMART-AGE<\/strong> \u2013 <em>Sustainable Mobility and Accessibility for Resilient Transport in Aging Urban Environments<\/em> (\u201eZr\u00f3wnowa\u017cona mobilno\u015b\u0107 i dost\u0119pno\u015b\u0107 dla odpornego transportu wobec starzej\u0105cego si\u0119 spo\u0142ecze\u0144stwa w miastach\u201d).<\/p>\n\n\n\n<p class=\"wp-block-paragraph\" align=\"justify\">Partnerami projektu s\u0105: Uniwersytet w Antwerpii (Belgia), AP University of Applied Sciences and Arts (Belgia), Politecnico di Milano (W\u0142ochy) oraz Odisee Hogeschool (Belgia).<\/p>\n\n\n\n<p class=\"wp-block-paragraph\" align=\"justify\">SMART-AGE to projekt realizowany w ramach partnerstwa Driving Urban Transitions (DUT), finansowany przez Komisj\u0119 Europejsk\u0105 w programie Horizon Europe Partnership poprzez Narodowe Centrum Bada\u0144 i Rozwoju. Jego celem jest zwi\u0119kszenie dost\u0119pno\u015bci transportu miejskiego dla os\u00f3b starszych (65+) poprzez eliminowanie barier utrudniaj\u0105cych im przej\u015bcie na zr\u00f3wnowa\u017cone i wsp\u00f3\u0142dzielone \u015brodki transportu. Projekt obejmuje tak\u017ce opracowanie inkluzywnej polityki i rozwi\u0105za\u0144 projektowych dostosowuj\u0105cych systemy mobilno\u015bci do potrzeb starzej\u0105cego si\u0119 spo\u0142ecze\u0144stwa. Wi\u0119cej informacji o projekcie mo\u017cna znale\u017a\u0107 na stronie internetowej: <a href=\"https:\/\/smart-age.eu\/pl\/\" target=\"_blank\" rel=\"noreferrer noopener nofollow\">https:\/\/smart-age.eu\/pl\/<\/a>.<\/p>\n\n\n\n<p class=\"wp-block-paragraph\"><\/p>\n","protected":false},"excerpt":{"rendered":"<p>Szanowni Pa\u0144stwo, z przyjemno\u015bci\u0105 informujemy, \u017ce zesp\u00f3\u0142 pracownik\u00f3w Katedry Zarz\u0105dzania Transportem, w sk\u0142adzie: dr Zuzanna K\u0142os-Adamkiewicz &#8211; kierownik projektu, prof. dr Tomasz Kwarci\u0144ski, prof. US, dr Agnieszka Gozdek oraz dr Sylwia Kowalska b\u0119d\u0105 realizowa\u0107 w latach 2025-2027 projekt SMART-AGE \u2013 &hellip; <\/p>\n","protected":false},"author":1,"featured_media":217,"comment_status":"closed","ping_status":"open","sticky":false,"template":"","format":"standard","meta":{"footnotes":""},"categories":[3],"tags":[],"class_list":["post-1582","post","type-post","status-publish","format-standard","has-post-thumbnail","hentry","category-newsroom"],"_links":{"self":[{"href":"https:\/\/kzt.usz.edu.pl\/index.php\/wp-json\/wp\/v2\/posts\/1582","targetHints":{"allow":["GET"]}}],"collection":[{"href":"https:\/\/kzt.usz.edu.pl\/index.php\/wp-json\/wp\/v2\/posts"}],"about":[{"href":"https:\/\/kzt.usz.edu.pl\/index.php\/wp-json\/wp\/v2\/types\/post"}],"author":[{"embeddable":true,"href":"https:\/\/kzt.usz.edu.pl\/index.php\/wp-json\/wp\/v2\/users\/1"}],"replies":[{"embeddable":true,"href":"https:\/\/kzt.usz.edu.pl\/index.php\/wp-json\/wp\/v2\/comments?post=1582"}],"version-history":[{"count":1,"href":"https:\/\/kzt.usz.edu.pl\/index.php\/wp-json\/wp\/v2\/posts\/1582\/revisions"}],"predecessor-version":[{"id":1583,"href":"https:\/\/kzt.usz.edu.pl\/index.php\/wp-json\/wp\/v2\/posts\/1582\/revisions\/1583"}],"wp:featuredmedia":[{"embeddable":true,"href":"https:\/\/kzt.usz.edu.pl\/index.php\/wp-json\/wp\/v2\/media\/217"}],"wp:attachment":[{"href":"https:\/\/kzt.usz.edu.pl\/index.php\/wp-json\/wp\/v2\/media?parent=1582"}],"wp:term":[{"taxonomy":"category","embeddable":true,"href":"https:\/\/kzt.usz.edu.pl\/index.php\/wp-json\/wp\/v2\/categories?post=1582"},{"taxonomy":"post_tag","embeddable":true,"href":"https:\/\/kzt.usz.edu.pl\/index.php\/wp-json\/wp\/v2\/tags?post=1582"}],"curies":[{"name":"wp","href":"https:\/\/api.w.org\/{rel}","templated":true}]}}