{"id":1584,"date":"2025-10-28T05:52:03","date_gmt":"2025-10-28T04:52:03","guid":{"rendered":"https:\/\/kzt.usz.edu.pl\/?p=1584"},"modified":"2026-01-24T05:59:48","modified_gmt":"2026-01-24T04:59:48","slug":"wycieczka-dydaktyczna-do-portu-morskiego","status":"publish","type":"post","link":"https:\/\/kzt.usz.edu.pl\/index.php\/wycieczka-dydaktyczna-do-portu-morskiego\/","title":{"rendered":"Wycieczka dydaktyczna do portu morskiego"},"content":{"rendered":"\n<p class=\"wp-block-paragraph\" align=\"justify\">W dniu 21 pa\u017adziernika 2025 r. odby\u0142a si\u0119 ca\u0142odniowa wycieczka dydaktyczna do portu morskiego w Szczecinie. W wydarzeniu uczestniczyli studenci trzeciego roku kierunk\u00f3w logistyka oraz logistyka in\u017cynierska w Uniwersytecie Szczeci\u0144skim, w \u0142\u0105cznej liczbie oko\u0142o 70 os\u00f3b.<br>Wyjazd zosta\u0142 zorganizowany przez pracownik\u00f3w Katedry Zarz\u0105dzania Transportem. Dzi\u0119ki tej inicjatywie studenci mieli mo\u017cliwo\u015b\u0107 bezpo\u015bredniego kontaktu z praktyk\u0105 gospodarcz\u0105 i pog\u0142\u0119biania wiedzy z zakresu funkcjonowania sektora transportu, spedycji i logistyki, ze szczeg\u00f3lnym uwzgl\u0119dnieniem zagadnie\u0144 zwi\u0105zanych z dzia\u0142alno\u015bci\u0105 port\u00f3w morskich.<br>Program wycieczki obejmowa\u0142 zwiedzanie wybranych obiekt\u00f3w infrastruktury portowej oraz zapoznanie si\u0119 z zasadami funkcjonowania portu morskiego w Szczecinie. Cz\u0119\u015b\u0107 merytoryczn\u0105 poprowadzi\u0142a Pani Dyrektor DB Port, Monika \u017baboklicka, kt\u00f3ra przedstawi\u0142a uczestnikom struktur\u0119 organizacyjn\u0105, zakres prowadzonej dzia\u0142alno\u015bci oraz specyfik\u0119 obs\u0142ugi proces\u00f3w logistycznych realizowanych na terenie portu. Studenci mieli mo\u017cliwo\u015b\u0107 poznania praktycznych aspekt\u00f3w zarz\u0105dzania transportem morskim oraz funkcjonowania terminali prze\u0142adunkowych.<br>Wycieczka stanowi\u0142a cenne uzupe\u0142nienie programu kszta\u0142cenia, umo\u017cliwiaj\u0105c konfrontacj\u0119 wiedzy teoretycznej z rzeczywistymi warunkami funkcjonowania sektora TSL. Uczestnicy wysoko ocenili warto\u015b\u0107 dydaktyczn\u0105 wyjazdu oraz mo\u017cliwo\u015b\u0107 bezpo\u015bredniego kontaktu z przedstawicielami praktyki gospodarczej.<\/p>\n","protected":false},"excerpt":{"rendered":"<p>W dniu 21 pa\u017adziernika 2025 r. odby\u0142a si\u0119 ca\u0142odniowa wycieczka dydaktyczna do portu morskiego w Szczecinie. W wydarzeniu uczestniczyli studenci trzeciego roku kierunk\u00f3w logistyka oraz logistyka in\u017cynierska w Uniwersytecie Szczeci\u0144skim, w \u0142\u0105cznej liczbie oko\u0142o 70 os\u00f3b.Wyjazd zosta\u0142 zorganizowany przez pracownik\u00f3w &hellip; <\/p>\n","protected":false},"author":1,"featured_media":842,"comment_status":"closed","ping_status":"open","sticky":false,"template":"","format":"standard","meta":{"footnotes":""},"categories":[3],"tags":[],"class_list":["post-1584","post","type-post","status-publish","format-standard","has-post-thumbnail","hentry","category-newsroom"],"_links":{"self":[{"href":"https:\/\/kzt.usz.edu.pl\/index.php\/wp-json\/wp\/v2\/posts\/1584","targetHints":{"allow":["GET"]}}],"collection":[{"href":"https:\/\/kzt.usz.edu.pl\/index.php\/wp-json\/wp\/v2\/posts"}],"about":[{"href":"https:\/\/kzt.usz.edu.pl\/index.php\/wp-json\/wp\/v2\/types\/post"}],"author":[{"embeddable":true,"href":"https:\/\/kzt.usz.edu.pl\/index.php\/wp-json\/wp\/v2\/users\/1"}],"replies":[{"embeddable":true,"href":"https:\/\/kzt.usz.edu.pl\/index.php\/wp-json\/wp\/v2\/comments?post=1584"}],"version-history":[{"count":1,"href":"https:\/\/kzt.usz.edu.pl\/index.php\/wp-json\/wp\/v2\/posts\/1584\/revisions"}],"predecessor-version":[{"id":1585,"href":"https:\/\/kzt.usz.edu.pl\/index.php\/wp-json\/wp\/v2\/posts\/1584\/revisions\/1585"}],"wp:featuredmedia":[{"embeddable":true,"href":"https:\/\/kzt.usz.edu.pl\/index.php\/wp-json\/wp\/v2\/media\/842"}],"wp:attachment":[{"href":"https:\/\/kzt.usz.edu.pl\/index.php\/wp-json\/wp\/v2\/media?parent=1584"}],"wp:term":[{"taxonomy":"category","embeddable":true,"href":"https:\/\/kzt.usz.edu.pl\/index.php\/wp-json\/wp\/v2\/categories?post=1584"},{"taxonomy":"post_tag","embeddable":true,"href":"https:\/\/kzt.usz.edu.pl\/index.php\/wp-json\/wp\/v2\/tags?post=1584"}],"curies":[{"name":"wp","href":"https:\/\/api.w.org\/{rel}","templated":true}]}}