{"id":1627,"date":"2026-02-20T09:44:28","date_gmt":"2026-02-20T08:44:28","guid":{"rendered":"https:\/\/kzt.usz.edu.pl\/?p=1627"},"modified":"2026-02-20T10:08:38","modified_gmt":"2026-02-20T09:08:38","slug":"gratulacje-dla-dr-marty-sidorkiewicz","status":"publish","type":"post","link":"https:\/\/kzt.usz.edu.pl\/index.php\/gratulacje-dla-dr-marty-sidorkiewicz\/","title":{"rendered":"Gratulacje dla dr Marty Sidorkiewicz!"},"content":{"rendered":"\n<p class=\"wp-block-paragraph\"><p align=\"justify\">Z przyjemno\u015bci\u0105 informujemy, \u017ce <strong>Pani dr Marta Sidorkiewicz<\/strong> z naszej Katedry w dniu 18.11.2025 otrzyma\u0142a <strong>Srebrn\u0105 Odznak\u0119 Honorow\u0105 Gryfa Zachodniopomorskiego<\/strong>.<\/p><\/p>\n\n\n\n<p class=\"wp-block-paragraph\"><p align=\"justify\">To presti\u017cowe wyr\u00f3\u017cnienie przyznawane przez <strong>Sejmik Wojew\u00f3dztwa Zachodniopomorskiego<\/strong> osobom i instytucjom, kt\u00f3re znacz\u0105co przyczyniaj\u0105 si\u0119 do rozwoju Pomorza Zachodniego.<\/p><\/p>\n\n\n\n<p class=\"wp-block-paragraph\"><p align=\"justify\">Pani Doktor aktywnie upowszechnia <strong>enoturystyk\u0119<\/strong> na Pomorzu Zachodnim, wspieraj\u0105c jednocze\u015bnie promocj\u0119 regionu.<\/p><\/p>\n\n\n\n<p class=\"wp-block-paragraph\"><p align=\"justify\">Gratulujemy i \u017cyczymy kolejnych sukces\u00f3w!<\/p><\/p>\n\n\n\n<figure class=\"wp-block-gallery has-nested-images columns-default is-cropped wp-block-gallery-1 is-layout-flex wp-block-gallery-is-layout-flex\">\n<figure class=\"wp-block-image size-large\"><img loading=\"lazy\" decoding=\"async\" width=\"768\" height=\"1024\" data-id=\"1631\" src=\"https:\/\/kzt.usz.edu.pl\/wp-content\/uploads\/2026\/02\/IMG_3982-768x1024.jpg\" alt=\"\" class=\"wp-image-1631\" srcset=\"https:\/\/kzt.usz.edu.pl\/wp-content\/uploads\/2026\/02\/IMG_3982-768x1024.jpg 768w, https:\/\/kzt.usz.edu.pl\/wp-content\/uploads\/2026\/02\/IMG_3982-225x300.jpg 225w, https:\/\/kzt.usz.edu.pl\/wp-content\/uploads\/2026\/02\/IMG_3982.jpg 1000w\" sizes=\"auto, (max-width: 768px) 100vw, 768px\" \/><\/figure>\n\n\n\n<figure class=\"wp-block-image size-large\"><img loading=\"lazy\" decoding=\"async\" width=\"768\" height=\"1024\" data-id=\"1632\" src=\"https:\/\/kzt.usz.edu.pl\/wp-content\/uploads\/2026\/02\/IMG_4014-768x1024.jpg\" alt=\"\" class=\"wp-image-1632\" srcset=\"https:\/\/kzt.usz.edu.pl\/wp-content\/uploads\/2026\/02\/IMG_4014-768x1024.jpg 768w, https:\/\/kzt.usz.edu.pl\/wp-content\/uploads\/2026\/02\/IMG_4014-225x300.jpg 225w, https:\/\/kzt.usz.edu.pl\/wp-content\/uploads\/2026\/02\/IMG_4014.jpg 1000w\" sizes=\"auto, (max-width: 768px) 100vw, 768px\" \/><\/figure>\n\n\n\n<figure class=\"wp-block-image size-large\"><img loading=\"lazy\" decoding=\"async\" width=\"768\" height=\"1024\" data-id=\"1629\" src=\"https:\/\/kzt.usz.edu.pl\/wp-content\/uploads\/2026\/02\/IMG_4018-768x1024.jpg\" alt=\"\" class=\"wp-image-1629\" srcset=\"https:\/\/kzt.usz.edu.pl\/wp-content\/uploads\/2026\/02\/IMG_4018-768x1024.jpg 768w, https:\/\/kzt.usz.edu.pl\/wp-content\/uploads\/2026\/02\/IMG_4018-225x300.jpg 225w, https:\/\/kzt.usz.edu.pl\/wp-content\/uploads\/2026\/02\/IMG_4018.jpg 1000w\" sizes=\"auto, (max-width: 768px) 100vw, 768px\" \/><\/figure>\n\n\n\n<figure class=\"wp-block-image size-large\"><img loading=\"lazy\" decoding=\"async\" width=\"768\" height=\"1024\" data-id=\"1628\" src=\"https:\/\/kzt.usz.edu.pl\/wp-content\/uploads\/2026\/02\/IMG_4036-768x1024.jpg\" alt=\"\" class=\"wp-image-1628\" srcset=\"https:\/\/kzt.usz.edu.pl\/wp-content\/uploads\/2026\/02\/IMG_4036-768x1024.jpg 768w, https:\/\/kzt.usz.edu.pl\/wp-content\/uploads\/2026\/02\/IMG_4036-225x300.jpg 225w, https:\/\/kzt.usz.edu.pl\/wp-content\/uploads\/2026\/02\/IMG_4036.jpg 1000w\" sizes=\"auto, (max-width: 768px) 100vw, 768px\" \/><\/figure>\n\n\n\n<figure class=\"wp-block-image size-large\"><img loading=\"lazy\" decoding=\"async\" width=\"768\" height=\"1024\" data-id=\"1630\" src=\"https:\/\/kzt.usz.edu.pl\/wp-content\/uploads\/2026\/02\/IMG_4059-768x1024.jpg\" alt=\"\" class=\"wp-image-1630\" srcset=\"https:\/\/kzt.usz.edu.pl\/wp-content\/uploads\/2026\/02\/IMG_4059-768x1024.jpg 768w, https:\/\/kzt.usz.edu.pl\/wp-content\/uploads\/2026\/02\/IMG_4059-225x300.jpg 225w, https:\/\/kzt.usz.edu.pl\/wp-content\/uploads\/2026\/02\/IMG_4059.jpg 1000w\" sizes=\"auto, (max-width: 768px) 100vw, 768px\" \/><\/figure>\n<\/figure>\n","protected":false},"excerpt":{"rendered":"<p>Z przyjemno\u015bci\u0105 informujemy, \u017ce Pani dr Marta Sidorkiewicz z naszej Katedry w dniu 18.11.2025 otrzyma\u0142a Srebrn\u0105 Odznak\u0119 Honorow\u0105 Gryfa Zachodniopomorskiego. To presti\u017cowe wyr\u00f3\u017cnienie przyznawane przez Sejmik Wojew\u00f3dztwa Zachodniopomorskiego osobom i instytucjom, kt\u00f3re znacz\u0105co przyczyniaj\u0105 si\u0119 do rozwoju Pomorza Zachodniego. Pani &hellip; <\/p>\n","protected":false},"author":1,"featured_media":1631,"comment_status":"closed","ping_status":"open","sticky":false,"template":"","format":"standard","meta":{"footnotes":""},"categories":[3],"tags":[],"class_list":["post-1627","post","type-post","status-publish","format-standard","has-post-thumbnail","hentry","category-newsroom"],"_links":{"self":[{"href":"https:\/\/kzt.usz.edu.pl\/index.php\/wp-json\/wp\/v2\/posts\/1627","targetHints":{"allow":["GET"]}}],"collection":[{"href":"https:\/\/kzt.usz.edu.pl\/index.php\/wp-json\/wp\/v2\/posts"}],"about":[{"href":"https:\/\/kzt.usz.edu.pl\/index.php\/wp-json\/wp\/v2\/types\/post"}],"author":[{"embeddable":true,"href":"https:\/\/kzt.usz.edu.pl\/index.php\/wp-json\/wp\/v2\/users\/1"}],"replies":[{"embeddable":true,"href":"https:\/\/kzt.usz.edu.pl\/index.php\/wp-json\/wp\/v2\/comments?post=1627"}],"version-history":[{"count":2,"href":"https:\/\/kzt.usz.edu.pl\/index.php\/wp-json\/wp\/v2\/posts\/1627\/revisions"}],"predecessor-version":[{"id":1638,"href":"https:\/\/kzt.usz.edu.pl\/index.php\/wp-json\/wp\/v2\/posts\/1627\/revisions\/1638"}],"wp:featuredmedia":[{"embeddable":true,"href":"https:\/\/kzt.usz.edu.pl\/index.php\/wp-json\/wp\/v2\/media\/1631"}],"wp:attachment":[{"href":"https:\/\/kzt.usz.edu.pl\/index.php\/wp-json\/wp\/v2\/media?parent=1627"}],"wp:term":[{"taxonomy":"category","embeddable":true,"href":"https:\/\/kzt.usz.edu.pl\/index.php\/wp-json\/wp\/v2\/categories?post=1627"},{"taxonomy":"post_tag","embeddable":true,"href":"https:\/\/kzt.usz.edu.pl\/index.php\/wp-json\/wp\/v2\/tags?post=1627"}],"curies":[{"name":"wp","href":"https:\/\/api.w.org\/{rel}","templated":true}]}}