{"id":1641,"date":"2026-03-03T08:23:20","date_gmt":"2026-03-03T07:23:20","guid":{"rendered":"https:\/\/kzt.usz.edu.pl\/?p=1641"},"modified":"2026-03-03T08:26:11","modified_gmt":"2026-03-03T07:26:11","slug":"monografia-rozwoj-badan-nad-transportem","status":"publish","type":"post","link":"https:\/\/kzt.usz.edu.pl\/index.php\/monografia-rozwoj-badan-nad-transportem\/","title":{"rendered":"Monografia: Rozw\u00f3j bada\u0144 nad transportem"},"content":{"rendered":"\n<p class=\"wp-block-paragraph\" align=\"justify\">Na rynku pojawi\u0142a si\u0119 monografia pt. &#8222;<strong>Rozw\u00f3j bada\u0144 nad transportem. Ocena z perspektywy obchod\u00f3w Roku Profesora Jerzego Wolszczana w Uniwersytecie Szczeci\u0144skim<\/strong>&#8222;, kt\u00f3ra zosta\u0142a wydana nak\u0142adem Wydawnictwa Naukowego Uniwersytetu Szczeci\u0144skiego. Ksi\u0105\u017cka zosta\u0142a obj\u0119ta redakcj\u0105 naukow\u0105 przez prof. El\u017cbiet\u0119 Za\u0142og\u0119 i dr Sylwi\u0119 Kowalsk\u0105.<\/p>\n\n\n\n<p class=\"wp-block-paragraph\" align=\"justify\">Monografia prezentuje najnowsze wyniki bada\u0144 nad transportem, przygotowane g\u0142\u00f3wnie przez szczeci\u0144skie \u015brodowisko ekonomist\u00f3w transportu, rozwijaj\u0105ce dorobek swoich Mistrz\u00f3w, w tym Profesora Jerzego Wolszczana. Publikacja podkre\u015bla znaczenie bada\u0144 transportowych dla rozwoju nauki i gospodarki.<\/p>\n\n\n\n<p class=\"wp-block-paragraph\" align=\"justify\">W obliczu dynamicznych zmian w sektorze transportu omawia kluczowe wyzwania zwi\u0105zane z polityk\u0105 transportow\u0105, logistyk\u0105, elektromobilno\u015bci\u0105 oraz cyfryzacj\u0105 us\u0142ug, uwzgl\u0119dniaj\u0105c zar\u00f3wno perspektyw\u0119 makroekonomiczn\u0105, jak i rozwi\u0105zania bran\u017cowe.<\/p>\n\n\n\n<p class=\"wp-block-paragraph\">Ksi\u0105\u017cka zawiera g\u0142\u00f3wne w\u0105tki w nast\u0119puj\u0105cym uk\u0142adzie:<br>Pro Memoria<br><strong>Hubert Bronk<\/strong><br>Prof. dr hab. Jerzy Wolszczan (1919\u20131984)<\/p>\n\n\n\n<p class=\"wp-block-paragraph\">Rozdzia\u0142 1<br><strong>Miros\u0142aw Antonowicz<\/strong><br>Rola Korytarza \u015arodkowego w przewozach kontenerowych mi\u0119dzy Chinami a Europ\u0105<\/p>\n\n\n\n<p class=\"wp-block-paragraph\">Rozdzia\u0142 2<br><strong>Arkadiusz Drewnowski<\/strong><br>Propozycje rozwi\u0105za\u0144 dla wzmocnienia znaczenia regionalnych linii kolejowych w systemie transportowym Polski<\/p>\n\n\n\n<p class=\"wp-block-paragraph\">Rozdzia\u0142 3<br><strong>Janusz Figura<\/strong><br>Taksonomia jako element wsparcia transportu<\/p>\n\n\n\n<p class=\"wp-block-paragraph\">Rozdzia\u0142 4<br><strong>Sylwia Kowalska<\/strong><br>Systemy poboru op\u0142aty drogowej w Unii Europejskiej wobec wyzwa\u0144 dekarbonizacji transportu<\/p>\n\n\n\n<p class=\"wp-block-paragraph\">Rozdzia\u0142 5<br><strong>Tomasz Kwarci\u0144ski<\/strong><br>Dylematy wyboru \u017arod\u0142a nap\u0119du w autobusach komunikacji miejskiej w kontek\u015bcie polityki dekarbonizacji transportu<\/p>\n\n\n\n<p class=\"wp-block-paragraph\">Rozdzia\u0142 6<br><strong>Piotr Niedzielski, Tomasz Kwarci\u0144ski, Agnieszka Kwarci\u0144ska, Karol Leszczy\u0144ski<\/strong><br>Innowacje w gospodarce cyfrowej jako determinanta kszta\u0142towania rynku us\u0142ug przewoz\u00f3w autobusowych \u2013 studium przypadku<\/p>\n\n\n\n<p class=\"wp-block-paragraph\">Rozdzia\u0142 7<br><strong>El\u017cbieta Szaruga<\/strong><br>Modelowanie symulacyjne wp\u0142ywu zmian organizacyjnych skrzy\u017cowania na poziom kongestii transportowej \u2013 studium przypadku skrzy\u017cowania ulic Szosa Polska i Policka w Szczecinie<\/p>\n\n\n\n<p class=\"wp-block-paragraph\">Rozdzia\u0142 8<br><strong>El\u017cbieta Za\u0142oga<\/strong><br>Transeuropejska sie\u0107 transportowa TEN-T jako narz\u0119dzie tworzenia europejskiej warto\u015bci dodanej<\/p>\n","protected":false},"excerpt":{"rendered":"<p>Na rynku pojawi\u0142a si\u0119 monografia pt. &#8222;Rozw\u00f3j bada\u0144 nad transportem. Ocena z perspektywy obchod\u00f3w Roku Profesora Jerzego Wolszczana w Uniwersytecie Szczeci\u0144skim&#8222;, kt\u00f3ra zosta\u0142a wydana nak\u0142adem Wydawnictwa Naukowego Uniwersytetu Szczeci\u0144skiego. Ksi\u0105\u017cka zosta\u0142a obj\u0119ta redakcj\u0105 naukow\u0105 przez prof. El\u017cbiet\u0119 Za\u0142og\u0119 i dr &hellip; <\/p>\n","protected":false},"author":1,"featured_media":1640,"comment_status":"closed","ping_status":"open","sticky":false,"template":"","format":"standard","meta":{"footnotes":""},"categories":[3],"tags":[],"class_list":["post-1641","post","type-post","status-publish","format-standard","has-post-thumbnail","hentry","category-newsroom"],"_links":{"self":[{"href":"https:\/\/kzt.usz.edu.pl\/index.php\/wp-json\/wp\/v2\/posts\/1641","targetHints":{"allow":["GET"]}}],"collection":[{"href":"https:\/\/kzt.usz.edu.pl\/index.php\/wp-json\/wp\/v2\/posts"}],"about":[{"href":"https:\/\/kzt.usz.edu.pl\/index.php\/wp-json\/wp\/v2\/types\/post"}],"author":[{"embeddable":true,"href":"https:\/\/kzt.usz.edu.pl\/index.php\/wp-json\/wp\/v2\/users\/1"}],"replies":[{"embeddable":true,"href":"https:\/\/kzt.usz.edu.pl\/index.php\/wp-json\/wp\/v2\/comments?post=1641"}],"version-history":[{"count":3,"href":"https:\/\/kzt.usz.edu.pl\/index.php\/wp-json\/wp\/v2\/posts\/1641\/revisions"}],"predecessor-version":[{"id":1644,"href":"https:\/\/kzt.usz.edu.pl\/index.php\/wp-json\/wp\/v2\/posts\/1641\/revisions\/1644"}],"wp:featuredmedia":[{"embeddable":true,"href":"https:\/\/kzt.usz.edu.pl\/index.php\/wp-json\/wp\/v2\/media\/1640"}],"wp:attachment":[{"href":"https:\/\/kzt.usz.edu.pl\/index.php\/wp-json\/wp\/v2\/media?parent=1641"}],"wp:term":[{"taxonomy":"category","embeddable":true,"href":"https:\/\/kzt.usz.edu.pl\/index.php\/wp-json\/wp\/v2\/categories?post=1641"},{"taxonomy":"post_tag","embeddable":true,"href":"https:\/\/kzt.usz.edu.pl\/index.php\/wp-json\/wp\/v2\/tags?post=1641"}],"curies":[{"name":"wp","href":"https:\/\/api.w.org\/{rel}","templated":true}]}}