{"id":169,"date":"2024-03-20T14:19:00","date_gmt":"2024-03-20T13:19:00","guid":{"rendered":"http:\/\/raratheme.com\/preview\/business-one-page\/?p=169"},"modified":"2024-05-08T19:34:19","modified_gmt":"2024-05-08T17:34:19","slug":"kzt-swietuje-habilitacje-z-zarzadzania","status":"publish","type":"post","link":"https:\/\/kzt.usz.edu.pl\/index.php\/kzt-swietuje-habilitacje-z-zarzadzania\/","title":{"rendered":"KZT \u015bwi\u0119tuje habilitacj\u0119 z zarz\u0105dzania"},"content":{"rendered":"\n\n\n<p class=\"wp-block-paragraph\" align=\"justify\">Katedra Zarz\u0105dzania Transportem po raz kolejny mo\u017ce poszczyci\u0107 si\u0119 awansem naukowym. Tym razem mowa o habilitacji w dziedzinie nauk spo\u0142ecznych w dyscyplinie nauki o zarz\u0105dzaniu i jako\u015bci. Pierwszym &#8222;transportowcem&#8221; i pierwsz\u0105 kobiet\u0105, kt\u00f3ra uzyska\u0142a stopie\u0144 doktora habilitowanego w tej dyscyplinie w &#8222;nowej procedurze&#8221; zosta\u0142a nasza przesympatyczna kole\u017canka Pani dr hab. Marta Ma\u0144kowska. Serdecznie gratulujemy i \u017cyczymy kolejnego awansu, czyli profesury belwederskiej!<\/p>\n\n\n<div class=\"wp-block-image is-style-rounded\">\n<figure class=\"aligncenter size-large\"><img loading=\"lazy\" decoding=\"async\" width=\"1024\" height=\"297\" src=\"https:\/\/kzt.usz.edu.pl\/wp-content\/uploads\/2024\/03\/ZebranieMM-1024x297.jpg\" alt=\"\" class=\"wp-image-1006\" srcset=\"https:\/\/kzt.usz.edu.pl\/wp-content\/uploads\/2024\/03\/ZebranieMM-1024x297.jpg 1024w, https:\/\/kzt.usz.edu.pl\/wp-content\/uploads\/2024\/03\/ZebranieMM-300x87.jpg 300w, https:\/\/kzt.usz.edu.pl\/wp-content\/uploads\/2024\/03\/ZebranieMM-768x222.jpg 768w, https:\/\/kzt.usz.edu.pl\/wp-content\/uploads\/2024\/03\/ZebranieMM.jpg 1326w\" sizes=\"auto, (max-width: 1024px) 100vw, 1024px\" \/><\/figure>\n<\/div>\n\n\n<p class=\"wp-block-paragraph\"><\/p>\n\n\n\n<p align=\"justify\">Warto te\u017c wspomnie\u0107 o ksi\u0105\u017cce &#8222;habilitacyjnej&#8221; pt. &#8222;Determinanty podzia\u0142u gestii transportowej oraz wyboru warunk\u00f3w dostaw Incoterms w mi\u0119dzynarodowych transakcjach handlowych&#8221; autorstwa Pani dr hab. Marty Ma\u0144kowskiej, kt\u00f3ra zosta\u0142a wydana pod egid\u0105 Wydawnictwa Naukowego Uniwersytetu Szczeci\u0144skiego. Ksi\u0105\u017cka cieszy si\u0119 du\u017cym zainteresowaniem akademik\u00f3w, praktyk\u00f3w oraz wszystkich, kt\u00f3rzy chcieliby zg\u0142\u0119bi\u0107 wiedz\u0119 w tej tematyce.<\/p>\n\n\n<div class=\"wp-block-image\">\n<figure class=\"aligncenter size-full\"><img loading=\"lazy\" decoding=\"async\" width=\"508\" height=\"727\" src=\"https:\/\/kzt.usz.edu.pl\/wp-content\/uploads\/2024\/03\/determinanty_podzialu.jpg\" alt=\"\" class=\"wp-image-1007\" srcset=\"https:\/\/kzt.usz.edu.pl\/wp-content\/uploads\/2024\/03\/determinanty_podzialu.jpg 508w, https:\/\/kzt.usz.edu.pl\/wp-content\/uploads\/2024\/03\/determinanty_podzialu-210x300.jpg 210w\" sizes=\"auto, (max-width: 508px) 100vw, 508px\" \/><\/figure>\n<\/div>","protected":false},"excerpt":{"rendered":"<p>Katedra Zarz\u0105dzania Transportem po raz kolejny mo\u017ce poszczyci\u0107 si\u0119 awansem naukowym. Tym razem mowa o habilitacji w dziedzinie nauk spo\u0142ecznych w dyscyplinie nauki o zarz\u0105dzaniu i jako\u015bci. Pierwszym &#8222;transportowcem&#8221; i pierwsz\u0105 kobiet\u0105, kt\u00f3ra uzyska\u0142a stopie\u0144 doktora habilitowanego w tej dyscyplinie &hellip; <\/p>\n","protected":false},"author":1,"featured_media":1006,"comment_status":"closed","ping_status":"open","sticky":false,"template":"","format":"standard","meta":{"footnotes":""},"categories":[3],"tags":[],"class_list":["post-169","post","type-post","status-publish","format-standard","has-post-thumbnail","hentry","category-newsroom"],"_links":{"self":[{"href":"https:\/\/kzt.usz.edu.pl\/index.php\/wp-json\/wp\/v2\/posts\/169","targetHints":{"allow":["GET"]}}],"collection":[{"href":"https:\/\/kzt.usz.edu.pl\/index.php\/wp-json\/wp\/v2\/posts"}],"about":[{"href":"https:\/\/kzt.usz.edu.pl\/index.php\/wp-json\/wp\/v2\/types\/post"}],"author":[{"embeddable":true,"href":"https:\/\/kzt.usz.edu.pl\/index.php\/wp-json\/wp\/v2\/users\/1"}],"replies":[{"embeddable":true,"href":"https:\/\/kzt.usz.edu.pl\/index.php\/wp-json\/wp\/v2\/comments?post=169"}],"version-history":[{"count":4,"href":"https:\/\/kzt.usz.edu.pl\/index.php\/wp-json\/wp\/v2\/posts\/169\/revisions"}],"predecessor-version":[{"id":1010,"href":"https:\/\/kzt.usz.edu.pl\/index.php\/wp-json\/wp\/v2\/posts\/169\/revisions\/1010"}],"wp:featuredmedia":[{"embeddable":true,"href":"https:\/\/kzt.usz.edu.pl\/index.php\/wp-json\/wp\/v2\/media\/1006"}],"wp:attachment":[{"href":"https:\/\/kzt.usz.edu.pl\/index.php\/wp-json\/wp\/v2\/media?parent=169"}],"wp:term":[{"taxonomy":"category","embeddable":true,"href":"https:\/\/kzt.usz.edu.pl\/index.php\/wp-json\/wp\/v2\/categories?post=169"},{"taxonomy":"post_tag","embeddable":true,"href":"https:\/\/kzt.usz.edu.pl\/index.php\/wp-json\/wp\/v2\/tags?post=169"}],"curies":[{"name":"wp","href":"https:\/\/api.w.org\/{rel}","templated":true}]}}