{"id":1700,"date":"2026-06-29T14:31:08","date_gmt":"2026-06-29T12:31:08","guid":{"rendered":"https:\/\/kzt.usz.edu.pl\/?p=1700"},"modified":"2026-06-30T20:11:55","modified_gmt":"2026-06-30T18:11:55","slug":"zarzad-polskiej-izby-gospodarczej-transportu-samochodowego-i-spedycji-z-wizyta-w-katedrze-zarzadzania-transportem-us","status":"publish","type":"post","link":"https:\/\/kzt.usz.edu.pl\/index.php\/zarzad-polskiej-izby-gospodarczej-transportu-samochodowego-i-spedycji-z-wizyta-w-katedrze-zarzadzania-transportem-us\/","title":{"rendered":"Zarz\u0105d Polskiej Izby Gospodarczej Transportu Samochodowego i Spedycji z wizyt\u0105 w Katedrze Zarz\u0105dzania Transportem US"},"content":{"rendered":"\n<p class=\"wp-block-paragraph\">W dniu 10 czerwca br. go\u015bcili\u015bmy Zarz\u0105d Polskiej Izby Gospodarczej Transportu Samochodowego i Spedycji, reprezentowany przez prezesa Zdzis\u0142awa Szczerbaciuka oraz wiceprezesa Henryka Leszczy\u0144skiego. Katedr\u0119 reprezentowa\u0142a prof. dr hab. El\u017cbieta Za\u0142oga oraz dr hab. Tomasz Kwarci\u0144ski, prof. US. Spotkanie wpisa\u0142o si\u0119 w ramy obchod\u00f3w jubileuszu 80-lecia PKS. Obok historycznych odniesie\u0144, om\u00f3wiono tak\u017ce bie\u017c\u0105ce problemy funkcjonowania przedsi\u0119biorstw publicznego transportu pasa\u017cerskiego.<\/p>\n\n\n\n<figure class=\"wp-block-image size-large\"><img loading=\"lazy\" decoding=\"async\" width=\"1024\" height=\"473\" src=\"https:\/\/kzt.usz.edu.pl\/wp-content\/uploads\/2026\/06\/1782734586240-1024x473.jpeg\" alt=\"\" class=\"wp-image-1703\" srcset=\"https:\/\/kzt.usz.edu.pl\/wp-content\/uploads\/2026\/06\/1782734586240-1024x473.jpeg 1024w, https:\/\/kzt.usz.edu.pl\/wp-content\/uploads\/2026\/06\/1782734586240-300x138.jpeg 300w, https:\/\/kzt.usz.edu.pl\/wp-content\/uploads\/2026\/06\/1782734586240-768x354.jpeg 768w, https:\/\/kzt.usz.edu.pl\/wp-content\/uploads\/2026\/06\/1782734586240-1536x709.jpeg 1536w, https:\/\/kzt.usz.edu.pl\/wp-content\/uploads\/2026\/06\/1782734586240.jpeg 2048w\" sizes=\"auto, (max-width: 1024px) 100vw, 1024px\" \/><\/figure>\n\n\n\n<figure class=\"wp-block-image size-large\"><img loading=\"lazy\" decoding=\"async\" width=\"473\" height=\"1024\" src=\"https:\/\/kzt.usz.edu.pl\/wp-content\/uploads\/2026\/06\/1782734586003-1-473x1024.jpeg\" alt=\"\" class=\"wp-image-1704\" srcset=\"https:\/\/kzt.usz.edu.pl\/wp-content\/uploads\/2026\/06\/1782734586003-1-473x1024.jpeg 473w, https:\/\/kzt.usz.edu.pl\/wp-content\/uploads\/2026\/06\/1782734586003-1-139x300.jpeg 139w, https:\/\/kzt.usz.edu.pl\/wp-content\/uploads\/2026\/06\/1782734586003-1-768x1663.jpeg 768w, https:\/\/kzt.usz.edu.pl\/wp-content\/uploads\/2026\/06\/1782734586003-1-710x1536.jpeg 710w, https:\/\/kzt.usz.edu.pl\/wp-content\/uploads\/2026\/06\/1782734586003-1-946x2048.jpeg 946w, https:\/\/kzt.usz.edu.pl\/wp-content\/uploads\/2026\/06\/1782734586003-1-scaled.jpeg 1183w\" sizes=\"auto, (max-width: 473px) 100vw, 473px\" \/><\/figure>\n","protected":false},"excerpt":{"rendered":"<p>W dniu 10 czerwca br. go\u015bcili\u015bmy Zarz\u0105d Polskiej Izby Gospodarczej Transportu Samochodowego i Spedycji, reprezentowany przez prezesa Zdzis\u0142awa Szczerbaciuka oraz wiceprezesa Henryka Leszczy\u0144skiego. Katedr\u0119 reprezentowa\u0142a prof. dr hab. El\u017cbieta Za\u0142oga oraz dr hab. Tomasz Kwarci\u0144ski, prof. US. Spotkanie wpisa\u0142o si\u0119 &hellip; <\/p>\n","protected":false},"author":2,"featured_media":1706,"comment_status":"closed","ping_status":"open","sticky":false,"template":"","format":"standard","meta":{"footnotes":""},"categories":[3],"tags":[],"class_list":["post-1700","post","type-post","status-publish","format-standard","has-post-thumbnail","hentry","category-newsroom"],"_links":{"self":[{"href":"https:\/\/kzt.usz.edu.pl\/index.php\/wp-json\/wp\/v2\/posts\/1700","targetHints":{"allow":["GET"]}}],"collection":[{"href":"https:\/\/kzt.usz.edu.pl\/index.php\/wp-json\/wp\/v2\/posts"}],"about":[{"href":"https:\/\/kzt.usz.edu.pl\/index.php\/wp-json\/wp\/v2\/types\/post"}],"author":[{"embeddable":true,"href":"https:\/\/kzt.usz.edu.pl\/index.php\/wp-json\/wp\/v2\/users\/2"}],"replies":[{"embeddable":true,"href":"https:\/\/kzt.usz.edu.pl\/index.php\/wp-json\/wp\/v2\/comments?post=1700"}],"version-history":[{"count":3,"href":"https:\/\/kzt.usz.edu.pl\/index.php\/wp-json\/wp\/v2\/posts\/1700\/revisions"}],"predecessor-version":[{"id":1707,"href":"https:\/\/kzt.usz.edu.pl\/index.php\/wp-json\/wp\/v2\/posts\/1700\/revisions\/1707"}],"wp:featuredmedia":[{"embeddable":true,"href":"https:\/\/kzt.usz.edu.pl\/index.php\/wp-json\/wp\/v2\/media\/1706"}],"wp:attachment":[{"href":"https:\/\/kzt.usz.edu.pl\/index.php\/wp-json\/wp\/v2\/media?parent=1700"}],"wp:term":[{"taxonomy":"category","embeddable":true,"href":"https:\/\/kzt.usz.edu.pl\/index.php\/wp-json\/wp\/v2\/categories?post=1700"},{"taxonomy":"post_tag","embeddable":true,"href":"https:\/\/kzt.usz.edu.pl\/index.php\/wp-json\/wp\/v2\/tags?post=1700"}],"curies":[{"name":"wp","href":"https:\/\/api.w.org\/{rel}","templated":true}]}}