{"id":231,"date":"2023-12-19T12:45:49","date_gmt":"2023-12-19T11:45:49","guid":{"rendered":"http:\/\/raratheme.com\/preview\/business-one-page\/?p=231"},"modified":"2023-12-19T12:51:11","modified_gmt":"2023-12-19T11:51:11","slug":"ekspertyza-dla-kancelarii-senatu-rp","status":"publish","type":"post","link":"https:\/\/kzt.usz.edu.pl\/index.php\/ekspertyza-dla-kancelarii-senatu-rp\/","title":{"rendered":"Ekspertyza dla Kancelarii Senatu RP"},"content":{"rendered":"\n<p class=\"wp-block-paragraph\">Zach\u0119camy do zapoznania si\u0119 z najnowsz\u0105 ekspertyz\u0105 pt. &#8222;Spos\u00f3b implementacji przepis\u00f3w Pakietu Mobilno\u015bci oraz jego wp\u0142yw na wyniki finansowe i konkurencyjno\u015b\u0107 polskich firm transportu mi\u0119dzynarodowego rzeczy na rynku UE&#8221; autorstwa pracownik\u00f3w Uniwersytetu Szczeci\u0144skiego, w tym Katedry Zarz\u0105dzania Transportem. Zespo\u0142em kierowa\u0142 Pan dr hab. Tomasz Kwarci\u0144ski, prof. US, w sk\u0142adzie autor\u00f3w: dr in\u017c. Damian Bonk, dr Daniel D\u0105browski, dr Agnieszka Gozdek, dr Sylwia Kowalska, prof. US dr hab. Tomasz Kwarci\u0144ski.<br>Ekspertyza zosta\u0142a przygotowana na zlecenie Biura Analiz, Dokumentacji i Korespondencji, Kancelari\u0119 Senatu RP.<\/p>\n\n\n\n<p class=\"wp-block-paragraph\">Poni\u017cej w przegl\u0105darce dokument\u00f3w mo\u017cna zapozna\u0107 si\u0119 z tre\u015bci\u0105 ekspertyzy.<\/p>\n\n\n<div class=\"ead-preview\"><div class=\"ead-document\" style=\"position: relative;padding-top: 90%;\"><div class=\"ead-iframe-wrapper\"><iframe src=\"\/\/docs.google.com\/viewer?url=https%3A%2F%2Fwww.senat.gov.pl%2Fgfx%2Fsenat%2Fpl%2Fsenatekspertyzy%2F6993%2Fplik%2Foe-487.pdf&amp;embedded=true&amp;hl=en\" title=\"Embedded Document\" class=\"ead-iframe\" style=\"width: 100%;height: 100%;border: none;position: absolute;left: 0;top: 0;visibility: hidden;\"><\/iframe><\/div>\t\t\t<div class=\"ead-document-loading\" style=\"width:100%;height:100%;position:absolute;left:0;top:0;z-index:10;\">\n\t\t\t\t<div class=\"ead-loading-wrap\">\n\t\t\t\t\t<div class=\"ead-loading-main\">\n\t\t\t\t\t\t<div class=\"ead-loading\">\n\t\t\t\t\t\t\t<img loading=\"lazy\" decoding=\"async\" src=\"https:\/\/kzt.usz.edu.pl\/wp-content\/plugins\/embed-any-document\/images\/loading.svg\" width=\"55\" height=\"55\" alt=\"Loader\">\n\t\t\t\t\t\t\t<span>Loading&#8230;<\/span>\n\t\t\t\t\t\t<\/div>\n\t\t\t\t\t<\/div>\n\t\t\t\t\t<div class=\"ead-loading-foot\">\n\t\t\t\t\t\t<div class=\"ead-loading-foot-title\">\n\t\t\t\t\t\t\t<img loading=\"lazy\" decoding=\"async\" src=\"https:\/\/kzt.usz.edu.pl\/wp-content\/plugins\/embed-any-document\/images\/EAD-logo.svg\" alt=\"EAD Logo\" width=\"36\" height=\"23\"\/>\n\t\t\t\t\t\t\t<span>Taking too long?<\/span>\n\t\t\t\t\t\t<\/div>\n\t\t\t\t\t\t<p>\n\t\t\t\t\t\t\t<div class=\"ead-document-btn ead-reload-btn\" role=\"button\">\n\t\t\t\t\t\t\t\t<img loading=\"lazy\" decoding=\"async\" src=\"https:\/\/kzt.usz.edu.pl\/wp-content\/plugins\/embed-any-document\/images\/reload.svg\" alt=\"Reload\" width=\"12\" height=\"12\"\/> Reload document\t\t\t\t\t\t\t<\/div>\n\t\t\t\t\t\t\t<span>|<\/span>\n\t\t\t\t\t\t\t<a href=\"https:\/\/www.senat.gov.pl\/gfx\/senat\/pl\/senatekspertyzy\/6993\/plik\/oe-487.pdf\" class=\"ead-document-btn\" target=\"_blank\">\n\t\t\t\t\t\t\t\t<img loading=\"lazy\" decoding=\"async\" src=\"https:\/\/kzt.usz.edu.pl\/wp-content\/plugins\/embed-any-document\/images\/open.svg\" alt=\"Open\" width=\"12\" height=\"12\"\/> Open in new tab\t\t\t\t\t\t\t<\/a>\n\t\t\t\t\t<\/div>\n\t\t\t\t<\/div>\n\t\t\t<\/div>\n\t\t<\/div><\/div>\n\n\n<p class=\"wp-block-paragraph\"><\/p>\n","protected":false},"excerpt":{"rendered":"<p>Zach\u0119camy do zapoznania si\u0119 z najnowsz\u0105 ekspertyz\u0105 pt. &#8222;Spos\u00f3b implementacji przepis\u00f3w Pakietu Mobilno\u015bci oraz jego wp\u0142yw na wyniki finansowe i konkurencyjno\u015b\u0107 polskich firm transportu mi\u0119dzynarodowego rzeczy na rynku UE&#8221; autorstwa pracownik\u00f3w Uniwersytetu Szczeci\u0144skiego, w tym Katedry Zarz\u0105dzania Transportem. Zespo\u0142em kierowa\u0142 &hellip; <\/p>\n","protected":false},"author":1,"featured_media":208,"comment_status":"closed","ping_status":"closed","sticky":false,"template":"","format":"standard","meta":{"footnotes":""},"categories":[3],"tags":[],"class_list":["post-231","post","type-post","status-publish","format-standard","has-post-thumbnail","hentry","category-newsroom"],"_links":{"self":[{"href":"https:\/\/kzt.usz.edu.pl\/index.php\/wp-json\/wp\/v2\/posts\/231","targetHints":{"allow":["GET"]}}],"collection":[{"href":"https:\/\/kzt.usz.edu.pl\/index.php\/wp-json\/wp\/v2\/posts"}],"about":[{"href":"https:\/\/kzt.usz.edu.pl\/index.php\/wp-json\/wp\/v2\/types\/post"}],"author":[{"embeddable":true,"href":"https:\/\/kzt.usz.edu.pl\/index.php\/wp-json\/wp\/v2\/users\/1"}],"replies":[{"embeddable":true,"href":"https:\/\/kzt.usz.edu.pl\/index.php\/wp-json\/wp\/v2\/comments?post=231"}],"version-history":[{"count":6,"href":"https:\/\/kzt.usz.edu.pl\/index.php\/wp-json\/wp\/v2\/posts\/231\/revisions"}],"predecessor-version":[{"id":936,"href":"https:\/\/kzt.usz.edu.pl\/index.php\/wp-json\/wp\/v2\/posts\/231\/revisions\/936"}],"wp:featuredmedia":[{"embeddable":true,"href":"https:\/\/kzt.usz.edu.pl\/index.php\/wp-json\/wp\/v2\/media\/208"}],"wp:attachment":[{"href":"https:\/\/kzt.usz.edu.pl\/index.php\/wp-json\/wp\/v2\/media?parent=231"}],"wp:term":[{"taxonomy":"category","embeddable":true,"href":"https:\/\/kzt.usz.edu.pl\/index.php\/wp-json\/wp\/v2\/categories?post=231"},{"taxonomy":"post_tag","embeddable":true,"href":"https:\/\/kzt.usz.edu.pl\/index.php\/wp-json\/wp\/v2\/tags?post=231"}],"curies":[{"name":"wp","href":"https:\/\/api.w.org\/{rel}","templated":true}]}}