{"id":31,"date":"2023-12-15T15:15:28","date_gmt":"2023-12-15T14:15:28","guid":{"rendered":"http:\/\/raratheme.com\/preview\/business-one-page\/?p=31"},"modified":"2024-03-31T12:12:11","modified_gmt":"2024-03-31T10:12:11","slug":"spotkanie-z-okazji-awansow","status":"publish","type":"post","link":"https:\/\/kzt.usz.edu.pl\/index.php\/spotkanie-z-okazji-awansow\/","title":{"rendered":"Spotkanie z okazji awans\u00f3w"},"content":{"rendered":"<p align=\"justify\">Katedra Zarz\u0105dzania Transportem mia\u0142a przyjemno\u015b\u0107 uczci\u0107 awanse swoich m\u0142odszych koleg\u00f3w: <br \/>Pani dr Sylwii Kowalskiej i Pana dr in\u017c. Damiana Bonka podczas katedralnego spotkania. Nie zabrak\u0142o gratulacji, \u017cycze\u0144 oraz mi\u0142ych s\u0142\u00f3w pod adresem najm\u0142odszych doktor\u00f3w, kt\u00f3rzy niedawno obronili swoje prace doktorskie. Teraz czekamy na kolejne awanse. <\/p>\n\n\n<figure class=\"wp-block-image size-large is-style-default\"><img loading=\"lazy\" decoding=\"async\" width=\"1024\" height=\"1024\" src=\"https:\/\/kzt.usz.edu.pl\/wp-content\/uploads\/2016\/03\/katedralne-1024x1024.jpg\" alt=\"\" class=\"wp-image-923\" srcset=\"https:\/\/kzt.usz.edu.pl\/wp-content\/uploads\/2016\/03\/katedralne-1024x1024.jpg 1024w, https:\/\/kzt.usz.edu.pl\/wp-content\/uploads\/2016\/03\/katedralne-300x300.jpg 300w, https:\/\/kzt.usz.edu.pl\/wp-content\/uploads\/2016\/03\/katedralne-150x150.jpg 150w, https:\/\/kzt.usz.edu.pl\/wp-content\/uploads\/2016\/03\/katedralne-768x768.jpg 768w, https:\/\/kzt.usz.edu.pl\/wp-content\/uploads\/2016\/03\/katedralne-1536x1536.jpg 1536w, https:\/\/kzt.usz.edu.pl\/wp-content\/uploads\/2016\/03\/katedralne-111x111.jpg 111w, https:\/\/kzt.usz.edu.pl\/wp-content\/uploads\/2016\/03\/katedralne.jpg 1920w\" sizes=\"auto, (max-width: 1024px) 100vw, 1024px\" \/><\/figure>\n","protected":false},"excerpt":{"rendered":"<p>Katedra Zarz\u0105dzania Transportem mia\u0142a przyjemno\u015b\u0107 uczci\u0107 awanse swoich m\u0142odszych koleg\u00f3w: Pani dr Sylwii Kowalskiej i Pana dr in\u017c. Damiana Bonka podczas katedralnego spotkania. Nie zabrak\u0142o gratulacji, \u017cycze\u0144 oraz mi\u0142ych s\u0142\u00f3w pod adresem najm\u0142odszych doktor\u00f3w, kt\u00f3rzy niedawno obronili swoje prace doktorskie. &hellip; <\/p>\n","protected":false},"author":1,"featured_media":923,"comment_status":"closed","ping_status":"closed","sticky":false,"template":"","format":"standard","meta":{"footnotes":""},"categories":[3],"tags":[],"class_list":["post-31","post","type-post","status-publish","format-standard","has-post-thumbnail","hentry","category-newsroom"],"_links":{"self":[{"href":"https:\/\/kzt.usz.edu.pl\/index.php\/wp-json\/wp\/v2\/posts\/31","targetHints":{"allow":["GET"]}}],"collection":[{"href":"https:\/\/kzt.usz.edu.pl\/index.php\/wp-json\/wp\/v2\/posts"}],"about":[{"href":"https:\/\/kzt.usz.edu.pl\/index.php\/wp-json\/wp\/v2\/types\/post"}],"author":[{"embeddable":true,"href":"https:\/\/kzt.usz.edu.pl\/index.php\/wp-json\/wp\/v2\/users\/1"}],"replies":[{"embeddable":true,"href":"https:\/\/kzt.usz.edu.pl\/index.php\/wp-json\/wp\/v2\/comments?post=31"}],"version-history":[{"count":6,"href":"https:\/\/kzt.usz.edu.pl\/index.php\/wp-json\/wp\/v2\/posts\/31\/revisions"}],"predecessor-version":[{"id":1005,"href":"https:\/\/kzt.usz.edu.pl\/index.php\/wp-json\/wp\/v2\/posts\/31\/revisions\/1005"}],"wp:featuredmedia":[{"embeddable":true,"href":"https:\/\/kzt.usz.edu.pl\/index.php\/wp-json\/wp\/v2\/media\/923"}],"wp:attachment":[{"href":"https:\/\/kzt.usz.edu.pl\/index.php\/wp-json\/wp\/v2\/media?parent=31"}],"wp:term":[{"taxonomy":"category","embeddable":true,"href":"https:\/\/kzt.usz.edu.pl\/index.php\/wp-json\/wp\/v2\/categories?post=31"},{"taxonomy":"post_tag","embeddable":true,"href":"https:\/\/kzt.usz.edu.pl\/index.php\/wp-json\/wp\/v2\/tags?post=31"}],"curies":[{"name":"wp","href":"https:\/\/api.w.org\/{rel}","templated":true}]}}