{"id":38,"date":"2022-09-12T10:55:15","date_gmt":"2022-09-12T08:55:15","guid":{"rendered":"http:\/\/raratheme.com\/preview\/business-one-page\/?p=38"},"modified":"2025-03-15T12:25:10","modified_gmt":"2025-03-15T11:25:10","slug":"zespol-zarzadzania-transportem","status":"publish","type":"post","link":"https:\/\/kzt.usz.edu.pl\/index.php\/zespol-zarzadzania-transportem\/","title":{"rendered":"Zesp\u00f3\u0142 Zarz\u0105dzania Transportem"},"content":{"rendered":"<p align=\"justify\">Celem grupy badawczej jest realizacja bada\u0144 naukowych oraz opracowa\u0144 praktycznych w obszarze problematyki zarz\u0105dzania, ekonomiki oraz technologii transportu.<\/p>\n<p align=\"justify\">Zainteresowania badawcze i naukowe zespo\u0142u koncentruj\u0105 si\u0119 wok\u00f3\u0142 problem\u00f3w funkcjonowania system\u00f3w transportowych, z uwzgl\u0119dnieniem specyfiki poszczeg\u00f3lnych ga\u0142\u0119zi transportu (transport samochodowy, kolejowy, morski, lotniczy oraz wodny \u015br\u00f3dl\u0105dowy).<\/p>\n<p align=\"justify\">Zesp\u00f3\u0142 prowadzi badania dotycz\u0105ce takich zagadnie\u0144 jak m.in.: mi\u0119dzyga\u0142\u0119ziowa integracja proces\u00f3w transportowych, konkurencja i kooperacja w transporcie (w mi\u0119dzynarodowych przewozach \u0142adunk\u00f3w i pasa\u017cer\u00f3w), zarz\u0105dzanie infrastruktur\u0105 i przedsi\u0119biorstwami transportowymi, zr\u00f3wnowa\u017cony rozw\u00f3j transportu (\u015brodowiskowe i spo\u0142eczne skutki dzia\u0142alno\u015bci transportowej, CSR, odwr\u00f3cone \u0142a\u0144cuchy transportowe), decyzje transportowe w \u0142a\u0144cuchach logistycznych (badania popytu, wyb\u00f3r ga\u0142\u0119zi transportu), dost\u0119pno\u015bci transportowej, zarz\u0105dzania mobilno\u015bci\u0105.<\/p>\n<p>Sk\u0142ad osobowy zespo\u0142u:<\/p>\n<ul>\n<li>dr hab. Micha\u0142 Pluci\u0144ski, prof. US<\/li>\n<li>prof. zw. dr hab. El\u017cbieta Za\u0142oga<\/li>\n<li>dr hab. Tomasz Kwarci\u0144ski, prof. US<\/li>\n<li>dr hab. Marta Ma\u0144kowska, prof. US<\/li>\n<li>dr in\u017c. Damian Bonk<\/li>\n<li>dr in\u017c. Arkadiusz Drewnowski<\/li>\n<li>dr Agnieszka Gozdek<\/li>\n<li>dr Zuzanna K\u0142os-Adamkiewicz<\/li>\n<li>dr Sylwia Kowalska<\/li>\n<li>dr Pawe\u0142 Mieczan<\/li>\n<li>dr Bartosz Pilecki<\/li>\n<li>dr El\u017cbieta Szaruga<\/li>\n<\/ul>\n","protected":false},"excerpt":{"rendered":"<p>Celem grupy badawczej jest realizacja bada\u0144 naukowych oraz opracowa\u0144 praktycznych w obszarze problematyki zarz\u0105dzania, ekonomiki oraz technologii transportu. Zainteresowania badawcze i naukowe zespo\u0142u koncentruj\u0105 si\u0119 wok\u00f3\u0142 problem\u00f3w funkcjonowania system\u00f3w transportowych, z uwzgl\u0119dnieniem specyfiki poszczeg\u00f3lnych ga\u0142\u0119zi transportu (transport samochodowy, kolejowy, morski, &hellip; <\/p>\n","protected":false},"author":1,"featured_media":151,"comment_status":"closed","ping_status":"closed","sticky":false,"template":"","format":"standard","meta":{"footnotes":""},"categories":[1],"tags":[],"class_list":["post-38","post","type-post","status-publish","format-standard","has-post-thumbnail","hentry","category-pozostale"],"_links":{"self":[{"href":"https:\/\/kzt.usz.edu.pl\/index.php\/wp-json\/wp\/v2\/posts\/38","targetHints":{"allow":["GET"]}}],"collection":[{"href":"https:\/\/kzt.usz.edu.pl\/index.php\/wp-json\/wp\/v2\/posts"}],"about":[{"href":"https:\/\/kzt.usz.edu.pl\/index.php\/wp-json\/wp\/v2\/types\/post"}],"author":[{"embeddable":true,"href":"https:\/\/kzt.usz.edu.pl\/index.php\/wp-json\/wp\/v2\/users\/1"}],"replies":[{"embeddable":true,"href":"https:\/\/kzt.usz.edu.pl\/index.php\/wp-json\/wp\/v2\/comments?post=38"}],"version-history":[{"count":7,"href":"https:\/\/kzt.usz.edu.pl\/index.php\/wp-json\/wp\/v2\/posts\/38\/revisions"}],"predecessor-version":[{"id":1526,"href":"https:\/\/kzt.usz.edu.pl\/index.php\/wp-json\/wp\/v2\/posts\/38\/revisions\/1526"}],"wp:featuredmedia":[{"embeddable":true,"href":"https:\/\/kzt.usz.edu.pl\/index.php\/wp-json\/wp\/v2\/media\/151"}],"wp:attachment":[{"href":"https:\/\/kzt.usz.edu.pl\/index.php\/wp-json\/wp\/v2\/media?parent=38"}],"wp:term":[{"taxonomy":"category","embeddable":true,"href":"https:\/\/kzt.usz.edu.pl\/index.php\/wp-json\/wp\/v2\/categories?post=38"},{"taxonomy":"post_tag","embeddable":true,"href":"https:\/\/kzt.usz.edu.pl\/index.php\/wp-json\/wp\/v2\/tags?post=38"}],"curies":[{"name":"wp","href":"https:\/\/api.w.org\/{rel}","templated":true}]}}