{"id":68,"date":"2023-12-01T10:17:01","date_gmt":"2023-12-01T09:17:01","guid":{"rendered":"http:\/\/raratheme.com\/preview\/business-one-page\/?p=68"},"modified":"2023-12-01T10:17:01","modified_gmt":"2023-12-01T09:17:01","slug":"jubileusz-epts","status":"publish","type":"post","link":"https:\/\/kzt.usz.edu.pl\/index.php\/jubileusz-epts\/","title":{"rendered":"Jubileusz EPTS"},"content":{"rendered":"\n\n\n<p class=\"wp-block-paragraph\" align=\"justify\">Przedstawiciele naszej Katedry, Pani prof. dr hab. El\u017cbieta Za\u0142oga oraz dr hab. Tomasz Kwarci\u0144ski, prof. US wzi\u0119li udzia\u0142 w jubileuszu EPTS (the European Platform of Transport Sciences) w Wiedniu.<br>Dzie\u0144 3 listopada 2023 podw\u00f3jnie wpisa\u0142 si\u0119 w kalendarz jubileuszy EPTS. Po pierwsze EPTS obchodzi\u0142 22 rocznic\u0119 wyra\u017cenia gotowo\u015bci przez 9 kraj\u00f3w do \u015bcis\u0142ej wsp\u00f3\u0142pracy na rzecz rozwoju transportu, logistyki i mobilno\u015bci w Europie (zob. &#8222;Protok\u00f3\u0142 Wiede\u0144ski&#8221;). Drugi pow\u00f3d do \u015bwi\u0119towania to 5 rocznica za\u0142o\u017cenia Fundacji EPTS e.V.<\/p>\n","protected":false},"excerpt":{"rendered":"<p>Przedstawiciele naszej Katedry, Pani prof. dr hab. El\u017cbieta Za\u0142oga oraz dr hab. Tomasz Kwarci\u0144ski, prof. US wzi\u0119li udzia\u0142 w jubileuszu EPTS (the European Platform of Transport Sciences) w Wiedniu.Dzie\u0144 3 listopada 2023 podw\u00f3jnie wpisa\u0142 si\u0119 w kalendarz jubileuszy EPTS. Po &hellip; <\/p>\n","protected":false},"author":1,"featured_media":873,"comment_status":"closed","ping_status":"closed","sticky":false,"template":"","format":"standard","meta":{"footnotes":""},"categories":[3],"tags":[],"class_list":["post-68","post","type-post","status-publish","format-standard","has-post-thumbnail","hentry","category-newsroom"],"_links":{"self":[{"href":"https:\/\/kzt.usz.edu.pl\/index.php\/wp-json\/wp\/v2\/posts\/68","targetHints":{"allow":["GET"]}}],"collection":[{"href":"https:\/\/kzt.usz.edu.pl\/index.php\/wp-json\/wp\/v2\/posts"}],"about":[{"href":"https:\/\/kzt.usz.edu.pl\/index.php\/wp-json\/wp\/v2\/types\/post"}],"author":[{"embeddable":true,"href":"https:\/\/kzt.usz.edu.pl\/index.php\/wp-json\/wp\/v2\/users\/1"}],"replies":[{"embeddable":true,"href":"https:\/\/kzt.usz.edu.pl\/index.php\/wp-json\/wp\/v2\/comments?post=68"}],"version-history":[{"count":2,"href":"https:\/\/kzt.usz.edu.pl\/index.php\/wp-json\/wp\/v2\/posts\/68\/revisions"}],"predecessor-version":[{"id":875,"href":"https:\/\/kzt.usz.edu.pl\/index.php\/wp-json\/wp\/v2\/posts\/68\/revisions\/875"}],"wp:featuredmedia":[{"embeddable":true,"href":"https:\/\/kzt.usz.edu.pl\/index.php\/wp-json\/wp\/v2\/media\/873"}],"wp:attachment":[{"href":"https:\/\/kzt.usz.edu.pl\/index.php\/wp-json\/wp\/v2\/media?parent=68"}],"wp:term":[{"taxonomy":"category","embeddable":true,"href":"https:\/\/kzt.usz.edu.pl\/index.php\/wp-json\/wp\/v2\/categories?post=68"},{"taxonomy":"post_tag","embeddable":true,"href":"https:\/\/kzt.usz.edu.pl\/index.php\/wp-json\/wp\/v2\/tags?post=68"}],"curies":[{"name":"wp","href":"https:\/\/api.w.org\/{rel}","templated":true}]}}