{"id":71,"date":"2023-12-15T15:11:16","date_gmt":"2023-12-15T14:11:16","guid":{"rendered":"http:\/\/raratheme.com\/preview\/business-one-page\/?p=71"},"modified":"2023-12-15T15:21:54","modified_gmt":"2023-12-15T14:21:54","slug":"dr-zuzanna-klos-adamkiewicz-gosciem-nius-radio","status":"publish","type":"post","link":"https:\/\/kzt.usz.edu.pl\/index.php\/dr-zuzanna-klos-adamkiewicz-gosciem-nius-radio\/","title":{"rendered":"Dr Zuzanna K\u0142os-Adamkiewicz go\u015bciem NIUS RADIO"},"content":{"rendered":"\n<p class=\"wp-block-paragraph\">Dr Zuzanna K\u0142os-Adamkiewicz z Katedry Zarz\u0105dzania Transportem by\u0142a go\u015bciem audycji &#8222;Rozmowa Dnia&#8221; prowadzonym przez red. Joann\u0119 Michalsk\u0105 w uniwersyteckiej rozg\u0142o\u015bni NIUS Radio. Podczas audycji podzieli\u0142a si\u0119 ze s\u0142uchaczami kr\u00f3tk\u0105 histori\u0105 swojej pracy oraz przysz\u0142ymi planami. G\u0142\u00f3wnym punktem rozmowy by\u0142a nagroda w konkursie &#8222;Zachodniopomorskie Skrzyd\u0142a Edukacji&#8221;. Wi\u0119cej na stronie NIUS RADIO <a href=\"https:\/\/niusradio.pl\/podcasty\/2447-rozmowa-dnia-dr-zuzanna-klos-adamkiewicz\" data-type=\"link\" data-id=\"https:\/\/niusradio.pl\/podcasty\/2447-rozmowa-dnia-dr-zuzanna-klos-adamkiewicz\" target=\"_blank\" rel=\"noreferrer noopener\">&lt;&lt;LINK>>.<\/a><\/p>\n\n\n\n<p class=\"wp-block-paragraph\">Poni\u017cej mo\u017cna ods\u0142ucha\u0107 audycj\u0119.<\/p>\n\n\n\n<figure class=\"wp-block-audio\"><audio controls src=\"https:\/\/niusradio.pl\/images\/podcast\/listopad2023\/P10\/klos.mp3\"><\/audio><\/figure>\n","protected":false},"excerpt":{"rendered":"<p>Dr Zuzanna K\u0142os-Adamkiewicz z Katedry Zarz\u0105dzania Transportem by\u0142a go\u015bciem audycji &#8222;Rozmowa Dnia&#8221; prowadzonym przez red. Joann\u0119 Michalsk\u0105 w uniwersyteckiej rozg\u0142o\u015bni NIUS Radio. Podczas audycji podzieli\u0142a si\u0119 ze s\u0142uchaczami kr\u00f3tk\u0105 histori\u0105 swojej pracy oraz przysz\u0142ymi planami. G\u0142\u00f3wnym punktem rozmowy by\u0142a nagroda &hellip; <\/p>\n","protected":false},"author":1,"featured_media":919,"comment_status":"closed","ping_status":"closed","sticky":false,"template":"","format":"standard","meta":{"footnotes":""},"categories":[3],"tags":[],"class_list":["post-71","post","type-post","status-publish","format-standard","has-post-thumbnail","hentry","category-newsroom"],"_links":{"self":[{"href":"https:\/\/kzt.usz.edu.pl\/index.php\/wp-json\/wp\/v2\/posts\/71","targetHints":{"allow":["GET"]}}],"collection":[{"href":"https:\/\/kzt.usz.edu.pl\/index.php\/wp-json\/wp\/v2\/posts"}],"about":[{"href":"https:\/\/kzt.usz.edu.pl\/index.php\/wp-json\/wp\/v2\/types\/post"}],"author":[{"embeddable":true,"href":"https:\/\/kzt.usz.edu.pl\/index.php\/wp-json\/wp\/v2\/users\/1"}],"replies":[{"embeddable":true,"href":"https:\/\/kzt.usz.edu.pl\/index.php\/wp-json\/wp\/v2\/comments?post=71"}],"version-history":[{"count":4,"href":"https:\/\/kzt.usz.edu.pl\/index.php\/wp-json\/wp\/v2\/posts\/71\/revisions"}],"predecessor-version":[{"id":929,"href":"https:\/\/kzt.usz.edu.pl\/index.php\/wp-json\/wp\/v2\/posts\/71\/revisions\/929"}],"wp:featuredmedia":[{"embeddable":true,"href":"https:\/\/kzt.usz.edu.pl\/index.php\/wp-json\/wp\/v2\/media\/919"}],"wp:attachment":[{"href":"https:\/\/kzt.usz.edu.pl\/index.php\/wp-json\/wp\/v2\/media?parent=71"}],"wp:term":[{"taxonomy":"category","embeddable":true,"href":"https:\/\/kzt.usz.edu.pl\/index.php\/wp-json\/wp\/v2\/categories?post=71"},{"taxonomy":"post_tag","embeddable":true,"href":"https:\/\/kzt.usz.edu.pl\/index.php\/wp-json\/wp\/v2\/tags?post=71"}],"curies":[{"name":"wp","href":"https:\/\/api.w.org\/{rel}","templated":true}]}}