{"id":75,"date":"2023-12-06T11:36:54","date_gmt":"2023-12-06T10:36:54","guid":{"rendered":"http:\/\/raratheme.com\/preview\/business-one-page\/?p=75"},"modified":"2023-12-07T13:48:29","modified_gmt":"2023-12-07T12:48:29","slug":"doktoraty-2023","status":"publish","type":"post","link":"https:\/\/kzt.usz.edu.pl\/index.php\/doktoraty-2023\/","title":{"rendered":"Doktoraty 2023"},"content":{"rendered":"\n<p class=\"wp-block-paragraph\">Jest nam niezmiernie mi\u0142o poinformowa\u0107, \u017ce \u015bw. Miko\u0142aj w tym roku sprawi\u0142 Katedrze Zarz\u0105dzania Transportem mi\u0142\u0105 niespodziank\u0119 w postaci 7 obronionych w \u015bwietnym stylu doktorat\u00f3w, kt\u00f3rych promotorem lub promotorem pomocniczym byli pracownicy Katedry.<\/p>\n\n\n\n<p class=\"wp-block-paragraph\"><strong>3 pa\u017adziernika 2023 r. obroni\u0142 si\u0119 Pan dr in\u017c. Marcin Kalinowski<\/strong><br>praca doktorska nt. &#8222;Morsko-l\u0105dowy \u0142a\u0144cuch transportowy dla obs\u0142ugi \u0142adunk\u00f3w ch\u0142odzonych mi\u0119dzy Hiszpani\u0105 a Polsk\u0105&#8221;<br>Promotor: <strong>Pan dr hab. Micha\u0142 Pluci\u0144ski, prof. US \u2013 Uniwersytet Szczeci\u0144ski<\/strong><br>Promotor pomocniczy: <strong>Pani dr Zuzanna K\u0142os-Adamkiewicz<\/strong><\/p>\n\n\n\n<p class=\"wp-block-paragraph\"><strong>27 pa\u017adziernika 2023 r. obroni\u0142 si\u0119 Pan dr in\u017c. Damian Bonk<\/strong><br>praca doktorska nt. &#8222;Determinanty konkurencyjno\u015bci transportu intermodalnego w Europie&#8221;<br>Promotor: <strong>Pan dr hab. Dariusz Milewski, prof. US, z Uniwersytetu Szczeci\u0144skiego<\/strong><br>Promotor pomocniczy: <strong>Pani dr Marta Ma\u0144kowska z Uniwersytetu Szczeci\u0144skiego<\/strong><\/p>\n\n\n<div class=\"wp-block-image\">\n<figure class=\"aligncenter size-large\"><img loading=\"lazy\" decoding=\"async\" width=\"1024\" height=\"768\" src=\"https:\/\/kzt.usz.edu.pl\/wp-content\/uploads\/2023\/10\/db-1024x768.jpg\" alt=\"\" class=\"wp-image-813\" srcset=\"https:\/\/kzt.usz.edu.pl\/wp-content\/uploads\/2023\/10\/db-1024x768.jpg 1024w, https:\/\/kzt.usz.edu.pl\/wp-content\/uploads\/2023\/10\/db-300x225.jpg 300w, https:\/\/kzt.usz.edu.pl\/wp-content\/uploads\/2023\/10\/db-768x576.jpg 768w, https:\/\/kzt.usz.edu.pl\/wp-content\/uploads\/2023\/10\/db-1536x1152.jpg 1536w, https:\/\/kzt.usz.edu.pl\/wp-content\/uploads\/2023\/10\/db.jpg 2048w\" sizes=\"auto, (max-width: 1024px) 100vw, 1024px\" \/><\/figure>\n<\/div>\n\n\n<p class=\"wp-block-paragraph\"><\/p>\n\n\n\n<p class=\"wp-block-paragraph\"><strong>30 pa\u017adziernika 2023 r. obroni\u0142 si\u0119 Pan dr in\u017c. Konrad Bachanek<\/strong><br>praca doktorska nt. &#8222;Niskoemisyjny transport publiczny jako czynnik zr\u00f3wnowa\u017conego rozwoju miast&#8221;<br>Promotor: <strong>Pan dr hab. Tomasz Kwarci\u0144ski, prof. US, z Uniwersytetu Szczeci\u0144skiego<\/strong><br>Promotor pomocniczy: <strong>Pani dr Karolina Drela z Uniwersytetu Szczeci\u0144skiego<\/strong><\/p>\n\n\n\n<p class=\"wp-block-paragraph\"><strong>24 listopada 2023 r. obroni\u0142a si\u0119 Pani dr Oliwia Mr\u00f3z-Malik<\/strong><br>praca doktorska nt. &#8222;Ekonomiczne i spo\u0142eczne uwarunkowania rozwoju morskiej energetyki wiatrowej w Polsce&#8221;<br>Promotor: <strong>Pan dr hab. Wojciech Dro\u017cd\u017c, prof. US, z Uniwersytetu Szczeci\u0144skiego<\/strong><br>Promotor pomocniczy: <strong>Pan dr Bartosz Pilecki z Uniwersytetu Szczeci\u0144skiego<\/strong><\/p>\n\n\n\n<p class=\"wp-block-paragraph\"><strong>27 listopada 2023 r. obroni\u0142a si\u0119 Pani dr Sylwia Kowalska<\/strong><br>praca doktorska nt. &#8222;Op\u0142ata drogowa jako narz\u0119dzie przesuni\u0119\u0107 mi\u0119dzyga\u0142\u0119ziowych w przewozach \u0142adunk\u00f3w&#8221;<br>Promotor: <strong>Pani prof. dr hab. El\u017cbieta Za\u0142oga \u2013 Uniwersytet Szczeci\u0144ski<\/strong><br>Promotor pomocniczy: <strong>Pan dr in\u017c. Arkadiusz Drewnowski<\/strong><\/p>\n\n\n<div class=\"wp-block-image\">\n<figure class=\"aligncenter size-full\"><img loading=\"lazy\" decoding=\"async\" width=\"750\" height=\"563\" src=\"https:\/\/kzt.usz.edu.pl\/wp-content\/uploads\/2023\/11\/katedralnezobrony.jpg\" alt=\"\" class=\"wp-image-860\" srcset=\"https:\/\/kzt.usz.edu.pl\/wp-content\/uploads\/2023\/11\/katedralnezobrony.jpg 750w, https:\/\/kzt.usz.edu.pl\/wp-content\/uploads\/2023\/11\/katedralnezobrony-300x225.jpg 300w\" sizes=\"auto, (max-width: 750px) 100vw, 750px\" \/><\/figure>\n<\/div>\n\n\n<p class=\"wp-block-paragraph\"><\/p>\n\n\n\n<p class=\"wp-block-paragraph\"><strong>29 listopada 2023 r. obroni\u0142 si\u0119 Pan dr Pawe\u0142 Mieczan<\/strong><br>praca doktorska nt. &#8222;Determinanty polskiego eksportu gotowych artyku\u0142\u00f3w spo\u017cywczych po akcesji do Unii Europejskiej&#8221;<br>Promotor: <strong>Pan dr hab. Micha\u0142 Pluci\u0144ski, prof. US \u2013 Uniwersytet Szczeci\u0144ski<\/strong><br>Promotor pomocniczy: <strong>Pani dr Agnieszka Malkowska \u2013 Uniwersytet Szczeci\u0144ski<\/strong><\/p>\n\n\n<div class=\"wp-block-image\">\n<figure class=\"aligncenter size-full\"><img decoding=\"async\" src=\"https:\/\/kzt.usz.edu.pl\/wp-content\/uploads\/2016\/03\/pawelmieczan.png\" alt=\"\" class=\"wp-image-889\"\/><\/figure>\n<\/div>\n\n\n<p class=\"wp-block-paragraph\"><\/p>\n\n\n\n<p class=\"wp-block-paragraph\"><strong>30 listopada 2023 r. obroni\u0142 si\u0119 Pan dr in\u017c. Mateusz Dziechciarz<\/strong><br>praca doktorska nt. &#8222;Wp\u0142yw zakresu us\u0142ug na konkurencyjno\u015b\u0107 przedsi\u0119biorstw spedycyjnych&#8221;<br>Promotor: <strong>Pani prof. dr hab. El\u017cbieta Za\u0142oga \u2013 Uniwersytet Szczeci\u0144ski<\/strong><br>Promotor pomocniczy: <strong>Pani dr hab. Izabela Dembi\u0144ska, prof. PM \u2013 Politechnika Morska w Szczecinie<\/strong><\/p>\n\n\n<div class=\"wp-block-image\">\n<figure class=\"aligncenter size-large\"><img loading=\"lazy\" decoding=\"async\" width=\"846\" height=\"1024\" src=\"https:\/\/kzt.usz.edu.pl\/wp-content\/uploads\/2023\/12\/mateuszdziechciarz-846x1024.jpg\" alt=\"\" class=\"wp-image-893\" srcset=\"https:\/\/kzt.usz.edu.pl\/wp-content\/uploads\/2023\/12\/mateuszdziechciarz-846x1024.jpg 846w, https:\/\/kzt.usz.edu.pl\/wp-content\/uploads\/2023\/12\/mateuszdziechciarz-248x300.jpg 248w, https:\/\/kzt.usz.edu.pl\/wp-content\/uploads\/2023\/12\/mateuszdziechciarz-768x930.jpg 768w, https:\/\/kzt.usz.edu.pl\/wp-content\/uploads\/2023\/12\/mateuszdziechciarz-1269x1536.jpg 1269w, https:\/\/kzt.usz.edu.pl\/wp-content\/uploads\/2023\/12\/mateuszdziechciarz.jpg 1692w\" sizes=\"auto, (max-width: 846px) 100vw, 846px\" \/><\/figure>\n<\/div>","protected":false},"excerpt":{"rendered":"<p>Jest nam niezmiernie mi\u0142o poinformowa\u0107, \u017ce \u015bw. Miko\u0142aj w tym roku sprawi\u0142 Katedrze Zarz\u0105dzania Transportem mi\u0142\u0105 niespodziank\u0119 w postaci 7 obronionych w \u015bwietnym stylu doktorat\u00f3w, kt\u00f3rych promotorem lub promotorem pomocniczym byli pracownicy Katedry. 3 pa\u017adziernika 2023 r. obroni\u0142 si\u0119 Pan &hellip; <\/p>\n","protected":false},"author":1,"featured_media":42,"comment_status":"closed","ping_status":"closed","sticky":false,"template":"","format":"standard","meta":{"footnotes":""},"categories":[3],"tags":[],"class_list":["post-75","post","type-post","status-publish","format-standard","has-post-thumbnail","hentry","category-newsroom"],"_links":{"self":[{"href":"https:\/\/kzt.usz.edu.pl\/index.php\/wp-json\/wp\/v2\/posts\/75","targetHints":{"allow":["GET"]}}],"collection":[{"href":"https:\/\/kzt.usz.edu.pl\/index.php\/wp-json\/wp\/v2\/posts"}],"about":[{"href":"https:\/\/kzt.usz.edu.pl\/index.php\/wp-json\/wp\/v2\/types\/post"}],"author":[{"embeddable":true,"href":"https:\/\/kzt.usz.edu.pl\/index.php\/wp-json\/wp\/v2\/users\/1"}],"replies":[{"embeddable":true,"href":"https:\/\/kzt.usz.edu.pl\/index.php\/wp-json\/wp\/v2\/comments?post=75"}],"version-history":[{"count":6,"href":"https:\/\/kzt.usz.edu.pl\/index.php\/wp-json\/wp\/v2\/posts\/75\/revisions"}],"predecessor-version":[{"id":895,"href":"https:\/\/kzt.usz.edu.pl\/index.php\/wp-json\/wp\/v2\/posts\/75\/revisions\/895"}],"wp:featuredmedia":[{"embeddable":true,"href":"https:\/\/kzt.usz.edu.pl\/index.php\/wp-json\/wp\/v2\/media\/42"}],"wp:attachment":[{"href":"https:\/\/kzt.usz.edu.pl\/index.php\/wp-json\/wp\/v2\/media?parent=75"}],"wp:term":[{"taxonomy":"category","embeddable":true,"href":"https:\/\/kzt.usz.edu.pl\/index.php\/wp-json\/wp\/v2\/categories?post=75"},{"taxonomy":"post_tag","embeddable":true,"href":"https:\/\/kzt.usz.edu.pl\/index.php\/wp-json\/wp\/v2\/tags?post=75"}],"curies":[{"name":"wp","href":"https:\/\/api.w.org\/{rel}","templated":true}]}}