{"id":806,"date":"2023-09-24T09:45:00","date_gmt":"2023-09-24T07:45:00","guid":{"rendered":"https:\/\/kzt.usz.edu.pl\/?p=806"},"modified":"2023-10-29T09:54:00","modified_gmt":"2023-10-29T08:54:00","slug":"euro-trans-2023-w-szczecinie","status":"publish","type":"post","link":"https:\/\/kzt.usz.edu.pl\/index.php\/euro-trans-2023-w-szczecinie\/","title":{"rendered":"EURO-TRANS 2023 W SZCZECINIE"},"content":{"rendered":"\n<p class=\"wp-block-paragraph\" align =\"justify\">W dniach 18-19 wrze\u015bnia 2023 r. w Szczecinie odby\u0142a si\u0119 Mi\u0119dzynarodowa Konferencja Euro-Trans 2023 pt. &#8222;Proces kszta\u0142towania zr\u00f3wnowa\u017conego transportu. Wysi\u0142ki i efekty&#8221;. Katedra Zarz\u0105dzania Transportem by\u0142a wsp\u00f3\u0142organizatorem tego wydarzenia z ramienia Uniwersytetu Szczeci\u0144skiego. Wsp\u00f3\u0142organizatorami konferencji byli tak\u017ce Szko\u0142\u0105 G\u0142\u00f3wna Handlowa w Szczecinie oraz Uniwersytet Gda\u0144ski. W konferencji udzia\u0142 wzi\u0119li prominentni go\u015bcie.<\/p>\n\n\n\n<p class=\"wp-block-paragraph\" align=\"justify\">Wydarzenie zosta\u0142o obj\u0119te patronatem honorowym Ministra Edukacji i Nauki, Ministra Infrastruktury, JM Rektora Uniwersytetu Szczeci\u0144skiego, JM Rektora Szko\u0142y G\u0142\u00f3wnej Handlowej w Warszawie oraz JM Rektora Uniwersytetu Gda\u0144skiego. Patronami honorowymi byli Pa\u0144stwowe Gospodarstwo Wodne Wody Polskie oraz Komitet Transportu Polskiej Akademii Nauk.<\/p>\n\n\n\n<p class=\"wp-block-paragraph\">Szczeg\u00f3\u0142y znajduj\u0105 si\u0119 na stronie konferencji: <a href=\"http:\/\/eurotrans.usz.edu.pl\/\" target=\"_blank\" rel=\"noreferrer noopener\">link do strony<\/a>.<\/p>\n","protected":false},"excerpt":{"rendered":"<p>W dniach 18-19 wrze\u015bnia 2023 r. w Szczecinie odby\u0142a si\u0119 Mi\u0119dzynarodowa Konferencja Euro-Trans 2023 pt. &#8222;Proces kszta\u0142towania zr\u00f3wnowa\u017conego transportu. Wysi\u0142ki i efekty&#8221;. Katedra Zarz\u0105dzania Transportem by\u0142a wsp\u00f3\u0142organizatorem tego wydarzenia z ramienia Uniwersytetu Szczeci\u0144skiego. Wsp\u00f3\u0142organizatorami konferencji byli tak\u017ce Szko\u0142\u0105 G\u0142\u00f3wna Handlowa &hellip; <\/p>\n","protected":false},"author":1,"featured_media":811,"comment_status":"closed","ping_status":"open","sticky":false,"template":"","format":"standard","meta":{"footnotes":""},"categories":[3],"tags":[],"class_list":["post-806","post","type-post","status-publish","format-standard","has-post-thumbnail","hentry","category-newsroom"],"_links":{"self":[{"href":"https:\/\/kzt.usz.edu.pl\/index.php\/wp-json\/wp\/v2\/posts\/806","targetHints":{"allow":["GET"]}}],"collection":[{"href":"https:\/\/kzt.usz.edu.pl\/index.php\/wp-json\/wp\/v2\/posts"}],"about":[{"href":"https:\/\/kzt.usz.edu.pl\/index.php\/wp-json\/wp\/v2\/types\/post"}],"author":[{"embeddable":true,"href":"https:\/\/kzt.usz.edu.pl\/index.php\/wp-json\/wp\/v2\/users\/1"}],"replies":[{"embeddable":true,"href":"https:\/\/kzt.usz.edu.pl\/index.php\/wp-json\/wp\/v2\/comments?post=806"}],"version-history":[{"count":1,"href":"https:\/\/kzt.usz.edu.pl\/index.php\/wp-json\/wp\/v2\/posts\/806\/revisions"}],"predecessor-version":[{"id":810,"href":"https:\/\/kzt.usz.edu.pl\/index.php\/wp-json\/wp\/v2\/posts\/806\/revisions\/810"}],"wp:featuredmedia":[{"embeddable":true,"href":"https:\/\/kzt.usz.edu.pl\/index.php\/wp-json\/wp\/v2\/media\/811"}],"wp:attachment":[{"href":"https:\/\/kzt.usz.edu.pl\/index.php\/wp-json\/wp\/v2\/media?parent=806"}],"wp:term":[{"taxonomy":"category","embeddable":true,"href":"https:\/\/kzt.usz.edu.pl\/index.php\/wp-json\/wp\/v2\/categories?post=806"},{"taxonomy":"post_tag","embeddable":true,"href":"https:\/\/kzt.usz.edu.pl\/index.php\/wp-json\/wp\/v2\/tags?post=806"}],"curies":[{"name":"wp","href":"https:\/\/api.w.org\/{rel}","templated":true}]}}