{"id":81,"date":"2023-11-15T12:00:00","date_gmt":"2023-11-15T11:00:00","guid":{"rendered":"http:\/\/raratheme.com\/preview\/business-one-page\/?p=81"},"modified":"2023-11-16T13:05:05","modified_gmt":"2023-11-16T12:05:05","slug":"gis-day-16-11-2023","status":"publish","type":"post","link":"https:\/\/kzt.usz.edu.pl\/index.php\/gis-day-16-11-2023\/","title":{"rendered":"GIS Day \u2013 16.11.2023"},"content":{"rendered":"\n<p class=\"wp-block-paragraph\"><strong>Co?<\/strong>&nbsp; GIS Day 2023 \u2013 GIS a mobilno\u015b\u0107<\/p>\n\n\n\n<p class=\"wp-block-paragraph\"><strong>Kiedy?<\/strong> 16.11.2023 r.<\/p>\n\n\n\n<p class=\"wp-block-paragraph\"><strong>Gdzie?<\/strong> Sala 124-125 SIL<\/p>\n\n\n\n<p class=\"wp-block-paragraph\"><strong>W jakich godzinach?<\/strong> 12:30-14:30<\/p>\n\n\n\n<p class=\"wp-block-paragraph\"><strong>Dla kogo?<\/strong> Dla ka\u017cdego zainteresowanego<\/p>\n\n\n\n<p class=\"wp-block-paragraph\" align=\"justify\">Zapraszamy do udzia\u0142u w mi\u0119dzynarodowych obchodach dnia technologii GIS w Instytucie Zarz\u0105dzania Uniwersytetu Szczeci\u0144skiego. W tym roku skoncentrujemy si\u0119 na zagadnieniu \u201eGIS w mobilno\u015bci\u201d, ale tak w zasadzie to przedstawimy zagadnienia dotycz\u0105ce funkcjonowania system\u00f3w analizy geograficznej. System GIS to naukowe \u015brodowisko gromadzenia, analizowania i wizualizowania danych geograficznych, kt\u00f3re u\u0142atwia nam podejmowanie lepszych decyzji. W Dniu GIS pom\u00f3\u017c innym u\u017cytkownikom w zdobywaniu wiedzy na temat geografii i zastosowa\u0144 systemu GIS w praktyce, kt\u00f3re pozwalaj\u0105 wprowadza\u0107 zmiany w naszym spo\u0142ecze\u0144stwie. To jest Twoja szansa, aby podzieli\u0107 si\u0119 swoimi osi\u0105gni\u0119ciami i zainspirowa\u0107 inne osoby do odkrywania i korzystania z systemu GIS.<\/p>\n\n\n\n<p class=\"wp-block-paragraph\">Poka\u017cemy jak mo\u017cna wykorzystywa\u0107 GIS, a dla aktywnych uczestnik\u00f3w do wygrania roczna licencja ArcGIS! Zapraszamy!<\/p>\n\n\n\n<p class=\"wp-block-paragraph\">Wi\u0119cej informacji udziela dr Zuzanna K\u0142os-Adamkiewicz \u2013 zuzanna.klos-adamkiewicz@usz.edu.pl<\/p>\n\n\n\n<p class=\"wp-block-paragraph\"><strong>Zesp\u00f3\u0142 organizator\u00f3w:<\/strong><\/p>\n\n\n\n<p class=\"wp-block-paragraph\">Dr Zuzanna K\u0142os-Adamkiewicz<\/p>\n\n\n\n<p class=\"wp-block-paragraph\">Dr Agnieszka Gozdek<\/p>\n\n\n\n<p class=\"wp-block-paragraph\">Dr El\u017cbieta Szaruga<\/p>\n\n\n\n<p class=\"wp-block-paragraph\">Mgr Sylwia Kowalska<\/p>\n","protected":false},"excerpt":{"rendered":"<p>Zapraszamy do udzia\u0142u w mi\u0119dzynarodowych obchodach dnia technologii GIS w Instytucie Zarz\u0105dzania Uniwersytetu Szczeci\u0144skiego. Poka\u017cemy jak mo\u017cna wykorzystywa\u0107 GIS, a dla aktywnych uczestnik\u00f3w do wygrania roczna licencja ArcGIS! Zapraszamy!<\/p>\n","protected":false},"author":1,"featured_media":832,"comment_status":"closed","ping_status":"closed","sticky":false,"template":"","format":"standard","meta":{"footnotes":""},"categories":[3],"tags":[],"class_list":["post-81","post","type-post","status-publish","format-standard","has-post-thumbnail","hentry","category-newsroom"],"_links":{"self":[{"href":"https:\/\/kzt.usz.edu.pl\/index.php\/wp-json\/wp\/v2\/posts\/81","targetHints":{"allow":["GET"]}}],"collection":[{"href":"https:\/\/kzt.usz.edu.pl\/index.php\/wp-json\/wp\/v2\/posts"}],"about":[{"href":"https:\/\/kzt.usz.edu.pl\/index.php\/wp-json\/wp\/v2\/types\/post"}],"author":[{"embeddable":true,"href":"https:\/\/kzt.usz.edu.pl\/index.php\/wp-json\/wp\/v2\/users\/1"}],"replies":[{"embeddable":true,"href":"https:\/\/kzt.usz.edu.pl\/index.php\/wp-json\/wp\/v2\/comments?post=81"}],"version-history":[{"count":3,"href":"https:\/\/kzt.usz.edu.pl\/index.php\/wp-json\/wp\/v2\/posts\/81\/revisions"}],"predecessor-version":[{"id":834,"href":"https:\/\/kzt.usz.edu.pl\/index.php\/wp-json\/wp\/v2\/posts\/81\/revisions\/834"}],"wp:featuredmedia":[{"embeddable":true,"href":"https:\/\/kzt.usz.edu.pl\/index.php\/wp-json\/wp\/v2\/media\/832"}],"wp:attachment":[{"href":"https:\/\/kzt.usz.edu.pl\/index.php\/wp-json\/wp\/v2\/media?parent=81"}],"wp:term":[{"taxonomy":"category","embeddable":true,"href":"https:\/\/kzt.usz.edu.pl\/index.php\/wp-json\/wp\/v2\/categories?post=81"},{"taxonomy":"post_tag","embeddable":true,"href":"https:\/\/kzt.usz.edu.pl\/index.php\/wp-json\/wp\/v2\/tags?post=81"}],"curies":[{"name":"wp","href":"https:\/\/api.w.org\/{rel}","templated":true}]}}