{"id":815,"date":"2023-10-29T10:02:34","date_gmt":"2023-10-29T09:02:34","guid":{"rendered":"https:\/\/kzt.usz.edu.pl\/?p=815"},"modified":"2023-10-29T10:03:20","modified_gmt":"2023-10-29T09:03:20","slug":"dr-zuzanna-klos-adamkiewicz-laureatka-nagrody","status":"publish","type":"post","link":"https:\/\/kzt.usz.edu.pl\/index.php\/dr-zuzanna-klos-adamkiewicz-laureatka-nagrody\/","title":{"rendered":"Dr Zuzanna K\u0142os-Adamkiewicz laureatk\u0105 nagrody"},"content":{"rendered":"\n<p class=\"wp-block-paragraph\" align=\"justify\">Jest nam niezmiernie mi\u0142o poinformowa\u0107, \u017ce dr Zuzanna K\u0142os-Adamkiewicz, adiunkt w Katedrze Zarz\u0105dzania Transportem zosta\u0142a laureatk\u0105 nagrody Stowarzyszenia In\u017cynier\u00f3w i Technik\u00f3w Komunikacji RP Oddzia\u0142 w Szczecinie w konkursie &#8222;Zachodniopomorskie Skrzyd\u0142a Edukacji &#8211; wyr\u00f3\u017cniaj\u0105cy si\u0119 nauczyciel i wychowawca m\u0142odzie\u017cy&#8221;. Nagroda zosta\u0142a wr\u0119czona podczas Zachodniopomorskich Dni Transportu i Logistyki 2023. Gratulujemy i \u017cyczymy kolejnych sukces\u00f3w.<\/p>\n\n\n\n<p class=\"has-text-align-right wp-block-paragraph\"><em>Katedra Zarz\u0105dzania Transportem<\/em><\/p>\n\n\n<div class=\"wp-block-image\">\n<figure class=\"aligncenter size-full\"><img loading=\"lazy\" decoding=\"async\" width=\"768\" height=\"960\" src=\"https:\/\/kzt.usz.edu.pl\/wp-content\/uploads\/2023\/10\/zkad.jpg\" alt=\"\" class=\"wp-image-817\" srcset=\"https:\/\/kzt.usz.edu.pl\/wp-content\/uploads\/2023\/10\/zkad.jpg 768w, https:\/\/kzt.usz.edu.pl\/wp-content\/uploads\/2023\/10\/zkad-240x300.jpg 240w\" sizes=\"auto, (max-width: 768px) 100vw, 768px\" \/><\/figure>\n<\/div>\n\n<div class=\"wp-block-image\">\n<figure class=\"aligncenter size-full\"><img loading=\"lazy\" decoding=\"async\" width=\"768\" height=\"960\" src=\"https:\/\/kzt.usz.edu.pl\/wp-content\/uploads\/2023\/10\/zka-1.jpg\" alt=\"\" class=\"wp-image-819\" srcset=\"https:\/\/kzt.usz.edu.pl\/wp-content\/uploads\/2023\/10\/zka-1.jpg 768w, https:\/\/kzt.usz.edu.pl\/wp-content\/uploads\/2023\/10\/zka-1-240x300.jpg 240w\" sizes=\"auto, (max-width: 768px) 100vw, 768px\" \/><\/figure>\n<\/div>","protected":false},"excerpt":{"rendered":"<p>Jest nam niezmiernie mi\u0142o poinformowa\u0107, \u017ce dr Zuzanna K\u0142os-Adamkiewicz, adiunkt w Katedrze Zarz\u0105dzania Transportem zosta\u0142a laureatk\u0105 nagrody Stowarzyszenia In\u017cynier\u00f3w i Technik\u00f3w Komunikacji RP Oddzia\u0142 w Szczecinie w konkursie &#8222;Zachodniopomorskie Skrzyd\u0142a Edukacji &#8211; wyr\u00f3\u017cniaj\u0105cy si\u0119 nauczyciel i wychowawca m\u0142odzie\u017cy&#8221;. Nagroda zosta\u0142a &hellip; <\/p>\n","protected":false},"author":1,"featured_media":816,"comment_status":"closed","ping_status":"open","sticky":false,"template":"","format":"standard","meta":{"footnotes":""},"categories":[3],"tags":[],"class_list":["post-815","post","type-post","status-publish","format-standard","has-post-thumbnail","hentry","category-newsroom"],"_links":{"self":[{"href":"https:\/\/kzt.usz.edu.pl\/index.php\/wp-json\/wp\/v2\/posts\/815","targetHints":{"allow":["GET"]}}],"collection":[{"href":"https:\/\/kzt.usz.edu.pl\/index.php\/wp-json\/wp\/v2\/posts"}],"about":[{"href":"https:\/\/kzt.usz.edu.pl\/index.php\/wp-json\/wp\/v2\/types\/post"}],"author":[{"embeddable":true,"href":"https:\/\/kzt.usz.edu.pl\/index.php\/wp-json\/wp\/v2\/users\/1"}],"replies":[{"embeddable":true,"href":"https:\/\/kzt.usz.edu.pl\/index.php\/wp-json\/wp\/v2\/comments?post=815"}],"version-history":[{"count":2,"href":"https:\/\/kzt.usz.edu.pl\/index.php\/wp-json\/wp\/v2\/posts\/815\/revisions"}],"predecessor-version":[{"id":820,"href":"https:\/\/kzt.usz.edu.pl\/index.php\/wp-json\/wp\/v2\/posts\/815\/revisions\/820"}],"wp:featuredmedia":[{"embeddable":true,"href":"https:\/\/kzt.usz.edu.pl\/index.php\/wp-json\/wp\/v2\/media\/816"}],"wp:attachment":[{"href":"https:\/\/kzt.usz.edu.pl\/index.php\/wp-json\/wp\/v2\/media?parent=815"}],"wp:term":[{"taxonomy":"category","embeddable":true,"href":"https:\/\/kzt.usz.edu.pl\/index.php\/wp-json\/wp\/v2\/categories?post=815"},{"taxonomy":"post_tag","embeddable":true,"href":"https:\/\/kzt.usz.edu.pl\/index.php\/wp-json\/wp\/v2\/tags?post=815"}],"curies":[{"name":"wp","href":"https:\/\/api.w.org\/{rel}","templated":true}]}}