{"id":87,"date":"2022-09-27T15:49:00","date_gmt":"2022-09-27T13:49:00","guid":{"rendered":"http:\/\/raratheme.com\/preview\/business-one-page\/?p=87"},"modified":"2026-06-26T10:27:30","modified_gmt":"2026-06-26T08:27:30","slug":"awanse","status":"publish","type":"post","link":"https:\/\/kzt.usz.edu.pl\/index.php\/awanse\/","title":{"rendered":"Awanse naukowe i inne osi\u0105gni\u0119cia"},"content":{"rendered":"<p>Niezmiernie nam mi\u0142o przedstawi\u0107 wybrane osi\u0105gni\u0119cia naukowe pracownik\u00f3w Katedry Zarz\u0105dzania Transportem. Kolejno\u015b\u0107 nazwisk jest przedstawiona wg hierarchii tytu\u0142\u00f3w i stopni naukowych oraz wg daty nadania.<\/p>\n<h1><strong>prof. dr hab. El\u017cbieta Za\u0142oga<\/strong><\/h1>\n<p><strong>Profesor<\/strong><br \/>nauki ekonomiczne<br \/>data nadania tytu\u0142u 28.07.2014<\/p>\n<p><strong>Habilitacja<\/strong><br \/>w dziedzinie nauk ekonomicznych, w dyscyplinie ekonomia, specjalno\u015b\u0107: ekonomika i organizacja transportu<br \/>data nadania stopnia: 15.04.1999<br \/>tytu\u0142 pracy: &#8222;<em>Strategie rynkowe kolei wobec zmian w preferencjach klient\u00f3w<\/em>&#8221; (Uniwersytet Szczeci\u0144ski, Wydzia\u0142 Zarz\u0105dzania i Ekonomiki Us\u0142ug)<\/p>\n<p><strong>Doktorat<\/strong><br \/>w dziedzinie nauk ekonomicznych w dyscyplinie nauk o zarz\u0105dzaniu, specjalno\u015b\u0107: zarz\u0105dzanie transportem<br \/>data nadania: 28.01.1983<br \/>tytu\u0142 pracy: &#8222;<em>Mo\u017cliwo\u015b\u0107 zastosowania metody analizy progowej do kszta\u0142towania rozwoju infrastruktury ekonomicznej transportu<\/em>&#8221; (Politechnika Szczeci\u0144ska, Wydzia\u0142 In\u017cynieryjno-Ekonomiczny Transportu)<\/p>\n<p><strong>Nagrody i odznaczenia:<\/strong><\/p>\n<ul>\n<li>Medal Niemieckiego Towarzystwa Naukowego Transportu-DVWG im. Carla Piratha (2016)<\/li>\n<li>Odznaka Honorowa za Zas\u0142ugi dla Statystyki Rzeczypospolitej Polskiej (2016);<\/li>\n<li>Z\u0142ota z Diamentem Odznaka Honorowa Stowarzyszenia In\u017cynier\u00f3w i Technik\u00f3w Komunikacji RP, Warszawa, 26 sierpnia 2016;<\/li>\n<li>Medal Uniwersytetu Szczeci\u0144skiego SIS QUI ES- PRO PUBLICO BONO (2016);<\/li>\n<li>Z\u0142ota Odznaka Honorowa Polskiego Towarzystwa Ekonomicznego (2015);<\/li>\n<li>Srebrna Odznaka Honorowa Polskiego Towarzystwa Ekonomicznego (2009);<\/li>\n<li>Medal Z\u0142oty za D\u0142ugoletni\u0105 S\u0142u\u017cb\u0119 (2012);<\/li>\n<li>Medal Komisji Edukacji Narodowej (2006);<\/li>\n<li>Z\u0142oty Krzy\u017c Zas\u0142ugi (2001);<\/li>\n<li>Z\u0142ota Odznaka \u201ePrzoduj\u0105cy Kolejarz\u201d (1992);<\/li>\n<li>Srebrna Odznaka \u201ePrzoduj\u0105cy Kolejarz\u201d (1979).<\/li>\n<\/ul>\n<hr \/>\n<h1>\u00a0<\/h1>\n<h1>dr hab. Micha\u0142 Pluci\u0144ski, prof. US<\/h1>\n<p><strong>Habilitacja<\/strong><br \/>w dziedzinie nauk ekonomicznych, w dyscyplinie ekonomia, specjalno\u015b\u0107: ekonomika i organizacja transportu, logistyka mi\u0119dzynarodowa, ekonomika i zarz\u0105dzanie regionem<br \/>data nadania stopnia: 14.05.2014<br \/>tytu\u0142 pracy: &#8222;<em>Polskie porty morskie w zmieniaj\u0105cym si\u0119 otoczeniu zewn\u0119trznym<\/em>&#8221; (Uniwersytet Szczeci\u0144ski, Wydzia\u0142 Zarz\u0105dzania i Ekonomiki Us\u0142ug)<\/p>\n<p><strong>Doktorat<\/strong><br \/>w dziedzinie nauk ekonomicznych w dyscyplinie ekonomia, specjalno\u015b\u0107: ekonomika i organizacja transportu, transport morski<br \/>data nadania: 13.06.2002<br \/>tytu\u0142 pracy: &#8222;<em>Relacje ekonomiczno-spo\u0142eczne mi\u0119dzy gmin\u0105 miasta portowego a portem morskim na przyk\u0142adzie Szczecina i \u015awinouj\u015bcia<\/em>&#8221; (Uniwersytet Szczeci\u0144ski, Wydzia\u0142 Zarz\u0105dzania i Ekonomiki Us\u0142ug)<\/p>\n<p><strong>Nagrody i odznaczenia:<\/strong><\/p>\n<p>\/w przygotowaniu\/<\/p>\n<hr \/>\n<h1>\u00a0<\/h1>\n<h1>dr hab. Tomasz Kwarci\u0144ski, prof. US<\/h1>\n<p><strong>Habilitacja<\/strong><br \/>w dziedzinie nauk ekonomicznych, w dyscyplinie ekonomia, specjalno\u015b\u0107: ekonomika transportu<br \/>data nadania stopnia: 16.11.2017<br \/>tytu\u0142 pracy: &#8222;<em>Dost\u0119pno\u015b\u0107 publicznego transportu zbiorowego na obszarach wiejskich w Polsce<\/em>&#8221; (Uniwersytet Szczeci\u0144ski, Wydzia\u0142 Zarz\u0105dzania i Ekonomiki Us\u0142ug)<\/p>\n<p><strong>Doktorat<\/strong><br \/>w dziedzinie nauk ekonomicznych w dyscyplinie ekonomia, specjalno\u015b\u0107: ekonomika transportu<br \/>data nadania: 20.02.2003<br \/>tytu\u0142 pracy: &#8222;<em>Konkurencyjno\u015b\u0107 polskich spedytor\u00f3w w warunkach integracji Polski z Uni\u0105 Europejsk\u0105<\/em>&#8221; (Uniwersytet Szczeci\u0144ski, Wydzia\u0142 Zarz\u0105dzania i Ekonomiki Us\u0142ug)<\/p>\n<p><strong>Nagrody i odznaczenia<\/strong><\/p>\n<ul>\n<li>Br\u0105zowy Krzy\u017c Zas\u0142ugi, Prezydent Rzeczypospolitej Polskiej, Polska, Warszawa, 10 wrze\u015bnia 2019;<\/li>\n<li>Nagroda indywidualna II stopnia za szczeg\u00f3lne osi\u0105gni\u0119cia naukowe, przyznana przez JM Rektora Uniwersytetu Szczeci\u0144skiego, Polska, Szczecin (14 pa\u017adziernik 2018);<\/li>\n<li>Wyr\u00f3\u017cnienie Dziekana za WARSZTATY NAUKOWO-DYDAKTYCZNE w ramach wsp\u00f3\u0142pracy z Wy\u017csz\u0105 Szko\u0142\u0105 Osnabruek, Campus Lingen \u201eZr\u00f3wnowa\u017cony rozw\u00f3j, r\u00f3wnowaga ekonomiczna, warto\u015b\u0107 dodana\u201d, Szczecin 2 pa\u017adziernika 2015;<\/li>\n<li>Br\u0105zowy medal za d\u0142ugoletni\u0105 s\u0142u\u017cb\u0119;<\/li>\n<li>Wyr\u00f3\u017cnienie Dziekana za rok akademicki 2006\/2007 za wk\u0142ad naukowy WZiEU, za prac\u0119 przy organizacji Konferencji Naukowej TRANSLOG oraz za zaanga\u017cowanie w organizacj\u0119 Jubileuszu 75-lecia Profesora Waldemara Grzywacza. Szczecin 4 pa\u017adziernika 2007;<\/li>\n<li>Nagroda zespo\u0142owa III stopnia przyznana przez JM Rektora Uniwersytetu Szczeci\u0144skiego za szczeg\u00f3lne osi\u0105gni\u0119cia w dziedzinie nauki, Szczecin 14 pa\u017adziernika 2006.<\/li>\n<\/ul>\n<hr \/>\n<h1>\u00a0<\/h1>\n<h1>dr hab. Anna Tokarz-Kocik, prof. US<\/h1>\n<p><strong>Habilitacja<\/strong><br \/>w dziedzinie nauk ekonomicznych, w dyscyplinie ekonomia, specjalno\u015b\u0107: hotelarstwo, rynek pracy, kapita\u0142 ludzki, hotelarstwo<br \/>data nadania stopnia: 10.05.2018<br \/>tytu\u0142 pracy: &#8222;<em>Jednotematyczny cykl publikacji pt. Kszta\u0142towanie kapita\u0142u ludzkiego dla potrzeb hotelarstwa na poziomie mezo- i mikroekonomicznym<\/em>&#8221; (Uniwersytet Szczeci\u0144ski, Wydzia\u0142 Zarz\u0105dzania i Ekonomiki Us\u0142ug)<\/p>\n<p><strong>Doktorat<\/strong><br \/>w dziedzinie nauk ekonomicznych w dyscyplinie ekonomia, specjalno\u015b\u0107: ekonomika us\u0142ug, rynek us\u0142ug<br \/>data nadania: 21.02.2002<br \/>tytu\u0142 pracy: &#8222;<em>Dystrybucja i promocja us\u0142ug jako czynniki kszta\u0142tuj\u0105ce pozycj\u0119 rynkow\u0105 pocztowego operatora publicznego<\/em>&#8221; (Uniwersytet Szczeci\u0144ski, Wydzia\u0142 Zarz\u0105dzania i Ekonomiki Us\u0142ug)<\/p>\n<p><strong>Nagrody i odznaczenia<\/strong><\/p>\n<ul>\n<li>Nagroda zespo\u0142owa od JM Rektora Uniwersytetu Szczeci\u0144skiego za szczeg\u00f3lne osi\u0105gni\u0119cia w dziedzinie dydaktyki (2016);<\/li>\n<li>Nagroda zespo\u0142owa od JM Rektora Uniwersytetu Szczeci\u0144skiego za szczeg\u00f3lne osi\u0105gni\u0119cia w dziedzinie dydaktyki za szczeg\u00f3lne osi\u0105gni\u0119cia w dziedzinie dydaktyki (2012);<\/li>\n<li>Nagroda zespo\u0142owa od JM Rektora Uniwersytetu Szczeci\u0144skiego za szczeg\u00f3lne osi\u0105gni\u0119cia w dziedzinie nauki (2011);<\/li>\n<li>Nagroda zespo\u0142owa od JM Rektora Uniwersytetu w dziedzinie dydaktyki (2010);<\/li>\n<li>Br\u0105zowy Medal Prezydenta RP za d\u0142ugoletni\u0105 s\u0142u\u017cb\u0119 (2009);<\/li>\n<li>Nagroda indywidualna II stopnia od JM Rektora Uniwersytetu Szczeci\u0144skiego za szczeg\u00f3lne osi\u0105gni\u0119cia w dziedzinie nauki (2008);<\/li>\n<li>Wyr\u00f3\u017cnienie Dziekana Wydzia\u0142u za wk\u0142ad pracy jako koordynator ECTS na kierunku Ekonomia w latach 2001-2007 (2007);<\/li>\n<li>Nagroda zespo\u0142owa od JM Rektora Uniwersytetu Szczeci\u0144skiego za szczeg\u00f3lne osi\u0105gni\u0119cia w dziedzinie nauki (2006);<\/li>\n<li>Nagroda zespo\u0142owa od JM Rektora Uniwersytetu Szczeci\u0144skiego za szczeg\u00f3lne osi\u0105gni\u0119cia w dziedzinie nauki (2005);<\/li>\n<li>Nagroda zespo\u0142owa od JM Rektora Uniwersytetu Szczeci\u0144skiego za szczeg\u00f3lne osi\u0105gni\u0119cia w dziedzinie nauki (2004);<\/li>\n<li>Wyr\u00f3\u017cnienie Dziekana w konkursie na \u201eNajlepszego Asystenta\u201d (2000).<\/li>\n<\/ul>\n<hr \/>\n<h1>\u00a0<\/h1>\n<h1>dr hab. Adam Pawlicz, prof. US<\/h1>\n<p><strong>Habilitacja<\/strong><br \/>w dziedzinie nauk spo\u0142ecznych, w dyscyplinie ekonomia i finanse<br \/>data nadania stopnia: 12.03.2020<br \/>tytu\u0142 pracy: &#8222;<em>Ekonomia wsp\u00f3\u0142dzielenia na rynku us\u0142ug hotelarskich. Niedoskona\u0142o\u015bci &#8211; po\u015brednicy &#8211; regulacje<\/em>&#8221; (Uniwersytet Szczeci\u0144ski)<\/p>\n<p><strong>Doktorat<\/strong><br \/>w dziedzinie nauk ekonomicznych w dyscyplinie ekonomia, specjalno\u015b\u0107: marketing w turystyce, polityka regionalna, zarz\u0105dzanie turystyk\u0105<br \/>data nadania: 02.07.2007<br \/>tytu\u0142 pracy: &#8222;<em>Promocja produktu turystycznego wybranych miast nadba\u0142tyckich<\/em>&#8221; (Uniwersytet Szczeci\u0144ski, Wydzia\u0142 Zarz\u0105dzania i Ekonomiki Us\u0142ug)<\/p>\n<p><strong>Nagrody i odznaczenia<\/strong><\/p>\n<ul>\n<li>Nagroda indywidualna II stopnia od JM Rektora Uniwersytetu Szczeci\u0144skiego za szczeg\u00f3lne osi\u0105gni\u0119cia w dziedzinie nauki (2018);<\/li>\n<li>Nagroda zespo\u0142owa od JM Rektora Uniwersytetu Szczeci\u0144skiego za szczeg\u00f3lne osi\u0105gni\u0119cia w dziedzinie dydaktyki (2016);<\/li>\n<li>Nagroda zespo\u0142owa I stopnia od JM Rektora Uniwersytetu Ekonomicznego w Poznaniu (2013);<\/li>\n<li>Nagroda zespo\u0142owa od JM Rektora Uniwersytetu Szczeci\u0144skiego za szczeg\u00f3lne osi\u0105gni\u0119cia w dziedzinie dydaktyki (2012);<\/li>\n<li>Nagroda zespo\u0142owa od JM Rektora Uniwersytetu Szczeci\u0144skiego za szczeg\u00f3lne osi\u0105gni\u0119cia w dziedzinie nauki (2011);<\/li>\n<li>Nagroda zespo\u0142owa od JM Rektora Uniwersytetu Szczeci\u0144skiego w dziedzinie dydaktyki (2010);<\/li>\n<li>Nagroda za zaj\u0119cie I miejsca konkursie na najlepszego asystenta Uniwersytetu Szczeci\u0144skiego (2006);<\/li>\n<li>Nagroda zespo\u0142owa od JM Rektora Uniwersytetu Szczeci\u0144skiego za szczeg\u00f3lne osi\u0105gni\u0119cia w dziedzinie nauki (2006);<\/li>\n<li>Nagroda zespo\u0142owa od JM Rektora Uniwersytetu Szczeci\u0144skiego za szczeg\u00f3lne osi\u0105gni\u0119cia w dziedzinie nauki (2005).<\/li>\n<\/ul>\n<hr \/>\n<h1>\u00a0<\/h1>\n<h1>dr hab. Marta Ma\u0144kowska, prof. US<\/h1>\n<p><strong>Habilitacja<\/strong><br \/>w dziedzinie nauk spo\u0142ecznych w dyscyplinie nauki o zarz\u0105dzaniu i jako\u015bci<br \/>data nadania: 08.02.2024<br \/>tytu\u0142 pracy: &#8222;Determinanty podzia\u0142u gestii transportowej oraz wyboru warunk\u00f3w dostaw Incoterms w mi\u0119dzynarodowych transakcjach handlowych. Wydawnictwo Naukowe Uniwersytetu Szczeci\u0144skiego, Szczecin 2022, 298 s.<\/p>\n<p><strong>Doktorat<\/strong><br \/>w dziedzinie nauk ekonomicznych w dyscyplinie ekonomia, specjalno\u015b\u0107: ekonomika i organizacja transportu<br \/>data nadania: 16.06.2011<br \/>tytu\u0142 pracy: &#8222;<em>Koncepcja rozwoju pasa\u017cerskich przewoz\u00f3w promowych pomi\u0119dzy Polsk\u0105 a Skandynawi\u0105 w aspekcie wzrostu konkurencyjno\u015bci transportu lotniczego<\/em>&#8221; (Uniwersytet Szczeci\u0144ski, Wydzia\u0142 Zarz\u0105dzania i Ekonomiki Us\u0142ug)<\/p>\n<p><strong>Nagrody i odznaczenia<\/strong><br \/>\/w przygotowaniu\/<\/p>\n<hr \/>\n<h1>dr in\u017c. Arkadiusz Drewnowski<\/h1>\n<p><strong>Doktorat<\/strong><br \/>w dziedzinie nauk ekonomicznych w dyscyplinie ekonomia, specjalno\u015b\u0107: ekonomika transportu, polityka transportowa<br \/>data nadania: 21.10.2010<br \/>tytu\u0142 pracy: &#8222;<em>Kierunki rozwoju polskiego transportu kolejowego po wej\u015bciu do Unii Europejskiej<\/em>&#8221; (Uniwersytet Szczeci\u0144ski, Wydzia\u0142 Zarz\u0105dzania i Ekonomiki Us\u0142ug)<\/p>\n<p><strong>Nagrody i odznaczenia<\/strong><br \/>\/w przygotowaniu\/<\/p>\n<hr \/>\n<h1>\u00a0<\/h1>\n<h1>dr Marta Sidorkiewicz<\/h1>\n<p><strong>Doktorat<\/strong><br \/>w dziedzinie nauk ekonomicznych w dyscyplinie ekonomia, specjalno\u015b\u0107: ekonomika turystyki, marketing us\u0142ug, hotelarstwo, polityka regionalna<br \/>data nadania: 24.02.2011<br \/>tytu\u0142 pracy: &#8222;<em>Ekonomiczne uwarunkowania rozwoju produktu turystyki biznesowej w wojew\u00f3dztwie zachodniopomorskim<\/em>&#8221; (Uniwersytet Szczeci\u0144ski, Wydzia\u0142 Zarz\u0105dzania i Ekonomiki Us\u0142ug)<\/p>\n<p><strong>Nagrody i odznaczenia<\/strong><br \/>\/w przygotowaniu\/<\/p>\n<ul>\n<li>Nagroda zespo\u0142owa Rektora Uniwersytetu Szczeci\u0144skiego za szczeg\u00f3lne osi\u0105gni\u0119cia dydaktyczne (2011);<\/li>\n<li>Nagroda zespo\u0142owa Rektora Uniwersytetu Szczeci\u0144skiego za szczeg\u00f3lne osi\u0105gni\u0119cia dydaktyczne (2010);<\/li>\n<li>Wyr\u00f3\u017cnienie Dziekana za organizacj\u0119 konferencji turystycznych oraz za wk\u0142ad w rozw\u00f3j naukowy Wydzia\u0142u Zarz\u0105dzania i Ekonomiki Us\u0142ug US (2009);<\/li>\n<li>Nagroda zespo\u0142owa Rektora Uniwersytetu Szczeci\u0144skiego za szczeg\u00f3lne osi\u0105gni\u0119cia dydaktyczne (2008);<\/li>\n<li>II miejsce w konkursie na najlepszego asystenta w Uniwersytecie Szczeci\u0144skim (2008);<\/li>\n<li>Nagroda zespo\u0142owa Rektora Uniwersytetu Szczeci\u0144skiego za szczeg\u00f3lne osi\u0105gni\u0119cia dydaktyczne (2007);<\/li>\n<li>Wyr\u00f3\u017cnienie Dziekana w konkursie na najlepszego asystenta w Uniwersytecie Szczeci\u0144skim i na Wydziale Zarz\u0105dzania i Ekonomiki Us\u0142ug (2007).<\/li>\n<\/ul>\n<hr \/>\n<h1>\u00a0<\/h1>\n<h1>dr Agnieszka Gozdek<\/h1>\n<p><strong>Doktorat<\/strong><br \/>w dziedzinie nauk ekonomicznych w dyscyplinie ekonomia, specjalno\u015b\u0107: ekonomika transportu<br \/>data nadania: 04.07.2013<br \/>tytu\u0142 pracy: &#8222;<em>Determinanty funkcjonowania ci\u0119\u017carowego transportu gospodarczego w warunkach rozwoju sektora Transport-Spedycja-Logistyka w Polsce<\/em>&#8221; (Uniwersytet Szczeci\u0144ski, Wydzia\u0142 Zarz\u0105dzania i Ekonomiki Us\u0142ug)<\/p>\n<p><strong>Nagrody i odznaczenia<\/strong><br \/>\/w przygotowaniu\/<\/p>\n<hr \/>\n<h1>\u00a0<\/h1>\n<h1>dr Zuzanna K\u0142os-Adamkiewicz<\/h1>\n<p><strong>Doktorat<\/strong><br \/>w dziedzinie nauk ekonomicznych w dyscyplinie ekonomia, specjalno\u015b\u0107: ekonomika i organizacja transportu, polityka transportowa, zarz\u0105dzanie transportem miejskim, marketing us\u0142ug<br \/>data nadania: 17.03.2016<br \/>tytu\u0142 pracy: &#8222;<em>Sposoby zwi\u0119kszania warto\u015bci us\u0142ugi dla pasa\u017cera komunikacji miejskiej na przyk\u0142adzie Szczecina<\/em>&#8221; (Uniwersytet Szczeci\u0144ski, Wydzia\u0142 Zarz\u0105dzania i Ekonomiki Us\u0142ug)<\/p>\n<p><strong>Nagrody i odznaczenia<\/strong><\/p>\n<ul>\n<li>Laureatka w konkursie &#8222;Zachodniopomorskie Skrzyd\u0142a Edukacji&#8221; zorganizowanym przez Stowarzyszenie In\u017cynier\u00f3w i Technik\u00f3w Komunikacji RP w Szczecinie (2023)<\/li>\n<li>\/w przygotowaniu\/<\/li>\n<\/ul>\n<hr \/>\n<h1>\u00a0<\/h1>\n<h1>dr El\u017cbieta Szaruga<\/h1>\n<p><strong>Doktorat<\/strong><br \/>w dziedzinie nauk ekonomicznych w dyscyplinie ekonomia, specjalno\u015b\u0107: metody ilo\u015bciowe, makroekonometria, ekonomika transportu<br \/>data nadania: 06.07.2017<br \/>tytu\u0142 pracy: &#8222;<em>Racjonalizacja energoch\u0142onno\u015bci transportu samochodowego w \u015bwietle wyzwa\u0144 zr\u00f3wnowa\u017conego rozwoju<\/em>&#8221; (Uniwersytet Szczeci\u0144ski, Wydzia\u0142 Zarz\u0105dzania i Ekonomiki Us\u0142ug)<\/p>\n<p><strong>Nagrody i odznaczenia<\/strong><\/p>\n<ul>\n<li>Odznaczenie Prezydenta RP Medalem Br\u0105zwym za D\u0142ugoletni\u0105 S\u0142u\u017cb\u0119 za wzorowe i wyj\u0105tkowo sumienne wykonywanie obowi\u0105zk\u00f3w zawodowych w s\u0142u\u017cbie Pa\u0144stwa (2025);<\/li>\n<li><em>Outstanding Reviewer Award for Excellence<\/em> w mi\u0119dzynarodowym konkursie czasopisma <em>Sustainability<\/em> (MDPI) wydane przez Prof. Dr Marc A. Rosen i <em>Sustainability<\/em> (2023\/2024);<\/li>\n<li>Nagroda Rektora Uniwersytetu Szczeci\u0144skiego za szczeg\u00f3lne osi\u0105gni\u0119cia naukowe &#8211; nagroda indywidualna (2023);<\/li>\n<li>Wyr\u00f3\u017cnienie w konkursie na Najlepszego M\u0142odego Naukowca Uniwersytetu Szczeci\u0144skiego (2023);<\/li>\n<li><em>Outstanding Reviewer Award for Excellence<\/em> w mi\u0119dzynarodowym konkursie czasopisma <em>Sustainability<\/em> (MDPI) wydane przez Prof. Dr Marc A. Rosen i <em>Sustainability<\/em> (2022\/2023);<\/li>\n<li>Nagroda Rektora Uniwersytetu Szczeci\u0144skiego za szczeg\u00f3lne osi\u0105gni\u0119cia naukowe dla m\u0142odego naukowca &#8211; nagroda indywidualna (2022);<\/li>\n<li>Nagroda Rektora Uniwersytetu Szczeci\u0144skiego za szczeg\u00f3lne osi\u0105gni\u0119cia organizacyjne &#8211; nagroda zespo\u0142owa (2019);<\/li>\n<li>Wyr\u00f3\u017cnienie Dziekana Wydzia\u0142u Zarz\u0105dzania i Ekonomiki Us\u0142ug US za przygotowanie, opiniowanie i wprowadzenie do systemu Egeria edukacja program\u00f3w kszta\u0142cenia oraz prac nale\u017c\u0105cych do kompetencji zespo\u0142u Jako\u015bci i Kszta\u0142cenia (2019);<\/li>\n<li>List gratulacyjny Prodziekana ds. Nauki Wydzia\u0142u Zarz\u0105dzania i Ekonomiki Us\u0142ug Uniwersytetu Szczeci\u0144skiego za\u00a0 przygotowanie i z\u0142o\u017cenie projektu &#8222;<em>Doskonalenie jako\u015bci bada\u0144 naukowych w naukach ekonomicznych ze szczeg\u00f3lnym uwzgl\u0119dnieniem sektora us\u0142ug&#8221;, <\/em>kt\u00f3ry uzyska\u0142 finansowanie dla Uniwersytetu Szczeci\u0144skiego w ramach programu &#8222;<em>Regionalna Inicjatywa Doskona\u0142o\u015bci<\/em>&#8221; (2018);<\/li>\n<li>Wyr\u00f3\u017cnienie Dziekana Wydzia\u0142u Zarz\u0105dzania i Ekonomiki Us\u0142ug za rozpraw\u0119 doktorsk\u0105 (2018);<\/li>\n<li><em>European Friedrich-List-Prize<\/em> 2018 for young scientists in European transport sciences (laureatka I miejsca w konkursie o zasi\u0119gu mi\u0119dzynarodowym) wydane przez European Platform of Transport Sciences (2018);<\/li>\n<li>Wyr\u00f3\u017cnienie Rady Wydzia\u0142u Zarz\u0105dzania i Ekonomiki Us\u0142ug Uniwersytetu Szczeci\u0144skiego za rozpraw\u0119 doktorsk\u0105 (2017);<\/li>\n<li>Nagroda Rektora Uniwersytetu Szczeci\u0144skiego za I miejsce w konkursie na najlepszego m\u0142odego naukowca Uniwersytetu Szczeci\u0144skiego (2016).<\/li>\n<\/ul>\n<hr \/>\n<h1>\u00a0<\/h1>\n<h1>dr Bartosz Pilecki<\/h1>\n<p><strong>Doktorat<\/strong><br \/>w dziedzinie nauk ekonomicznych w dyscyplinie finanse, specjalno\u015b\u0107: rozw\u00f3j regionalny, inwestycje sektora publicznego, infrastruktura spo\u0142eczna, finanse Unii Europejskiej, finanse samorz\u0105du terytorialnego, finanse samorz\u0105dowe, finanse publiczne, finanse i gospodarka jednostek samorz\u0105du terytorialnego<br \/>data nadania: 09.11.2017<br \/>tytu\u0142 pracy: &#8222;<em>Wp\u0142yw inwestycji w infrastruktur\u0119 spo\u0142eczn\u0105 finansowanych z Regionalnego Programu Operacyjnego Wojew\u00f3dztwa Zachodniopomorskiego na rozw\u00f3j regionu<\/em>&#8221; (Uniwersytet Szczeci\u0144ski, Wydzia\u0142 Zarz\u0105dzania i Ekonomiki Us\u0142ug)<\/p>\n<p><strong>Nagrody i odznaczenia<\/strong><br \/>\/w przygotowaniu\/<\/p>\n<hr \/>\n<h1>\u00a0<\/h1>\n<h1>dr in\u017c. Damian Bonk<\/h1>\n<p><strong>Doktorat<\/strong><\/p>\n<p>w dziedzinie nauk spo\u0142ecznych w dyscyplinie ekonomia i finanse, specjalno\u015b\u0107: ekonomika transportu<\/p>\n<p>data nadania: 09.11.2023<\/p>\n<p>tytu\u0142 pracy:\u00a0 &#8222;<em>Determinanty konkurencyjno\u015bci transportu intermodalnego w Europie<\/em>&#8221; (Uniwersytet Szczeci\u0144ski, Instytut Ekonomi i Finans\u00f3w)<\/p>\n<p><strong>Nagrody i odznaczenia<\/strong><\/p>\n<p>\/w przygotowaniu\/<\/p>\n<hr \/>\n<h1>\u00a0<\/h1>\n<h1>dr Sylwia Kowalska<\/h1>\n<p><strong>Doktorat<\/strong><\/p>\n<p>w dziedzinie nauk spo\u0142ecznych w dyscyplinie ekonomia i finanse, specjalno\u015b\u0107: ekonomika transportu<\/p>\n<p>data nadania: 07.12.2023<\/p>\n<p>tytu\u0142 pracy:\u00a0 &#8222;<em>Op\u0142ata drogowa jako narz\u0119dzie przesuni\u0119\u0107 mi\u0119dzyga\u0142\u0119ziowych w przewozach \u0142adunk\u00f3w<\/em>&#8221; (Uniwersytet Szczeci\u0144ski, Instytut Ekonomi i Finans\u00f3w)<\/p>\n<p><strong>Nagrody i odznaczenia<\/strong><\/p>\n<ul>\n<li><em>European Friedrich-List-Prize<\/em> 2024 for young scientists in European transport sciences (laureatka I miejsca w konkursie o zasi\u0119gu mi\u0119dzynarodowym) wydane przez European Platform of Transport Sciences (2024);<\/li>\n<\/ul>\n<hr \/>\n<h1>\u00a0<\/h1>\n\n\n<h1 class=\"wp-block-heading\">dr Pawe\u0142 Mieczan<\/h1>\n\n\n\n<p class=\"wp-block-paragraph\"><strong>Doktorat<\/strong><\/p>\n\n\n\n<p class=\"wp-block-paragraph\">w dziedzinie nauk spo\u0142ecznych w dyscyplinie ekonomia i finanse, specjalno\u015b\u0107: handel zagraniczny, integracja europejska, mi\u0119dzynarodowe stosunki ekonomiczne<\/p>\n\n\n\n<p class=\"wp-block-paragraph\">data nadania: 07.12.2023<\/p>\n\n\n\n<p class=\"wp-block-paragraph\">tytu\u0142 pracy:&nbsp; &#8222;<em>Determinanty polskiego eksportu gotowych artyku\u0142\u00f3w spo\u017cywczych po akcesji do Unii Europejskiej<\/em>&#8221; (Uniwersytet Szczeci\u0144ski, Instytut Ekonomi i Finans\u00f3w)<\/p>\n\n\n\n<p class=\"wp-block-paragraph\"><strong>Nagrody i odznaczenia<\/strong><\/p>\n\n\n\n<p class=\"wp-block-paragraph\">\/w przygotowaniu\/<\/p>\n\n\n\n<pre class=\"wp-block-verse\"><br>Fot. WOJCIECH OLKU\u015aNIK \/Fotograf Prezydenta RP\/<\/pre>\n\n\n\n<p class=\"wp-block-paragraph\"><\/p>\n","protected":false},"excerpt":{"rendered":"<p>Niezmiernie nam mi\u0142o przedstawi\u0107 wybrane osi\u0105gni\u0119cia naukowe pracownik\u00f3w Katedry Zarz\u0105dzania Transportem. Kolejno\u015b\u0107 nazwisk jest przedstawiona wg hierarchii tytu\u0142\u00f3w i stopni naukowych oraz wg daty nadania. prof. dr hab. El\u017cbieta Za\u0142oga Profesornauki ekonomicznedata nadania tytu\u0142u 28.07.2014 Habilitacjaw dziedzinie nauk ekonomicznych, w &hellip; <\/p>\n","protected":false},"author":1,"featured_media":503,"comment_status":"closed","ping_status":"closed","sticky":false,"template":"","format":"standard","meta":{"footnotes":""},"categories":[12],"tags":[],"class_list":["post-87","post","type-post","status-publish","format-standard","has-post-thumbnail","hentry","category-dorobek-i-osiagniecia"],"_links":{"self":[{"href":"https:\/\/kzt.usz.edu.pl\/index.php\/wp-json\/wp\/v2\/posts\/87","targetHints":{"allow":["GET"]}}],"collection":[{"href":"https:\/\/kzt.usz.edu.pl\/index.php\/wp-json\/wp\/v2\/posts"}],"about":[{"href":"https:\/\/kzt.usz.edu.pl\/index.php\/wp-json\/wp\/v2\/types\/post"}],"author":[{"embeddable":true,"href":"https:\/\/kzt.usz.edu.pl\/index.php\/wp-json\/wp\/v2\/users\/1"}],"replies":[{"embeddable":true,"href":"https:\/\/kzt.usz.edu.pl\/index.php\/wp-json\/wp\/v2\/comments?post=87"}],"version-history":[{"count":57,"href":"https:\/\/kzt.usz.edu.pl\/index.php\/wp-json\/wp\/v2\/posts\/87\/revisions"}],"predecessor-version":[{"id":1697,"href":"https:\/\/kzt.usz.edu.pl\/index.php\/wp-json\/wp\/v2\/posts\/87\/revisions\/1697"}],"wp:featuredmedia":[{"embeddable":true,"href":"https:\/\/kzt.usz.edu.pl\/index.php\/wp-json\/wp\/v2\/media\/503"}],"wp:attachment":[{"href":"https:\/\/kzt.usz.edu.pl\/index.php\/wp-json\/wp\/v2\/media?parent=87"}],"wp:term":[{"taxonomy":"category","embeddable":true,"href":"https:\/\/kzt.usz.edu.pl\/index.php\/wp-json\/wp\/v2\/categories?post=87"},{"taxonomy":"post_tag","embeddable":true,"href":"https:\/\/kzt.usz.edu.pl\/index.php\/wp-json\/wp\/v2\/tags?post=87"}],"curies":[{"name":"wp","href":"https:\/\/api.w.org\/{rel}","templated":true}]}}