{"id":880,"date":"2023-11-30T10:35:37","date_gmt":"2023-11-30T09:35:37","guid":{"rendered":"https:\/\/kzt.usz.edu.pl\/?p=880"},"modified":"2023-12-01T10:39:42","modified_gmt":"2023-12-01T09:39:42","slug":"certyfikat-honorowego-partnera-pte-oddzial-w-szczecinie","status":"publish","type":"post","link":"https:\/\/kzt.usz.edu.pl\/index.php\/certyfikat-honorowego-partnera-pte-oddzial-w-szczecinie\/","title":{"rendered":"Certyfikat Honorowego Partnera PTE Oddzia\u0142 w Szczecinie"},"content":{"rendered":"\n<p class=\"wp-block-paragraph\">29 listopada 2023 odby\u0142a si\u0119 uroczysto\u015b\u0107 75 lecia Oddzia\u0142u Polskiego Towarzystwa Ekonomicznego w Szczecinie. W\u015br\u00f3d zaproszonych go\u015bci nie zabrak\u0142o przedstawicieli Katedry Zarz\u0105dzania Transportem Uniwersytetu Szczeci\u0144skiego.<br>Podczas wydarzenia wr\u0119czony zosta\u0142 Pani Profesor El\u017cbiecie Za\u0142odze i Zespo\u0142owi konferencji &#8222;EURO-TRANS&#8221; certyfikat Honorowego Partnera PTE Oddzia\u0142 w Szczecinie.<\/p>\n\n\n<div class=\"wp-block-image is-style-default\">\n<figure class=\"aligncenter size-large\"><img loading=\"lazy\" decoding=\"async\" width=\"473\" height=\"1024\" src=\"https:\/\/kzt.usz.edu.pl\/wp-content\/uploads\/2023\/12\/20231129_171950-1-473x1024.jpg\" alt=\"\" class=\"wp-image-884\" srcset=\"https:\/\/kzt.usz.edu.pl\/wp-content\/uploads\/2023\/12\/20231129_171950-1-473x1024.jpg 473w, https:\/\/kzt.usz.edu.pl\/wp-content\/uploads\/2023\/12\/20231129_171950-1-139x300.jpg 139w, https:\/\/kzt.usz.edu.pl\/wp-content\/uploads\/2023\/12\/20231129_171950-1-768x1663.jpg 768w, https:\/\/kzt.usz.edu.pl\/wp-content\/uploads\/2023\/12\/20231129_171950-1-709x1536.jpg 709w, https:\/\/kzt.usz.edu.pl\/wp-content\/uploads\/2023\/12\/20231129_171950-1-946x2048.jpg 946w, https:\/\/kzt.usz.edu.pl\/wp-content\/uploads\/2023\/12\/20231129_171950-1-scaled.jpg 1182w\" sizes=\"auto, (max-width: 473px) 100vw, 473px\" \/><\/figure>\n<\/div>","protected":false},"excerpt":{"rendered":"<p>29 listopada 2023 odby\u0142a si\u0119 uroczysto\u015b\u0107 75 lecia Oddzia\u0142u Polskiego Towarzystwa Ekonomicznego w Szczecinie. W\u015br\u00f3d zaproszonych go\u015bci nie zabrak\u0142o przedstawicieli Katedry Zarz\u0105dzania Transportem Uniwersytetu Szczeci\u0144skiego.Podczas wydarzenia wr\u0119czony zosta\u0142 Pani Profesor El\u017cbiecie Za\u0142odze i Zespo\u0142owi konferencji &#8222;EURO-TRANS&#8221; certyfikat Honorowego Partnera PTE &hellip; <\/p>\n","protected":false},"author":1,"featured_media":882,"comment_status":"closed","ping_status":"closed","sticky":false,"template":"","format":"standard","meta":{"footnotes":""},"categories":[3],"tags":[],"class_list":["post-880","post","type-post","status-publish","format-standard","has-post-thumbnail","hentry","category-newsroom"],"_links":{"self":[{"href":"https:\/\/kzt.usz.edu.pl\/index.php\/wp-json\/wp\/v2\/posts\/880","targetHints":{"allow":["GET"]}}],"collection":[{"href":"https:\/\/kzt.usz.edu.pl\/index.php\/wp-json\/wp\/v2\/posts"}],"about":[{"href":"https:\/\/kzt.usz.edu.pl\/index.php\/wp-json\/wp\/v2\/types\/post"}],"author":[{"embeddable":true,"href":"https:\/\/kzt.usz.edu.pl\/index.php\/wp-json\/wp\/v2\/users\/1"}],"replies":[{"embeddable":true,"href":"https:\/\/kzt.usz.edu.pl\/index.php\/wp-json\/wp\/v2\/comments?post=880"}],"version-history":[{"count":3,"href":"https:\/\/kzt.usz.edu.pl\/index.php\/wp-json\/wp\/v2\/posts\/880\/revisions"}],"predecessor-version":[{"id":887,"href":"https:\/\/kzt.usz.edu.pl\/index.php\/wp-json\/wp\/v2\/posts\/880\/revisions\/887"}],"wp:featuredmedia":[{"embeddable":true,"href":"https:\/\/kzt.usz.edu.pl\/index.php\/wp-json\/wp\/v2\/media\/882"}],"wp:attachment":[{"href":"https:\/\/kzt.usz.edu.pl\/index.php\/wp-json\/wp\/v2\/media?parent=880"}],"wp:term":[{"taxonomy":"category","embeddable":true,"href":"https:\/\/kzt.usz.edu.pl\/index.php\/wp-json\/wp\/v2\/categories?post=880"},{"taxonomy":"post_tag","embeddable":true,"href":"https:\/\/kzt.usz.edu.pl\/index.php\/wp-json\/wp\/v2\/tags?post=880"}],"curies":[{"name":"wp","href":"https:\/\/api.w.org\/{rel}","templated":true}]}}