{"id":91,"date":"2022-03-28T06:03:00","date_gmt":"2022-03-28T04:03:00","guid":{"rendered":"http:\/\/raratheme.com\/preview\/business-one-page\/?p=91"},"modified":"2026-05-03T03:45:41","modified_gmt":"2026-05-03T01:45:41","slug":"publikacje-konferencje","status":"publish","type":"post","link":"https:\/\/kzt.usz.edu.pl\/index.php\/publikacje-konferencje\/","title":{"rendered":"Konferencje i publikacje"},"content":{"rendered":"<p align=\"justify\">Na tej podstronie przedstawiamy Pa\u0144stwu flagowe konferencje, kt\u00f3rych jeste\u015bmy organizatorami i wsp\u00f3\u0142organizatorami. W drugiej cz\u0119\u015bci podstrony zapraszamy do zapoznania si\u0119 z wykazem wybranych publikacji (od 2017 roku).<\/p>\n<h1 align=\"justify\">\u00a0<\/h1>\n<h1 align=\"justify\">1. Konferencje<\/h1>\n<p align=\"justify\">Katedra Zarz\u0105dzania Transportem jest inicjatorem i organizatorem konferencji i seminari\u00f3w naukowych o zasi\u0119gu mi\u0119dzynarodowym, krajowym i regionalnym. Celem konferencji jest upowszechnienie najnowszych bada\u0144 naukowych i integracja \u015brodowisk zajmuj\u0105cych si\u0119 problematyk\u0105 ekonomiki, organizacji i zarz\u0105dzania transportem.<\/p>\n<p align=\"justify\"><strong>Flagow\u0105 mi\u0119dzynarodow\u0105 konferencj\u0105 o cyklicznym charakterze jest EUROTRANS<\/strong> (przed 2008 rokiem TRANSLOG), kt\u00f3r\u0105 wsp\u00f3\u0142organizujemy ze Szko\u0142\u0105 G\u0142\u00f3wn\u0105 Handlow\u0105 w Warszawie i od 2022 roku tak\u017ce z Uniwersytetem Gda\u0144skim w Sopocie.<\/p>\n<ul>\n<li>EUROTRANS 2026: &#8222;Innowacyjny system transportu. Efektywno\u015b\u0107, bezpiecze\u0144stwo i ochrona&#8221;, Szczecin 21-22.09.2026;<\/li>\n<li>EUROTRANS 2025: &#8222;Towards Sustainable and Interconnected Transport and Logistics Networks&#8221;, Sopot 22-23.09.2025;<\/li>\n<li>EUROTRANS 2024: &#8222;Nowe ramy funkcjonowania sektor\u00f3w mobilno\u015bci i logistyki&#8221;, Warszawa 16-17.09.2024;<\/li>\n<li>EUROTRANS 2023: &#8222;Proces kszta\u0142towania zr\u00f3wnowa\u017conego transportu. Wysi\u0142ki i efekty&#8221;, Szczecin 18-19.09.2023;<\/li>\n<li>EUROTRANS 2022: &#8222;Transport and Logistics Towards a Blue Economy and Green Transition&#8221;, Sopot 19-20.09.2022;<\/li>\n<li>EUROTRANS 2021: &#8222;Green Finance for Brownfield Transport Sector Transformation&#8221;, Warszawa 20-21.09.2022;<\/li>\n<li>EUROTRANS 2020: &#8222;Mobilno\u015b\u0107 i zr\u00f3wnowa\u017cony transport&#8221; &#8211; konferencja zosta\u0142a powi\u0105zana z obchodami jubileuszu Pani Profesor El\u017cbiety Za\u0142ogi, Szczecin 21.09.2020;<\/li>\n<li>EUROTRANS 2019: &#8222;<span id=\"page3R_mcid2\" class=\"markedContent\"><span dir=\"ltr\" role=\"presentation\">Zastosowanie sztucznej inteligencji w systemach mobilno\u015bci oraz<\/span><br role=\"presentation\" \/><span dir=\"ltr\" role=\"presentation\">\u0142a\u0144cuchach dostaw&#8221;, Warszawa 26-27.09.2019;<\/span><\/span><\/li>\n<li>EUROTRANS 2018: &#8222;M<span id=\"page3R_mcid2\" class=\"markedContent\"><span dir=\"ltr\" role=\"presentation\">obilno\u015b\u0107 i europejska przestrze\u0144 <\/span><span dir=\"ltr\" role=\"presentation\">transportowa<\/span><\/span>&#8222;, Warszawa 24-25.09.2018;<\/li>\n<li>EUROTRANS 2016: &#8222;Transport. Wzrost i rozw\u00f3j&#8221;, Szczecin 19-20.09.2016;<\/li>\n<li>EUROTRANS 2014: &#8222;Infrastruktura transportu dla rozwoju region\u00f3w. Z perspektywy 10-lecia cz\u0142onkostwa w Unii Europejskiej&#8221;, Szczecin 13.05.2014;<\/li>\n<li>EUROTRANS 2012: \u201eEuropejska przestrze\u0144 transportu. Koncepcja i rzeczywisto\u015b\u0107\u201d, Szczecin 24-25.09.2012;<\/li>\n<li>EUROTRANS 2011: \u201eKonkurencyjny i zr\u00f3wnowa\u017cony transport \u2013 po kryzysie, co dalej?\u201d, Warszawa 10-11.10.2011;<\/li>\n<li>EUROTRANS 2009:, Innowacje w transporcie- zarz\u0105dzanie, technologie, procesy\u201d, Szczecin 17-18.09.2009;<\/li>\n<li>EUROTRANS 2008: \u201eTransport. Ekonomika i biznes\u201d, Warszawa, 17-18.09.2008;<\/li>\n<li>TRANSLOG 2007: \u201eSzanse rozwoju transportu w \u015bwietle unijnej perspektywy finansowej na lata 2007 \u2013 2013\u201d, Szczecin 13-14.09.2007;<\/li>\n<li>TRANSLOG 2006: \u201eLiberalizacja i deregulacja transportu w Unii Europejskiej. Oczekiwania i do\u015bwiadczenia\u201d, Warszawa 21-22.09.2006;<\/li>\n<li>TRANSLOG 2005: \u201eZintegrowane \u0142a\u0144cuchy transportowe \u2013 przes\u0142anki i warunki rozwoju\u201d, Szczecin 15-16.09.2005;<\/li>\n<li>TRANSLOG 2004: \u201eRola transportu w kszta\u0142towaniu rozwoju spo\u0142eczno-gospodarczego region\u00f3w oraz w procesach integracyjnych\u201d, Szczecin 20-21.09.2004;<\/li>\n<li>TRANSLOG 2003: \u201eWsp\u00f3\u0142czesne przemiany na europejskim rynku us\u0142ug transportowych\u201d Szczecin 18-19.09. 2003;<\/li>\n<li>TRANSLOG 2002: \u201eWarunki funkcjonowania polskich przewo\u017anik\u00f3w i operator\u00f3w na mi\u0119dzynarodowym rynku us\u0142ug transportowych\u201d, Szczecin 18-19.09.2002;<\/li>\n<li>TRANSLOG 2001: \u201eSystem transportowy Polski \u2013 koordynacja, globalizacja, legislacja\u201d, Szczecin 11-12.09.2001.<\/li>\n<\/ul>\n\n\n<blockquote class=\"wp-block-quote\"><p align=\"justify\">Pomys\u0142 zorganizowania mi\u0119dzynarodowej konferencji naukowej TRANSLOG zrodzi\u0142 si\u0119 na Wydziale Zarz\u0105dzania i Ekonomiki Us\u0142ug Uniwersytetu Szczeci\u0144skiego na prze\u0142omie wiek\u00f3w. Inicjatorem konferencji i tw\u00f3rc\u0105 jej nazwy by\u0142 <strong>prof. Hubert Bronk<\/strong>, wsp\u00f3\u0142tw\u00f3rca \u201eSzczeci\u0144skiej Szko\u0142y Transportowej\u201d- my\u015bli teoretycznej opartej na dorobku kadry naukowej Akademii Handlowej w Szczecinie, Wydzia\u0142u In\u017cynieryjno-Ekonomicznego Transportu Politechniki Szczeci\u0144skiej, Wydzia\u0142u Transportu i \u0141\u0105czno\u015bci Uniwersytetu Szczeci\u0144skiego i kontynuowanej przez Wydzia\u0142 Zarz\u0105dzania i Ekonomiki Us\u0142ug Uniwersytetu Szczeci\u0144skiego. Od 2002 roku wsp\u00f3\u0142organizatorem konferencji TRANSLOG sta\u0142a si\u0119 Katedra Transportu Kolegium Zarz\u0105dzania i Finans\u00f3w Szko\u0142y G\u0142\u00f3wnej Handlowej w Warszawie. Jest to efekt bardzo \u015bcis\u0142ej wsp\u00f3\u0142pracy obu o\u015brodk\u00f3w naukowych, zapocz\u0105tkowanej przez <strong>prof. Mariana Madeyskiego<\/strong>. W 2005 roku organizatorzy konferencji zdecydowali, \u017ce Konferencja b\u0119dzie odbywa\u0142a si\u0119 przemiennie w Szczecinie i Warszawie. W 2008 roku konferencja przyj\u0119\u0142a nazw\u0119 EURO-TRANS i pod takim znakiem zosta\u0142a zarejestrowana w Urz\u0119dzie Patentowym.<br>Kolejnym edycjom konferencji TRANSLOG towarzyszy\u0142y targi firm transportowych, logistycznych oraz spedycyjnych, za\u015b przedstawiciele biznesu transportowego byli aktywnymi uczestnikami dyskusji panelowych. Ka\u017cdorazowo efektem konferencji by\u0142y rezolucje oraz wnioski, kt\u00f3re przekazywano w\u0142a\u015bciwym organom administracji rz\u0105dowej i samorz\u0105dowej oraz publikowano w czasopismach transportowych.<\/p><\/blockquote>\n\n\n\n<p align=\"justify\"><strong>Cyklicznie organizujemy tak\u017ce seminaria o charakterze krajowym, kt\u00f3re przyj\u0119\u0142o si\u0119 nazywa\u0107 &#8222;Seminariami grudniowymi&#8221;<\/strong>.<\/p>\n\n\n\n<blockquote class=\"wp-block-quote is-layout-flow wp-block-quote-is-layout-flow\">\n<p class=\"wp-block-paragraph\">Ich celem jest stworzenie naukowej platformy do dyskusji, wa\u017cnych z punktu widzenia teoretycznego i praktycznego, zagadnie\u0144 funkcjonowania i rozwoju transportu. Seminaria maj\u0105 zasi\u0119g og\u00f3lnopolski, jakkolwiek cz\u0119stymi go\u015b\u0107mi konferencji s\u0105 ekonomi\u015bci transportu z innych kraj\u00f3w. Z za\u0142o\u017cenia, cech\u0105 seminarium jest kameralno\u015b\u0107 dyskusji naukowej, dla kt\u00f3rej kanw\u0105 jest dorobek teoretyczny, prowadzone badania oraz do\u015bwiadczenia przedsi\u0119biorstw transportowych i instytucji dzia\u0142aj\u0105cych na rzecz transportu. Miejscem seminari\u00f3w jest Szczecin.<\/p>\n<cite>\/prof. dr hab. El\u017cbieta Za\u0142oga\/<\/cite><\/blockquote>\n\n\n\n<p align=\"justify\">Problematyk\u0119 seminarium grudniowego w uj\u0119ciu historycznym przedstawia poni\u017csze zestawienie:<\/p>\n\n\n\n<ul align=\"justify\"><li>XIII Og\u00f3lnopolskie Seminarium Naukowe pt. &#8222;Metody bada\u0144 nad transportem. Si\u0119gni\u0119cie do spu\u015bcizny Profesora Jerzego Wolszczana&#8221; (2024);<\/li><li>XII Og\u00f3lnopolskie Seminarium Naukowe pt. &#8222;Szczecin jako o\u015brodek my\u015bli ekonomicznej transportu&#8221; (2021);<\/li><li>XI Og\u00f3lnopolskie Seminarium Naukowe pt. &#8222;Efektywno\u015b\u0107 proces\u00f3w transportowych&#8221; (2017);<\/li><li>X Og\u00f3lnopolskie Seminarium Naukowe pt. &#8222;Konkurencja i kooperacja w transporcie samochodowym&#8221; &#8211; seminarium po\u0142\u0105czone z jubileuszem 50-lecia pracy naukowej i dydaktycznej prof. zw. dr hab. in\u017c. Huberta Bronka (2015);<\/li><li>IX Og\u00f3lnopolskie Seminarium Naukowe pt. &#8222;Ceny i koszty w transporcie. Aspekty teoretyczne i praktyczne&#8221; (2013);<\/li><li>VIII Og\u00f3lnopolskie Seminarium Naukowe pt. &#8222;Pasa\u017cerski transport regionalny. Wsp\u00f3\u0142czesne wyzwania&#8221; (2011);<\/li><li>VII Og\u00f3lnopolskie Seminarium Naukowe pt. &#8222;65-lecie Szczeci\u0144skiej Szko\u0142y Ekonomiki Transportu. Przesz\u0142o\u015b\u0107, tera\u017aniejszo\u015b\u0107, przysz\u0142o\u015b\u0107&#8221; (2010);<\/li><li>VI Og\u00f3lnopolskie Seminarium Naukowe pt. &#8222;Dost\u0119pno\u015b\u0107 transportowa \u2013 aspekty teoretyczne i praktyczne&#8221; (2008);<\/li><li>V Og\u00f3lnopolskie Seminarium Naukowe pt. &#8222;Uwarunkowania zmian w preferencjach klient\u00f3w transportu&#8221; (2006);<\/li><li>IV Og\u00f3lnopolskie Seminarium Naukowe pt. &#8222;Rozw\u00f3j infrastruktury transportu w Polsce&#8221; (2005);<\/li><li>III Og\u00f3lnopolskie Seminarium Naukowe pt. &#8222;Spedycja w sektorze TSL&#8221; (2004);<\/li><li>II Og\u00f3lnopolskie Seminarium Naukowe pt. &#8222;Telematyka w transporcie&#8221; (2003);<\/li><li>I Og\u00f3lnopolskie Seminarium Naukowe pt. &#8222;Nowoczesne technologie w transporcie&#8221; (2002).<\/li><\/ul>\n\n\n\n<p class=\"wp-block-paragraph\"><strong>Zorganizowane zosta\u0142y tak\u017ce konferencje, seminaria i warsztaty o charakterze niecyklicznym:<\/strong><\/p>\n\n\n\n<ul class=\"wp-block-list\">\n<li>&#8222;12,5m &#8211; milowy krok w rozwoju portu Szczecin?&#8221; &#8211; po\u0142\u0105czone z ods\u0142oni\u0119ciem pami\u0105tkowej tablicy prof. Franciszka Gronowskiego (2021);<\/li>\n\n\n\n<li>&#8222;Uwarunkowania funkcjonowania transportu morskiego Polski w drugiej dekadzie XXI w.&#8221; wraz z &#8222;Jubileuszem 90-lecia urodzin prof. zw. dr. hab. Franciszka Gronowskiego&#8221; (2017);<\/li>\n\n\n\n<li>&#8222;Transport i mobilno\u015b\u0107 w badaniach naukowych i dydaktyce&#8221; (2021);<\/li>\n\n\n\n<li>&#8222;Transport w\u0142asny czy obcy? &#8211; uwarunkowania decyzji firm produkcyjnych&#8221; (2012);<\/li>\n\n\n\n<li>&#8222;\u017begluga \u015br\u00f3dl\u0105dowa w Polsce. Ga\u0142\u0105\u017a konkurencyjna czy schy\u0142kowa?&#8221; (2012);<\/li>\n\n\n\n<li>&#8222;Problemy transportowe Miasta Szczecina&#8221; (2010);<\/li>\n\n\n\n<li>&#8222;Statystyka transportu drogowego jako narz\u0119dzie monitoringu przewoz\u00f3w&#8221; (2010).<\/li>\n<\/ul>\n\n\n<h3>&nbsp;<\/h3>\n<hr>\n<p align=\"justify\">\n<h1 align=\"justify\">2. Publikacje (wybrane &#8211; od 2017)<\/h1>\n<p aling=\"justify\">\n<ol type=\"1\">\n<li>Altaher A., Focacci A., Pawlicz A., Cebeci K. (red.), <em>MIRDEC-7th, International Academic Conference on Social Sciences, Multidisciplinary, Multidisciplinary and Globalization Studies (Global Meeting of Social Science Community): conference proceedings: full paper series<\/em>, Istanbul\u202f2018.<\/li>\n<li>Bera A., Drela K., Malkowska A., Tokarz-Kocik A., <em>Mitigating risk of the tourism sector in the European Union member states during the covid-19 pandemic<\/em>, \u201eEuropean Research Studies Journal\u201d, t. 23, iss. 4 (2020).<\/li>\n<li>Boche\u0144ski T., Bernacki D., Lis C., i in., <em>Infrastruktura terminali intermodalnych w portach morskich<\/em>, t. (1212) 1138, Szczecin\u202f2020.<\/li>\n<li>Bonk D., <em>Kooperacja konkurent\u00f3w jako element budowy intermodalnych \u0142a\u0144cuch\u00f3w transportowych<\/em>, \u201eProblemy Transportu i Logistyki\u201d, nr 3 (47) (2019).<\/li>\n<li>Bonk D., <em>Integracja proces\u00f3w oraz technologii intermodalnych jako czynnik realizacji koncepcji nowego jedwabnego szlaku<\/em>, \u201eEuropa Regionum\u201d t.35, nr 2 (2018).<\/li>\n<li>Bonk D., Kowalska S., <em>Modal choice preferences in inland container transport in Poland<\/em>, \u201eEuropean Research Studies Journal\u201d t. 23, special issue 2 (2020).<\/li>\n<li>Cardinali A., Cocco V., Fonseca S.M., i in., <em>MIRDEC &amp; GLOBECOS 3rd International Academic Conference Contemporary Issues and Social Science Studies: conference proceedings: full paper series<\/em>, Istanbul\u202f2020.<\/li>\n<li>Cebeci K., Pawlicz A., Altaher A. (red.), <em>MIRDEC-6th, International Academic Conference Social Sciences, Multidisciplinary, Economics, Business and Finance Studies (Global Meeting of Social Science Community): conference proceedings: full paper series<\/em>, Lisbon 2017.<\/li>\n<li>Cebeci K., Pawlicz A., Stojanovska S. (red.), <em>MIRDEC-4th International Academic Conference Social Science, Multidisciplinary and Globalization Studies: conference proceedings<\/em>, Madrid\u202f2017.<\/li>\n<li>Cebeci K., Pawlicz A., Zniber M. (red.), <em>MIRDEC-5th International Academic Conference Social Science, Multidisciplinary and Globalization Studies: conference proceedings: full paper series<\/em>, Vienna\u202f2017.<\/li>\n<li>Dowejko J., Pilecki B., <em>Micro-scale installations and the energy network of Distribution System Operator\u202f: on the example of Enea Operator<\/em>, \u201eProcedia Computer Science\u201d, t. 192 (2021).<\/li>\n<li>Drela K., Malkowska A., Bera A., Tokarz-Kocik A., <em>Instruments for managing the EU labour market in the face of the COVID-19 crisis<\/em>, \u201eEuropean Research Studies Journal\u201d, t. 24, iss. 1 (2021).<\/li>\n<li>Drewnowski A., <em>Problems related to the implementation of a complex training system and professional development of train drivers using traction vehicle simulators in the Polish railway transport<\/em>, \u201eProcedia Computer Science\u201d, t. 192 (2021).<\/li>\n<li>Drewnowski A., <em>Problematyka wykorzystania nowoczesnych technologii w procesie szkolenia i doskonalenia zawodowego maszynist\u00f3w w transporcie kolejowym w Polsce,<\/em> [w:] <em>Organizacyjne, procesowe i technologiczne generatory warto\u015bci organizacji, <\/em>red. Pawe\u0142 Antonowicz, Pawe\u0142 Gali\u0144ski, Piotr Pisarewicz, J\u0119drzej Sici\u0144ski, 2020.<\/li>\n<li>Drewnowski A., <em>The importance of the functioning of private railway sidings for the increase of freight railway transport in Poland,<\/em> [w:] <em>Challenges and modern solution in transportation<\/em>,eds. Maciej Stajniak, Mariusz Szuster, Magdalena Kope\u0107, Adrianna Tobo\u0142a, 2019.<\/li>\n<li>Drewnowski A., <em>Railway sidings as an important part of the railway freight transport competitiveness as well as the realization of the sustainable transport development policy in Poland<\/em>, \u201eTransport Economics and Logistic\u201d, t. 81 (2019).<\/li>\n<li>Drewnowski A., <em>Ochrona \u015brodowiska w sektorach gospodarki na przyk\u0142adzie transportu drogowego i kolejowego,<\/em> [w:] <em>Gospodarka a \u015brodowisko i ekologia, <\/em>red. Krzysztof Ma\u0142achowski, 2019.<\/li>\n<li>Drewnowski A., <em>Funkcjonowanie i rozw\u00f3j regionalnych kolejowych przewoz\u00f3w pasa\u017cerskich w Polsce<\/em>, \u201eProblemy Transportu i Logistyki\u201d, nr 1 (45) (2019).<\/li>\n<li>Drewnowski A., <em>Znaczenie po\u0142\u0105czenia kolejowego dla obs\u0142ugi pasa\u017cerskiej portu lotniczego Szczecin Goleni\u00f3w,<\/em> [w:] <em>Logistyka lotnictwa: teoria i praktyka<\/em>,red. naukowy Dariusz Ungiert<em>; Wy\u017csza Szko\u0142a Oficerska Si\u0142 Powietrznych<\/em>, 2018.<\/li>\n<li>Drewnowski A., <em>Wykorzystanie symulator\u00f3w pojazd\u00f3w trakcyjnych w szkoleniu maszynist\u00f3w w transporcie kolejowym w Polsce<\/em>, \u201eProblemy Transportu i Logistyki\u201d, t. nr 3 (43) (2018).<\/li>\n<li>Drewnowski A., <em>The functioning of the railway works sidings with regard to the liberalization and concurrency of the freight railway transport on the polish market<\/em>, \u201eEuropean Journal of Service Management\u201d, t. 28 (2), no. 4 (2018).<\/li>\n<li>Drewnowski A., <em>Passenger transport as a part of the Szczecin Metropolitan Railway Project\u202f: problems with reactivation the connection Szczecin &#8211; Police<\/em>, \u201eEuropean Journal of Service Management\u201d, t. 27\/2, no. 3 (2018).<\/li>\n<li>Drewnowski A., <em>Local railway connections in the national transportation system\u202f: proposed solutions to make them significant for passenger and freight transport<\/em>, \u201eEuropean Journal of Service Management\u201d, t. 28 (1), no. 4 (2018).<\/li>\n<li>Drewnowski A., <em>Usamorz\u0105dowienie kolei w Polsce\u202f: przesz\u0142o\u015b\u0107, tera\u017aniejszo\u015b\u0107, przysz\u0142o\u015b\u0107,<\/em> [w:] <em>Pa\u0144stwo wobec kolei \u017celaznych w Polsce, <\/em>red. Micha\u0142 Kapias, Dawid Keller, 2017.<\/li>\n<li>Drewnowski A., Gozdek A., <em>Konkurencja na rynku us\u0142ug transportu pasa\u017cerskiego<\/em> [w:] <em>Pasa\u017cerski transport regionalny<\/em>,red. El\u017cbieta Za\u0142oga, Tomasz Kwarci\u0144ski, 2019.<\/li>\n<li>Drewnowski A., Gozdek A., K\u0142os-Adamkiewicz Z., i in., <em>Pasa\u017cerski transport regionalny<\/em>, Warszawa\u202f2019.<\/li>\n<li>Drewnowski A., K\u0142os-Adamkiewicz Z., Kuciaba E., Kwarci\u0144ski T., <em>System pasa\u017cerskiego transportu regionalnego w Polsce: uj\u0119cie ga\u0142\u0119ziowe,<\/em> [w:] <em>Pasa\u017cerski transport regionalny<\/em>,red. El\u017cbieta Za\u0142oga, Tomasz Kwarci\u0144ski, 2019.<\/li>\n<li>Drewnowski A., Kwarci\u0144ski T., Siedlecki P., <em>Rozw\u00f3j zaplecza technicznego a jego efektywno\u015b\u0107 ekonomiczna\u202f: na przyk\u0142adzie Przewoz\u00f3w Regionalnych Sp. z o.o. Oddzia\u0142u Zachodniopomorskiego w Szczecinie<\/em>, \u201eKomunikacja Publiczna\u201d nr 1 (2017).<\/li>\n<li>Drewnowski A., Kwarci\u0144ski T., Siedlecki P., <em>Ocena efektywno\u015bci ekonomicznej rozwoju zaplecza technicznego przewo\u017anika kolejowego na przyk\u0142adzie zakupu podno\u015bnik\u00f3w \u015brubowych typu Kutruffa do utrzymania elektrycznych zespo\u0142\u00f3w trakcyjnych<\/em>, \u201eKomunikacja Publiczna\u201d, nr 4 (2017).<\/li>\n<li>Drewnowski A., Ma\u0142achowski K., <em>Koncepcja po\u0142\u0105czenia kolejowego Kamie\u0144 Pomorski &#8211; Dziwn\u00f3w dla rozwoju turystycznego obszaru nadmorskiego,<\/em> [w:] <em>Polska geografia morza &#8211; przyrodnicze i spo\u0142eczno-ekonomiczne badania morza i obszar\u00f3w nadmorskich <\/em>red. Anna Cedro<em>; Uniwersytet Szczeci\u0144ski. Wydzia\u0142 Nauk o Ziemi.<\/em>, 2019.<\/li>\n<li>Drewnowski A., Ma\u0142achowski K., <em>Wykorzystanie technologii cyfrowych w relacjach z klientem przez kolejowych przewo\u017anik\u00f3w pasa\u017cerskich w Polsce<\/em>, \u201ePrace Komisji Geografii Komunikacji PTG = Transport Geography Papers of Polish Geographical Society\u201d, t. 21, nr 3 (2018).<\/li>\n<li>Drewnowski A., Ma\u0142achowski K., <em>Reaktywacja po\u0142\u0105czenia kolejowego Szczecin\u202f: Police w ramach realizacji koncepcji Szczeci\u0144skiej Kolei Metropolitalnej<\/em>, \u201ePrace Komisji Geografii Komunikacji PTG\u201d, t. 21, nr 2 (2018).<\/li>\n<li>Drewnowski A., Ma\u0142achowski K., <em>Problematyka efektywnej realizacji przewoz\u00f3w pasa\u017cerskich w g\u0142\u00f3wnych relacjach w ramach koncepcji szczeci\u0144skiej kolei metropolitalnej<\/em>, \u201eProblemy Transportu i Logistyki\u201d nr 1 (41) (2018).<\/li>\n<li>Drewnowski A., Zio\u0142o M., <em>Aspekty organizacyjno-prawne funkcjonowania pasa\u017cerskiego transportu regionalnego,<\/em> [w:] <em>Pasa\u017cerski transport regionalny<\/em>,red. El\u017cbieta Za\u0142oga, Tomasz Kwarci\u0144ski, 2019.<\/li>\n<li>Dro\u017cd\u017c W., Bilan Y., Rabe M., i in., <em>Optimizing biomass energy production at the municipal level to move to low-carbon energy<\/em>, \u201eSustainable Cities and Society\u201d, t. 76 (2022).<\/li>\n<li>Dro\u017cd\u017c W., Pilecki B., Ci\u0119\u017cki D., Sroka M., <em>Operator systemu dystrybucyjnego na wsp\u00f3\u0142czesnym rynku elektroenergetycznym<\/em>, t. (1305) 1231, Szczecin\u202f2021.<\/li>\n<li>Engelhardt J., Grzelakowski A., Ruci\u0144ski A., i in., <em>Transport\u202f: tendencje zmian<\/em>, Warszawa 2022.<\/li>\n<li>Filina-Dawidowicz L., Kotowska I., Ma\u0144kowska M., Pluci\u0144ski M., <em>Ocena u\u017cyteczno\u015bci metody jako\u015bciowej szacowania popytu na przewozy \u0142adunk\u00f3w \u017ceglug\u0105 \u015br\u00f3dl\u0105dow\u0105 na zapleczu port\u00f3w morskich<\/em>, \u201ePrace Komisji Geografii Komunikacji PTG = Transport Geography Papers of Polish Geographical Society\u201d, t. 23, nr 1 (2020).<\/li>\n<li>Filina-Dawidowicz L., Kotowska I., Ma\u0144kowska M., Pluci\u0144ski M., <em>A method to estimate the demand for freight transport in absence of historical data\u202f: a case study of the Oder Waterway<\/em>, \u201eSHS Web Conferences\u201d, t. 58 (2018).<\/li>\n<li>Focacci A., Pawlicz A., Cebeci K., Goyal T.M. (red.), <em>MIRDEC-8th, International Academic Conference Social Sciences, Multidisciplinary, Economics, Business and Finance Studies (Global Meeting of Social Science Community)\u202f: conference proceedings: full paper series<\/em>, Istanbul\u202f2018.<\/li>\n<li>Frankowska M., B\u0142o\u0144ski K., Ma\u0144kowska M., Rzeczycki A., <em>Research on the concept of hydrogen supply chains and power grids powered by renewable energy sources: a scoping review with the use of text mining<\/em>, \u201eEnergies\u201d, t. 15, iss. 3 (2022).<\/li>\n<li>Frankowska M., Ma\u0144kowska M., Rabe M., i in., <em>Structural model of power grid stabilization in the Green Hydrogen Supply Chain System: conceptual assumptions<\/em>, \u201eEnergies\u201d, t. 15, iss. 2 (2022).<\/li>\n<li>Gardzi\u0144ska A., Panasiuk A., Tokarz-Kocik A., Wolna-Samulak A., <em>P\u0142aszczyzny regulacji rynku touroperatorskiego,<\/em> [w:] <em>Regulacja a orientacja marketingowa touroperator\u00f3w<\/em>,red. Aleksander Panasiuk, 2017.<\/li>\n<li>Gozdek A., <em>Dzia\u0142ania stymuluj\u0105ce rozw\u00f3j transportu kombinowanego,<\/em> [w:] <em>Nowoczesne systemy transportowe w przewozach intermodalnych<\/em>,red. Juliusz Engelhardt, 2020.<\/li>\n<li>Gozdek A., <em>Spo\u0142eczna odpowiedzialno\u015b\u0107 biznesu w\u015br\u00f3d przewo\u017anik\u00f3w drogowych w wojew\u00f3dztwie zachodniopomorskim<\/em>, \u201eStudia Ekonomiczne\u202f: zeszyty naukowe Uniwersytetu Ekonomicznego w Katowicach\u201d nr 332 (2017).<\/li>\n<li>Gozdek A., K\u0142os-Adamkiewicz Z., Kuciaba E., <em>System pasa\u017cerskiego transportu regionalnego za granic\u0105\u202f: benchmarking,<\/em> [w:] <em>Pasa\u017cerski transport regionalny <\/em>red. El\u017cbieta Za\u0142oga, Tomasz Kwarci\u0144ski, 2019.<\/li>\n<li>Gozdek A., Kuciaba E., <em>Transport w dobie sztucznej inteligencji,<\/em> [w:] <em>Mobilno\u015b\u0107 i zr\u00f3wnowa\u017cony transport\u202f: poszukiwanie rozwi\u0105za\u0144, <\/em>red. Agnieszka Gozdek, 2021.<\/li>\n<li>Gozdek A., Kuciaba E., <em>Transportation in the age of artificial intelligence,<\/em> [w:] <em>Przysz\u0142o\u015b\u0107 mobilno\u015bci i logistyki jako przedmiot bada\u0144 nauk spo\u0142ecznych, red. Adam Hoszman.<\/em>, 2020.<\/li>\n<li>Gozdek A., Sok\u00f3\u0142 A., <em>Impact of the COVID-19 pandemic on the choice of economic value of students,<\/em> [w:] <em>Sustainable economic development and advancing education excellence in the era of global pandemic\u202f: proceedings of the 36th International Business Information Management Association Conference (IBIMA), 4-5 November 2020, Granada, Spain, <\/em>ed. Khalid S. Soliman, 2020.<\/li>\n<li>Grobelna A., Tokarz-Kocik A., <em>Person \u2013 job fit in students\u2019 perspective and its consequences for career aspirations<\/em>, \u201eEuropean Research Studies Journal\u201d, t. 24, iss. 4B (2021).<\/li>\n<li>Grobelna A., Tokarz-Kocik A., <em>Relacje spo\u0142eczne i ekonomiczne do\u015bwiadczane w pracy a wizerunek przedsi\u0119biorstw turystycznych jako pracodawc\u00f3w<\/em>, \u201ePrzedsi\u0119biorczo\u015b\u0107 i Zarz\u0105dzanie\u201d, t. 20, z. 2, cz. 1 (2019).<\/li>\n<li>Grobelna A., Tokarz-Kocik A., <em>Potential consequences of working and studying tourism and hospitality\u202f: the case of student\u2019s burnout,<\/em> [w:] <em>Economic and Social Development\u202f: 36th International Scientific Conference on Economic and Social Development &#8211; \u201eBuilding Resilient Society\u201d\u202f: book of proceedings, eds. <\/em>Rozana Veselica, Gordana Dukic, Khalid Hammes\u202f<em>; <\/em>Varazdin Development and Entrepreneurship Agency\u202f; University North\u202f; Faculty of Management University of Warsaw\u202f; Faculty of Law, Economics and Social Sciences Sale &#8211; Mohammed V University in Rabat, 2018.<\/li>\n<li>Gutowski P., K\u0142os-Adamkiewicz Z., <em>Development of e-service virtual museum tours in Poland during the SARS-CoV-2 pandemic<\/em>, \u201eProcedia Computer Science\u201d, t. 176 (2020).<\/li>\n<li>Hundert M., Panasiuk A., Pawlicz A., <em>Stymulowanie orientacji marketingowej touroperator\u00f3w w aspekcie regulacji rynku,<\/em> [w:] <em>Regulacja a orientacja marketingowa touroperator\u00f3w, <\/em>red. Aleksander Panasiuk, 2017.<\/li>\n<li>K\u0142os-Adamkiewicz Z., <em>Generalized cost of daily trips on the example of public transport and private car selection<\/em>, [w:] <em>Transport development challenges in the 21st century\u202f: proceedings of the 2019 TranSopot Conference<\/em>,ed. Michal Suchanek, 2021.<\/li>\n<li>K\u0142os-Adamkiewicz Z., <em>Smart city and the challenges of modern mobility,<\/em> [w:] <em>Przysz\u0142o\u015b\u0107 mobilno\u015bci i logistyki jako przedmiot bada\u0144 nauk spo\u0142ecznych, <\/em>red. Adam Hoszman, 2020.<\/li>\n<li>K\u0142os-Adamkiewicz Z., <em>Przyk\u0142ady wdra\u017cania rozwi\u0105za\u0144 z zakresu sztucznej inteligencji na rynku przewoz\u00f3w intermodalnych w Europie<\/em>, [w:] <em>Nowoczesne systemy transportowe w przewozach intermodalnych<\/em>,red. Juliusz Engelhardt, 2020.<\/li>\n<li>K\u0142os-Adamkiewicz Z., <em>Value of services for passenger in public transport: theoretical approach<\/em>, \u201eEuropean Journal of Service Management University of Szczecin\u201d, t. 25(1) (2018).<\/li>\n<li>K\u0142os-Adamkiewicz Z., <em>Przyk\u0142ady rozwoju elektromobilno\u015bci w publicznym transporcie zbiorowym w Polsce,<\/em> [w:] <em>Elektromobilno\u015b\u0107 w rozwoju miast, <\/em>red. Wojciech Dro\u017cd\u017c, 2018.<\/li>\n<li>K\u0142os-Adamkiewicz Z., <em>Examples of development of electromobility in public transport in Poland<\/em>, \u201eEuropean Journal of Service Management\u201d, t. 27 (2), no. 3 (2018).<\/li>\n<li>K\u0142os-Adamkiewicz Z., <em>Hierarchizacja czynnik\u00f3w maj\u0105cych wp\u0142yw na wyb\u00f3r \u015brodka transportu do codziennych podr\u00f3\u017cy na przyk\u0142adzie Szczecina<\/em>, \u201eZeszyty Naukowe Uniwersytetu Gda\u0144skiego. Ekonomika Transportu i Logistyka\u201d, nr 62 (2017).<\/li>\n<li>K\u0142os-Adamkiewicz Z., Gutowski P., <em>The Outbreak of COVID-19 Pandemic in Relation to Sense of Safety and Mobility Changes in Public Transport Using the Example of Warsaw<\/em>, \u201eSustainability\u201d t. 14, iss. 3 (2022).<\/li>\n<li>K\u0142os-Adamkiewicz Z., Za\u0142oga E., <em>Miejski transport zbiorowy: kszta\u0142towanie warto\u015bci us\u0142ugi dla pasa\u017cera w \u015bwietle wyzwa\u0144 nowej kultury mobilno\u015bci<\/em>, Warszawa\u202f2017.<\/li>\n<li>Kotowska I., Ma\u0144kowska M., Pluci\u0144ski M., <em>The decision tree approach for the choice of freight transport mode\u202f: the shippers\u2019 perspective in terms of seaport hinterland connections<\/em>, \u201eEuropean Research Studies Journal\u201d, t. 23, iss. 3 (2020).<\/li>\n<li>Kotowska I., Ma\u0144kowska M., Pluci\u0144ski M., <em>Socio-economic costs and benefits of seaport infrastructure development for a local environment\u202f: the case of the port and the city of \u015awinouj\u015bcie,<\/em> [w:] <em>European port cities in transition\u202f: moving towards more sustainable sea tansport hubs, <\/em>eds. Angela Carpenter, Rodrigo Lozano, 2020.<\/li>\n<li>Kotowska I., Ma\u0144kowska M., Pluci\u0144ski M., <em>Planowanie rozwoju port\u00f3w morskich: aspekty teoretyczne i praktyczne<\/em>, t. (1114) 1040, Szczecin 2019.<\/li>\n<li>Kotowska I., Ma\u0144kowska M., Pluci\u0144ski M., <em>Planning the development of inland shipping in the seaport hinterland transport: a case study of the Oder River in Poland<\/em>, \u201eZeszyty Naukowe Akademii Morskiej w Szczecinie = Scientific Journals of the Maritime University of Szczecin\u201d, no. 58 (130) (2019).<\/li>\n<li>Kotowska I., Ma\u0144kowska M., Pluci\u0144ski M., <em>The competitiveness of inland shipping in serving the hinterland of the seaports: a case study of the Oder Waterway and the Szczecin-\u015awinouj\u015bcie port complex,<\/em> [w:] <em>Integration as solution for advanced smart urban transport systems: 15th Scientific and Technical Conference \u201eTransport Systems. Theory &amp; Practice 2018\u201d\u202f: selected papers,<\/em> ed. Grzegorz Sierpi\u0144ski, 2018.<\/li>\n<li>Kotowska I., Ma\u0144kowska M., Pluci\u0144ski M., <em>Inland shipping to serve the hinterland\u202f: the challenge for seaport authorities<\/em>, \u201eSustainability\u201d, t. 10, iss. 10 (2018).<\/li>\n<li>Kowalska S., <em>The effects of the paradigm of modal shift in freight transport in the European Union,<\/em> [w:] <em>Przysz\u0142o\u015b\u0107 mobilno\u015bci i logistyki jako przedmiot bada\u0144 nauk spo\u0142ecznych, <\/em>red. Adam Hoszman, 2020.<\/li>\n<li>Kowalska S., <em>Zachowania konsument\u00f3w w obliczu rozwoju sharing economy<\/em>, \u201eProblemy Transportu i Logistyki\u201d nr 3 (47) (2019).<\/li>\n<li>Kowalska S., <em>The national road fund and the railway fund as a source of financing for the development of transport infrastucture in Poland<\/em>, \u201eProblemy Transportu i Logistyki\u201d nr 2 (46) (2019).<\/li>\n<li>Kowalska S., <em>European Electronic Toll Service jako narz\u0119dzie interoperacyjno\u015bci system\u00f3w poboru op\u0142at drogowych w Unii Europejskiej<\/em>, \u201eEuropa Regionum\u201d, t. 35, nr 2 (2018).<\/li>\n<li>Kowalska S., <em>Op\u0142aty drogowe jak instrument internalizacji koszt\u00f3w zewn\u0119trznych transportu<\/em>, \u201eEuropa Regionum\u201d, t. 32, nr 3 (2017).<\/li>\n<li>Kowalska S., Bonk D., <em>Evaluation of model shift in freight transport: case study of Poland<\/em>, \u201eEuropean Research Studies Journal\u201d, t. 24, iss. 3B (2021).<\/li>\n<li>Kowalska S., Gozdek A., <em>Zmiana w strukturze przewoz\u00f3w l\u0105dowych \u0142adunk\u00f3w w \u015bwietle wyzwa\u0144 zr\u00f3wnowa\u017conego rozwoju<\/em>, \u201eProblemy Transportu i Logistyki\u201d, nr 3 (43) (2018).<\/li>\n<li>Kubicki R., Pawlicz A., <em>Social media adoption in local governments: the case of Poland<\/em>, \u201eEuropean Journal of Service Management\u201d, t. 21 (1) (2017).<\/li>\n<li>Kwarci\u0144ski T., <em>The influence of transport infrastructure development on transport accessibility of rural areas in Poland<\/em>, \u201eEuropean Research Studies Journal\u201d, t. 24, iss. 4 (2021).<\/li>\n<li>Kwarci\u0144ski T., <em>Self-governing voivodeship as the organizer of regional passenger transport in Poland<\/em>, \u201eEuropean Research Studies Journal\u201d, t. 24, iss. 4 (2021).<\/li>\n<li>Kwarci\u0144ski T., <em>Poland as an example of using flexible transportation systems as a tool for meeting the needs of mobility,<\/em> [w:] <em>Transport development challenges in the 21st century\u202f: proceedings of the 2019 TranSopot Conference, <\/em>ed. Michal Suchanek, 2021.<\/li>\n<li>Kwarci\u0144ski T., <em>Elastyczne systemy transportowe\u202f: ocena u\u017cyteczno\u015bci,<\/em> [w:] <em>Mobilno\u015b\u0107 i zr\u00f3wnowa\u017cony transport: poszukiwanie rozwi\u0105za\u0144, <\/em>red. Agnieszka Gozdek, 2021.<\/li>\n<li>Kwarci\u0144ski T., <em>Transport on demand in the opinion of users\u202f: a case study for Poland<\/em>, \u201eEuropean Research Studies Journal\u201d, t. 23, special issue 1 (2020).<\/li>\n<li>Kwarci\u0144ski T., <em>The link between the development of road transport infrastructure in Poland and the changes in transport accessibility at regional scale,<\/em> [w:] <em>Sustainable economic development and advancing education excellence in the era of global pandemic\u202f: proceedings of the 36th International Business Information Management Association Conference (IBIMA), 4-5 November 2020, Granada, Spain, <\/em>ed. Khalid S. Soliman, 2020.<\/li>\n<li>Kwarci\u0144ski T., <em>Sp\u00f3\u0142ka Przewozy Regionalne jako operator na rynku kolejowych przewoz\u00f3w pasa\u017cerskich<\/em>, \u201eTransport Miejski i Regionalny\u201d, nr 1 (2020).<\/li>\n<li>Kwarci\u0144ski T., <em>A taxi for the senior as a tool for managing urban mobility in the context of progressive demographic changes,<\/em> [w:] <em>Przysz\u0142o\u015b\u0107 mobilno\u015bci i logistyki jako przedmiot bada\u0144 nauk spo\u0142ecznych, <\/em>red. Adam Hoszman, 2020.<\/li>\n<li>Kwarci\u0144ski T., <em>Rola wojew\u00f3dztw samorz\u0105dowych w rozwoju pasa\u017cerskich przewoz\u00f3w regionalnych w Polsce<\/em>, \u201eTransport Miejski i Regionalny\u201d nr 11,12 (2019).<\/li>\n<li>Kwarci\u0144ski T., <em>Popyt na us\u0142ugi transportu pasa\u017cerskiego w regionie,<\/em> [w:] <em>Pasa\u017cerski transport regionalny, <\/em>red. El\u017cbieta Za\u0142oga, Tomasz Kwarci\u0144ski, 2019.<\/li>\n<li>Kwarci\u0144ski T., <em>Dost\u0119pno\u015b\u0107 transportowa jako cecha poda\u017cy us\u0142ug pasa\u017cerskiego transportu regionalnego<\/em>, [w:] <em>Pasa\u017cerski transport regionalny, <\/em>red. El\u017cbieta Za\u0142oga, Tomasz Kwarci\u0144ski, 2019.<\/li>\n<li>Kwarci\u0144ski T., <em>Wp\u0142yw rozwoju infrastruktury transportu na dost\u0119pno\u015b\u0107 transportow\u0105 obszar\u00f3w wiejskich w Polsce<\/em>, \u201eProblemy Transportu i Logistyki\u201d, nr 3 (43) (2018).<\/li>\n<li>Kwarci\u0144ski T., <em>Theoretical and pragmatic aspects of functioning of flexible transport systems<\/em>, \u201eEuropean Journal of Service Management\u201d, t. 28\/1, no. 4 (2018).<\/li>\n<li>Kwarci\u0144ski T., <em>Rola publicznego transportu zbiorowego w zaspokajaniu potrzeb transportowych mieszka\u0144c\u00f3w obszar\u00f3w wiejskich w Polsce<\/em>, \u201eStudia i Prace Kolegium Zarz\u0105dzania i Finans\u00f3w\u201d z. 166 (2018).<\/li>\n<li>Kwarci\u0144ski T., <em>Elastyczne systemy transportu jako element poda\u017cy us\u0142ug transportu pasa\u017cerskiego na przyk\u0142adzie Luksemburga<\/em>, \u201eProblemy Transportu i Logistyki\u201d, nr 1 (41) (2018).<\/li>\n<li>Kwarci\u0144ski T., <em>Teoretyczne aspekty analizy i pomiaru dost\u0119pno\u015bci transportu publicznego<\/em>, \u201eProblemy Transportu i Logistyki\u201d, nr 3 (2017).<\/li>\n<li>Kwarci\u0144ski T., Gozdek A., <em>Komunikacja autobusowa jako element poda\u017cy na rynku us\u0142ug transportowych w Polsce<\/em>, \u201eProblemy Transportu i Logistyki\u201d, nr 3 (43) (2018).<\/li>\n<li>Kwarci\u0144ski T., Leszczy\u0144ski K., <em>Funkcjonowanie publicznego transportu na \u017c\u0105danie na przyk\u0142adzie Szczecina<\/em>, \u201eProblemy Transportu i Logistyki\u201d, nr 3 (2017).<\/li>\n<li>Kwarci\u0144\u015bki T., <em>Transport as a public good<\/em>, \u201eEuropean Journal of Service Management\u201d, t. 27\/2 nr 3 (2018).<\/li>\n<li>Malkowska A., Tokarz-Kocik A., Drela K., Bera A., <em>Employee financial wellness programs (EFWPs) as an innovation in incentive systems of energy sector enterprises in Poland during the COVID-19 pandemic\u202f: current status and development prospects<\/em>, \u201eEnergies\u201d, t. 15, iss. 6 (2022).<\/li>\n<li>Ma\u0144kowska M., <em>Terminale kontenerowe jako morsko-lotnicze w\u0119z\u0142y prze\u0142adunkowe\u202f: przegl\u0105d bada\u0144 i do\u015bwiadcze\u0144 praktycznych,<\/em> [w:] <em>Infrastruktura terminali intermodalnych w portach morskich, <\/em>red. Juliusz Engelhardt, 2020.<\/li>\n<li>Ma\u0144kowska M., <em>The competitiveness of cross-border transportation networks\u202f: a case study of the Szczecin\u2013Berlin inland waterway<\/em>, \u201eZeszyty Naukowe Akademii Morskiej w Szczecinie = Scientific Journals of the Maritime University of Szczecin\u201d, no. 58 (130) (2019).<\/li>\n<li>Ma\u0144kowska M., <em>Determinants and directions of change in the European river cruise market<\/em>, \u201eScientific Journals of the Maritime University of Szczecin\u201d, t. 59 (2019).<\/li>\n<li>Ma\u0144kowska M., <em>Uwarunkowania prawne rozwoju przestrzennego polskich port\u00f3w morskich\u202f: studium przypadku portu morskiego w Szczecinie<\/em>, \u201eProblemy Transportu i Logistyki\u201d, nr 4 (40) (2017).<\/li>\n<li>Ma\u0144kowska M., Kotowska I., Pluci\u0144ski M., <em>Seaports as nodal points of circular supply chains: opportunities and challenges for secondary ports<\/em>, \u201eSustainability\u201d, t. 12, iss. 9 (2020).<\/li>\n<li>Ma\u0144kowska M., Pluci\u0144ski M., <em>Wp\u0142yw portu morskiego na lokalne otoczenie\u202f: studium przypadku przedsi\u0119biorstwa portowej sfery eksploatacji<\/em>, \u201eProblemy Transportu i Logistyki\u201d, nr 4 (44) (2018).<\/li>\n<li>Ma\u0144kowska M., Pluci\u0144ski M., <em>A strategy towards diversification of operations\u202f: the case study of the stevedoring enterprise<\/em>, \u201eEuropean Journal of Service Management\u201d, t. 28\/2, no. 4 (2018).<\/li>\n<li>Ma\u0144kowska M., Pluci\u0144ski M., Kotowska I., <em>Biomass sea-based supply chains and the secondary ports in the era of decarbonization<\/em>, \u201eEnergies\u201d, t. 14, iss. 7 (2021).<\/li>\n<li>Ma\u0144kowska M., Pluci\u0144ski M., Kotowska I., Filina-Dawidowicz L., <em>Seaports during the COVID-19 pandemic\u202f: the terminal operators\u2019 tactical responses to disruptions in maritime supply chains<\/em>, \u201eEnergies\u201d, t. 14, iss. 14 (2021).<\/li>\n<li>Ma\u0144kowska M., T\u0142oczy\u0144ski D., <em>The competitiveness of ferry and air transport in the Baltic Sea Region\u202f: infrastructure approach<\/em>, \u201eSHS Web Conferences\u201d, t. 58 (2018).<\/li>\n<li>Mataczy\u0144ski M., Kurtyka M., Kowalik \u0141., i in., <em>Elektromobilno\u015b\u0107 w rozwoju miast<\/em>, Warszawa 2018.<\/li>\n<li>Mazurkiewicz A., Sidorkiewicz M., Tokarz-Kocik A., <em>Oferta hotelarska schronisk m\u0142odzie\u017cowych w Polsce jako element produktu turystyki szkolnej\u202f: uj\u0119cie teoretyczno-empiryczne<\/em>, \u201eEkonomiczne Problemy Turystyki\u201d, t. 37, nr 1 (2017).<\/li>\n<li>Meyer B., Sidorkiewicz M., <em>Media sponsorship as a new promotional tool for tour operators in Poland<\/em>, \u201eJournal of Economic and Social Development (JESD)\u201d, t. 5, nr 2 (2018).<\/li>\n<li>Milewski D., Za\u0142oga E., <em>Teoretyczne aspekty pasa\u017cerskiego transportu regionalnego,<\/em> [w:] <em>Pasa\u017cerski transport regionalny, <\/em>red. El\u017cbieta Za\u0142oga, Tomasz Kwarci\u0144ski, 2019.<\/li>\n<li>Orfin-Tomaszewska K., Sidorkiewicz M., <em>Instrumenty marketingu &#8211; mix w kszta\u0142towaniu wizerunku obiektu hotelarskiego\u202f: rozwa\u017cania teoretyczno-analityczne<\/em>, \u201ePrzedsi\u0119biorczo\u015b\u0107 i Zarz\u0105dzanie\u201d t. 20, z. 2, cz. 1 (2019).<\/li>\n<li>Orfin-Tomaszewska K., Sidorkiewicz M., <em>Shaping the image of a hotel facility in the context of sustainable development,<\/em> [w:] <em>Conference Proceedings\u202f: VII International Scientific Conference Determinants of Regional Development, Pi\u0142a, Poland, 12-13 april 2018 Faculty of Applied Social Sciences. <\/em>Stanislaw Staszic University of Applied Sciences in Pi\u0142a, Poland, 2018.<\/li>\n<li>Or\u0142o\u015b N., Czerma\u0144ski E., Kalinowski M., i in., <em>Nowoczesne systemy transportowe w przewozach intermodalnych<\/em>, t. 1118, Szczecin\u202f: 2020.<\/li>\n<li>Panasiuk A., Sidorkiewicz M., <em>Analiza SWOT wykorzystania funduszy europejskich w regionalnej gospodarce turystycznej w latach 2007\u20132013<\/em>, \u201eEuropa Regionum\u201d t. 33, nr 4 (2017).<\/li>\n<li>Pawlicz A., <em>Sharing economy and tourism experience,<\/em> [w:] <em>The Routledge Handbook of Tourism Experience Management and <\/em>Marketing, ed. Saurabh Kumar Dixit, 2020.<\/li>\n<li>Pawlicz A., <em>Pros and cons of sharing economy regulation\u202f: implications for sustainable city logistics<\/em>, \u201eTransportation Research Procedia\u201d, t. 39 (2019).<\/li>\n<li>Pawlicz A., <em>Ekonomia wsp\u00f3\u0142dzielenia na rynku us\u0142ug hotelarskich\u202f: niedoskona\u0142o\u015bci, po\u015brednicy, regulacje<\/em>, t. 1067, Szczecin 2019.<\/li>\n<li>Pawlicz A., <em>The sharing economy and destination marketing,<\/em> [w:] <em>The Routledge handbook of destination marketing, <\/em>eds. Dogan Gursoy, Christina G. Chi, 2018.<\/li>\n<li>Pawlicz A., Hrgovic A.-M.V., <em>Spatial issues of sharing economy in Polish accommodation market<\/em>, \u201eEkonomia i \u015arodowisko\u201d, t. 1 (72) (2020).<\/li>\n<li>Pawlicz A., Kubicki R., <em>Sharing economy development paths in non-urban areas\u202f: the case of hospitality product in Polish national parks<\/em>, \u201eEkonomia i \u015arodowisko\u201d, nr 4 (63) (2017).<\/li>\n<li>Pawlicz A., Molski A., Liszka W., <em>Wp\u0142yw wieku i wielko\u015bci przedsi\u0119biorstw turystycznych na ich innowacyjno\u015b\u0107<\/em>, \u201eStudia Oeconomica Posnaniensia\u201d, nr 4 (2017).<\/li>\n<li>Pawlicz A., Napierala T., <em>The determinants of hotel room rates\u202f: an analysis of the hotel industry in Warsaw, Poland<\/em>, \u201eInternational Journal of Contemporary Hospitality Management\u201d, t. 29, iss. 1 (2017).<\/li>\n<li>Pawlicz A., Petakovi\u0107 E., Hrgovi\u0107 A.-M.V., <em>Beyond Airbnb\u202f: determinants of customer satisfaction in P2P accommodation in time of COVID-19<\/em>, \u201eSustainability\u201d, t. 14, iss. 17 (2022).<\/li>\n<li>Pawlicz A., Prentice C., <em>Understanding short-term rental data sources\u202f: a variety of second-best solutions<\/em>, \u201eToSEE \u2013 Tourism in Southern and Eastern Europe\u201d, t. 6 (2021).<\/li>\n<li>Pawlicz A., Tokarz-Kocik A., Wolna-Samulak A., Michalska-Harasimiuk K., <em>Problemy pomiaru regulacji rynku touroperatorskiego w wybranych pa\u0144stwach europejskich<\/em>, \u201ePrace Naukowe Uniwersytetu Ekonomicznego we Wroc\u0142awiu = Research Papers of Wroc\u0142aw University of Economic\u201d, nr 473 (2017).<\/li>\n<li>Pilecki B., <em>The development of electromobility in Poland under The Act on Electromobility And Alternative Fuels,<\/em> [w:] <em>Proceedings of IAC in Vienna 2019\u202f: International Academic Conference on Global Education, Teaching and Learning, International Academic Conference on Management, Economics, Business and Marketing, International Academic Conference on Transport, Logistics, Tourism and Sport Science Czech Institute of Academic Education<\/em>, 2019.<\/li>\n<li>Pilecki B., <em>Infrastruktura spo\u0142eczna i jej znaczenie w zr\u00f3wnowa\u017conym transporcie,<\/em> [w:] <em>Wyzwania cywilizacyjne we wsp\u00f3\u0142czesnej gospodarce: wybrane aspekty, <\/em>red. Wojciech Dro\u017cd\u017c, Mariola D\u017awigo\u0142-Barosz, 2019.<\/li>\n<li>Pilecki B., <em>Infrastruktura spo\u0142eczna i jej znaczenie w rozwoju regionalnym<\/em>, t. (1148) 1074, Szczecin\u202f2019.<\/li>\n<li>Pilecki B., <em>Regional operational programs 2014\u20132020 as a financial instrument supporting low-carbon economy in Poland on the example of the West Pomeranian voivodeship<\/em>, \u201eEuropean Journal of Service Management\u201d t. 27 (1), no. 3 (2018).<\/li>\n<li>Pilecki B., Binka A., <em>The Low-Carbon Transport Fund as a source of financing the electromobility development in Poland<\/em>, \u201eEkonomiczne Problemy Us\u0142ug\u201d, nr 4 (133), t. 2 (2018).<\/li>\n<li>Pilecki B., Dowejko J., <em>A multi-criteria model for assessing the use of energy storage in the activities of a distribution system operator<\/em>, \u201eProcedia Computer Science\u201d, t. 192 (2021).<\/li>\n<li>Pluci\u0144ski M., <em>Korzy\u015bci dla gestor\u00f3w \u0142adunk\u00f3w kluczow\u0105 determinant\u0105 kierunk\u00f3w polityki inwestycyjnej port\u00f3w morskich\u202f: case study,<\/em> [w:] <em>Infrastruktura terminali intermodalnych w portach morskich, <\/em>red. nauk. Juliusz Engelhardt, 2020.<\/li>\n<li>Pluci\u0144ski M., <em>The impact of seaport development on the social environment\u202f: a case study of a port city with low unemployment and dominating tourism function<\/em>, \u201eScientific Journals of the Maritime University of Szczecin\u201d, no. 60 (132) (2019).<\/li>\n<li>Pluci\u0144ski M., <em>Determinants of decisions on modal shift to inland shipping to serve hinterland seaports<\/em>, \u201eScientific Journals of the Maritime University of Szczecin\u201d, no. 58 (130) (2019).<\/li>\n<li>Pluci\u0144ski M., <em>Pomoc publiczna w realizacji inwestycji infrastrukturalnych w portach morskich: przyk\u0142ad portu Szczecin<\/em>, \u201eProblemy Transportu i Logistyki\u201d, nr 1(37) (2017).<\/li>\n<li>Pluci\u0144ski M., <em>Poland\u2019s maritime policy\u202f: the past, a new approach<\/em>, \u201eEkonomiczne Problemy Us\u0142ug\u201d, nr 3 (128) (2017).<\/li>\n<li>Pluci\u0144ski M., <em>Czas kontroli granicznych \u0142adunk\u00f3w transportowanych w ramach morsko-l\u0105dowych \u0142a\u0144cuch\u00f3w transportowych jako czynnik konkurencyjno\u015bci polskich port\u00f3w morskich<\/em>, \u201eWsp\u00f3\u0142czesna Gospodarka\u201d, t. 8, nr 3 (2017).<\/li>\n<li>Pluci\u0144ski M., Bielawska A., Kordela D., Bednarz-Okrzy\u0144ska K. (red.), <em>Uwarunkowania rynkowe rozwoju mikro, ma\u0142ych i \u015brednich przedsi\u0119biorstw Mikrofirma 2018<\/em>, nr 3\/2018 (132), Szczecin\u202f2018.<\/li>\n<li>Pluci\u0144ski M., Filina-Dawidowicz L., Ma\u0144kowska M., i in., <em>Impact of initial phase of COVID-19 pandemic on operations of stevedore companies in seaports\u202f: a case study of Poland and Ukraine,<\/em> [w:] <em>Sustainable economic development and advancing education excellence in the era of global pandemic\u202f: proceedings of the 36th International Business Information Management Association Conference (IBIMA), 4-5 November 2020, Granada, Spain, <\/em>ed. Khalid S. Soliman, 2020.<\/li>\n<li>Sawi\u0144ska A., Sidorkiewicz M., Tokarz-Kocik A., <em>Turysta senior na rynku us\u0142ug hotelarskich<\/em>, Krak\u00f3w\u202f2018.<\/li>\n<li>Sidorkiewicz M., <em>Factors stimulating and destimulating the level of tourism and recreational entrepreneurship among students<\/em>, \u201eProcedia Computer Science\u201d, t. 192 (2021).<\/li>\n<li>Sidorkiewicz M., <em>The use of social media for the promotion of catering services during the first wave of the coronavirus pandemic\u202f: theoretical and analytical considerations on the example of Facebook,<\/em> [w:] <em>Sustainable economic development and advancing education excellence in the era of global pandemic\u202f: proceedings of the 36th International Business Information Management Association Conference (IBIMA), 4-5 November 2020, Granada, Spain, <\/em>ed. Khalid S. Soliman, 2020.<\/li>\n<li>Sidorkiewicz M., <em>Identyfikacja poziomu aspiracji student\u00f3w do przedsi\u0119biorczo\u015bci w bran\u017cy turystyczno-rekreacyjnej<\/em>, \u201eTuryzm = Tourism\u201d, t. 30, iss. 2 (2020).<\/li>\n<li>Sidorkiewicz M., <em>Identifying students\u2019 entrepreneurial aspirations in the tourism and recreation industry<\/em>, \u201eTuryzm = Tourism\u201d, t. 30, iss. 2 (2020).<\/li>\n<li>Sidorkiewicz M., <em>Identyfikacja nietypowych potrzeb i oczekiwa\u0144 konsument\u00f3w us\u0142ug hotelarskich,<\/em> [w:] <em>Laboratorium do\u015bwiadcze\u0144 turystycznych\u202f: kontrowersje i problemy wok\u00f3\u0142 wsp\u00f3\u0142czesnej gospodarki turystycznej, <\/em>red. Grzegorz Godlewski, Akademia Wychowania Fizycznego J\u00f3zefa Pi\u0142sudskiego w Warszawie Filia w Bia\u0142ej Podlaskiej. Wydzia\u0142 Turystyki i Zdrowia, 2019.<\/li>\n<li>Sidorkiewicz M., <em>Shaping a positive image of a hotel facility\u202f: corporate social responsibility approach<\/em>, \u201eEuropean Journal of Service Management\u201d, t. 27 (1), nr 3 (2018).<\/li>\n<li>Sidorkiewicz M., <em>Koopetycja na rynku us\u0142ug hotelarskich na przyk\u0142adzie aktywno\u015bci grupy Polish Hoteliers<\/em>, \u201eEkonomiczne Problemy Turystyki\u201d, nr 2 (42) (2018).<\/li>\n<li>Sidorkiewicz M., <em>Identyfikacja atrybut\u00f3w hoteli inteligentnych w Polsce w kontek\u015bcie potrzeb noclegowych pokolenia Y = Attributes identi<\/em><em>\ufb01<\/em><em> cation of smart hotel in Poland in the context of the accommodation needs for generation Y<\/em>, \u201eAnnales Universitatis Mariae Curie-Sk\u0142odowska. Sectio B, Geographia, Geologia, Mineralogia et Petrographia\u201d, t. 73 (2018).<\/li>\n<li>Sidorkiewicz M., <em>Wykorzystanie rzeczywisto\u015bci wirtualnej do promocji oferty touroperator\u00f3w\u202f: uj\u0119cie teoretyczne<\/em>, \u201ePrace Naukowe Uniwersytetu Ekonomicznego we Wroc\u0142awiu = Research Papers of Wroc\u0142aw University of Economics\u201d, nr 473 (2017).<\/li>\n<li>Sidorkiewicz M., <em>Promocja wysoko skategoryzowanych obiekt\u00f3w hotelarskich przy wykorzystaniu narz\u0119dzia sponsoringu medi\u00f3w,<\/em> [w:] <em>Trendy w turystyce, <\/em>red. El\u017cbieta Biernat, Ewa Dziedzic, 2017.<\/li>\n<li>Sidorkiewicz M., Panasiuk A., Wolska A., i in., <em>Touroperatorzy na rynku us\u0142ug turystycznych,<\/em> [w:] <em>Regulacja a orientacja marketingowa touroperator\u00f3w,<\/em> red. Aleksander Panasiuk, 2017.<\/li>\n<li>Sidorkiewicz M., Puciato D., <em>Location as determinant of development of business hotels operating in the meeting industry<\/em>, \u201eKwartalnik Naukowy Uczelni Vistula = Vistula Scientific Quarterly\u201d, nr 4 (54) (2017).<\/li>\n<li>Sidorkiewicz M., Tokarz-Kocik A., <em>Analiza internetowych ofert pracy oraz poszukiwanych kwalifikacji w hotelarstwie na przyk\u0142adzie wojew\u00f3dztwa zachodniopomorskiego<\/em>, \u201eFolia Turistica Akademia Wychowania Fizycznego im. B. Czecha w Krakowie\u201d, nr 42 (2017).<\/li>\n<li>Sok\u00f3\u0142 A., Drela K., Gozdek A., <em>The importance of social competences for the development of creative organisations,<\/em> [w:] <em>Proceedings of the 7th International Conference Innovation Management, Intrepreneurship and Sustainability\u202f: May 30 \u2013 31, 2019, Prague, <\/em>eds. Ond\u0159ej Dvoulet\u00fd, Martin Luke\u0161, Jan M\u00edsa\u0159, 2019.<\/li>\n<li>Stecyk A., Sidorkiewicz M., <em>Wykorzystanie metod wielokryterialnych do oceny poziomu przydatno\u015bci hoteli dla potrzeb turystyki konferencyjnej<\/em>, \u201eAnnales Universitatis Mariae Curie-Sk\u0142odowska. Sectio B, Geographia, Geologia, Mineralogia et Petrographia\u201d, t. 74 (2019).<\/li>\n<li>Stecyk A., Sidorkiewicz M., Orfin-Tomaszewska K., <em>Model of regional tourism competitiveness\u202f: fuzzy multiple-criteria approach (FDM-FAHP-PROMETHE II Framework)<\/em>, \u201eEuropean Research Studies Journal\u201d, t. 24, iss. 3 (2021).<\/li>\n<li>Szaruga E., <em>The output gap as a barometer of economy management in the light of the secular stagnation on the example of Poland,<\/em> [w:] <em>Innovation management and information technology impact on global economy in the era of pandemic: proceedings of the 37th International Business Information Management Association Conference (IBIMA), 30-31 May 2021, Cordoba, Spain, <\/em>ed. Khalid S. Soliman, 2021.<\/li>\n<li>Szaruga E., <em>Dynamic Cobb-Douglas production function as the basis for potential output gap estimation using the Vector Error Correction Model\u202f: empirical evidence from Poland in the post-crisis period,<\/em> [w:] <em>Innovation management and information technology impact on global economy in the era of pandemic: proceedings of the 37th International Business Information Management Association Conference (IBIMA), 30-31 May 2021, Cordoba, Spain, <\/em>ed. Khalid S. Soliman, 2021.<\/li>\n<li>Szaruga E., <em>Autokorelacja przestrzenna w eksploracyjnej analizie energoch\u0142onno\u015bci krajowych przewoz\u00f3w pasa\u017cerskich samochodowym transportem zarobkowym,<\/em> [w:] <em>Mobilno\u015b\u0107 i zr\u00f3wnowa\u017cony transport\u202f: poszukiwanie rozwi\u0105za\u0144, <\/em>red. Agnieszka Gozdek, 2021.<\/li>\n<li>Szaruga E., <em>Wykorzystanie sztucznych sieci neuronowych do predykcji luki obrot\u00f3w \u0142adunkowych masowych ciek\u0142ych w g\u0142\u00f3wnych polskich portach morskich<\/em>, \u201eBiuletyn PTE\u201d, nr 2 (89) (2020).<\/li>\n<li>Szaruga E., <em>Use of artificial neural network to predict the energy intensity of means of public transport,<\/em> [w:] <em>Rozwa\u017cania o transporcie\u202f: Ksi\u0119ga Jubileuszowa dedykowana Profesor El\u017cbiecie Za\u0142odze, <\/em>red. Tomasz Kwarci\u0144ski, 2020.<\/li>\n<li>Szaruga E., <em>Rationalization of the energy consumption of road transport for sustainable development<\/em>, \u201eScientific Journals of the Maritime University of Szczecin = Zeszyty Naukowe Akademii Morskiej w Szczecinie\u201d, no. 62 (134) (2020).<\/li>\n<li>Szaruga E., <em>Racjonalizacja energoch\u0142onno\u015bci transportu samochodowego: wyzwanie XXI wieku<\/em>, Krak\u00f3w\u202f2018.<\/li>\n<li>Szaruga E., <em>Evaluation and verification of synchronization of business cycles of consumer price index of energy between Poland and OECD-Europe or EU-28<\/em>, \u201eEuropean Journal of Service Management\u201d, t. 27 (1), nr 3 (2018).<\/li>\n<li>Szaruga E., <em>Effects of energy price shocks on business cycles in industrial production of consumer and capital goods &#8211; evidence from Poland in the post-crisis period<\/em>, [w:] <em>Gospodarka i spo\u0142ecze\u0144stwo wobec wyzwa\u0144 przysz\u0142o\u015bci\u202f: aspekt makroekonomiczny<\/em>, red. Ma\u0142gorzata Gotowska, Pawe\u0142 Antoszak, Bydgoszcz 2017.<\/li>\n<li>Szaruga E., K\u0142os\u2010Adamkiewicz Z., Gozdek A., Za\u0142oga E., <em>Linkages between energy delivery and economic growth from the point of view of sustainable development and seaports<\/em>, \u201eEnergies\u201d, t. 14, iss. 14 (2021).<\/li>\n<li>Szaruga E., Sk\u0105pska E., Za\u0142oga E., Matwiejczuk W., <em>Trust and distress prediction in modal shift potential of long-distance road freight in containers: modeling approach in transport services for sustainability<\/em>, \u201eSustainability\u201d, t. 10, iss. 7 (2018).<\/li>\n<li>Szaruga E., Szlachta A., Pielaci\u0144ska N., <em>Language audit in the management of language and cultural competences: research on the European Program Children\u2019s University \u2018Little Polyglot\u2019<\/em>, \u201eEuropean Research Studies Journal\u201d vol. 24, iss. 2B (2021).<\/li>\n<li>Szaruga E., Za\u0142oga E., <em>Text mining as a tool for detecting latent variables for modeling of maritime transport security,<\/em> [w:] <em>Innovation management and sustainable economic development in the era of global pandemic: proceedings of the 38th International Business Information Management Association Conference (IBIMA), 23-24 November 2021, Seville, Spain, <\/em>ed. Khalid S. Soliman, 2022.<\/li>\n<li>Szaruga E., Za\u0142oga E., <em>Sustainable development programming of airports by identification of non-efficient units<\/em>, \u201eEnergies\u201d, t. 15, iss. 3 (2022).<\/li>\n<li>Szaruga E., Za\u0142oga E., <em>Qualitative\u2013quantitative warning modeling of energy consumption processes in inland waterway freight transport on river sections for environmental management<\/em>, \u201eEnergies\u201d, t. 15, iss. 13 (2022).<\/li>\n<li>Szaruga E., Za\u0142oga E., <em>Data mining as a tool of findings anomalies in demand for information on maritime transport security,<\/em> [w:] <em>Innovation management and sustainable economic development in the era of global pandemic\u202f: proceedings of the 38th International Business Information Management Association Conference (IBIMA), 23-24 November 2021, Seville, Spain, <\/em>ed. Khalid S. Soliman, 2022.<\/li>\n<li>Szaruga E., Za\u0142oga E., <em>Global network economy society\u202f: information needs on the ethical framework and trust in transportation and logistics business among users of the Google search engine<\/em>, \u201eEuropean Research Studies Journal\u201d, t. 24, iss. 2B (2021).<\/li>\n<li>Szaruga E., Za\u0142oga E., <em>Rationalization of energy intensity of road transport of member countries of the International Energy Agency,<\/em> [w:] <em>Challenges of Urban Mobility, Transport Companies and Systems: 2018 TranSopot Conference<\/em>, Springer 2019.<\/li>\n<li>Tokarz-Kocik A., <em>Environmental solutions in hotels as a manifestation of aspects of environmental of CSR\u202f: case study of Radisson Blu Hotels,<\/em> [w:] <em>Innovation management and information technology impact on global economy in the era of pandemic\u202f: proceedings of the 37th International Business Information Management Association Conference (IBIMA), 30-31 May 2021, Cordoba, Spain, <\/em>ed. Khalid S. Soliman, 2021.<\/li>\n<li>Tokarz-Kocik A., <em>Staff turnover as a dysfunction of human resources management in hotel enterprises in Poland,<\/em> [w:] <em>Education excellence and innovation management\u202f: a 2025 vision to sustain economic development during global challenges\u202f: proceedings of the 35th International Business Information Management Association Conference (IBIMA) 1-2 April 2020 Seville, Spain, <\/em>ed. Khalid S. Soliman, 2020.<\/li>\n<li>Tokarz-Kocik A., <em>Human resource risk assessment in selected hotels in the West Pomeranian Voivodeship<\/em>, \u201eZeszyty Naukowe Ma\u0142opolskiej Wy\u017cszej Szko\u0142y Ekonomicznej w Tarnowie = The Ma\u0142opolska School of Economics in Tarn\u00f3w Research Papers Collection\u201d, t. 45, nr 1 (2020).<\/li>\n<li>Tokarz-Kocik A., <em>Czwarta rewolucja przemys\u0142owa\u202f: implikacje dla pracodawc\u00f3w w bran\u017cy hotelarskiej,<\/em> [w:] <em>Turystyka w naukach spo\u0142ecznych, <\/em>t. 2, Nauki o zarz\u0105dzaniu i jako\u015bci, cz.<em> 2, <\/em>red. Ewa Wszendyby\u0142-Skulska, 2020.<\/li>\n<li>Tokarz-Kocik A., <em>Wybrane uwarunkowania demograficzne decyzji pracodawc\u00f3w w bran\u017cy turystycznej<\/em>, \u201eFolia Turistica\u201d, nr 47 (2018).<\/li>\n<li>Tokarz-Kocik A., <em>The role of the education system in the development of human capital in hospitality in Poland<\/em>, \u201eEuropean Journal of Service Management\u201d, t. 28\/1, nr 4 (2018).<\/li>\n<li>Tokarz-Kocik A., <em>Motivation as a source of human resource risk in hospitality enterprises: theoretical approach<\/em>, \u201eJournal of Economic and Social Development (JESD)\u201d vol. 5, no 2 (2018).<\/li>\n<li>Tokarz-Kocik A., <em>Incentive risk in service companies\u202f: theoretical approach<\/em>, \u201eEuropean Journal of Service Management\u201d, no. 3 (27\/2) (2018).<\/li>\n<li>Tokarz-Kocik A., <em>Wp\u0142yw zmian demograficznych na rynek pracy w hotelarstwie,<\/em> [w:] <em>Trendy w turystyce, <\/em>red. El\u017cbieta Biernat, Ewa Dziedzic, 2017.<\/li>\n<li>Tokarz-Kocik A., <em>Ryzyko motywacyjne w gospodarowaniu kapita\u0142em ludzkim w hotelarstwie: uj\u0119cie ekonomiczne<\/em>, t. 978, Szczecin\u202f2017.<\/li>\n<li>Tokarz-Kocik A., <em>Inwestycje retencyjne w kapita\u0142 ludzki w hotelarstwie\u202f: aspekty teoretyczne<\/em>, \u201ePrace Naukowe Uniwersytetu Ekonomicznego we Wroc\u0142awiu = Research Papers of Wroc\u0142aw University of Economics\u201d, nr 473 (2017).<\/li>\n<li>Tokarz-Kocik A., Grobelna A., <em>Relationships between job characteristics and organizational commitment\u202f: the example of hotel housekeeping employees,<\/em> [w:] <em>Economic and Social Development\u202f: 25th International Scientific Conference on Economic and Social Development &#8211; \u201cXVII International Social Congress (ISC-2017)\u201d\u202f: book of proceedings<\/em>,eds. Alexander Maloletko, Darko Tipuric, Marijan Cingula, 2017.<\/li>\n<li>Tokarz-Kocik A., Michalska-Harasimiuk K., Panasiuk A., i in., <em>System regulacji rynku touroperatorskiego w wybranych krajach europejskich,<\/em> [w:] <em>Regulacja a orientacja marketingowa touroperator\u00f3w, <\/em>red. Aleksander Panasiuk, 2017.<\/li>\n<li>Wagner N., Kotowska I., Pluci\u0144ski M., <em>The impact of improving the quality of the port\u2019s infrastructure on the shippers\u2019 decisions<\/em>, \u201eSustainability\u201d, t. 14, iss. 10 (2022).<\/li>\n<li>W\u0142odarczyk E., Tomanek R., Grzelakowski A.S., i in., <em>Rozwa\u017cania o transporcie\u202f: ksi\u0119ga jubileuszowa dedykowana profesor El\u017cbiecie Za\u0142odze<\/em>, red. Tomasz Kwarci\u0144ski, Szczecin\u202f2020.<\/li>\n<li>Wolniak R., Barosz P., Roszak M., i in., <em>Wyzwania cywilizacyjne we wsp\u00f3\u0142czesnej gospodarce: wybrane aspekty<\/em>, Toru\u0144\u202f2019.<\/li>\n<li>Za\u0142oga E., <em>Potrzeby transportowe starzej\u0105cego si\u0119 spo\u0142ecze\u0144stwa,<\/em> [w:] <em>Mobilno\u015b\u0107 i zr\u00f3wnowa\u017cony transport: poszukiwanie rozwi\u0105za\u0144<\/em>, red. Agnieszka Gozdek, 2021.<\/li>\n<li>Za\u0142oga E., <em>Profesor El\u017cbieta Marciszewska\u202f: m\u00f3j przyjaciel w nauce,<\/em> [w:] <em>Sektor lotniczy w erze transformacji spo\u0142ecznej i technologicznej\u202f: monografia dedykowana prof. El\u017cbiecie Marciszewskiej, <\/em>red. naukowa Pawe\u0142 Zagrajek, 2020.<\/li>\n<li>Za\u0142oga E., <em>Ekonomika transportu jako wdzi\u0119czne pole poszukiwa\u0144 naukowych i kszta\u0142cenia\u202f: autobiografia,<\/em> [w:] <em>Rozwa\u017cania o transporcie: ksi\u0119ga jubileuszowa dedykowana Profesor El\u017cbiecie Za\u0142odze, <\/em>red. Tomasz Kwarci\u0144ski, 2020.<\/li>\n<li>Za\u0142oga E., <em>Challenges for transport due to the ageing process of the European Union\u2019s socjety,<\/em> [w:] <em>Przysz\u0142o\u015b\u0107 mobilno\u015bci i logistyki jako przedmiot bada\u0144 nauk spo\u0142ecznych, <\/em>red. Adam Hoszman, 2020.<\/li>\n<li>Za\u0142oga E., <em>Profesor Bogus\u0142aw Liberadzki &#8211; uczony i nauczyciel,<\/em> [w:] <em>Ksi\u0119ga jubileuszowa dedykowana Profesorowi Bogus\u0142awowi Liberadzkiemu oraz Katedrze Transportu SGH z okazji 50-lecia jej istnienia, <\/em>red. El\u017cbieta Marciszewska, Wojciech Paprocki, 2018.<\/li>\n<li>Za\u0142oga E., <em>Challenges for mobility in the European transport sector<\/em>, \u201eInternationales Verkehrswesen = International Transportation\u201d, t. 70, special edition 1 (2018).<\/li>\n<li>Za\u0142oga E., <em>Bezpiecze\u0144stwo i ochrona pasa\u017cera w transporcie kolejowym w kontek\u015bcie wyzwa\u0144 mobilno\u015bci starzej\u0105cego si\u0119 spo\u0142ecze\u0144stwa europejskiego<\/em>, \u201eStudia i Prace Kolegium Zarz\u0105dzania i Finans\u00f3w\u201d, z. 166 (2018).<\/li>\n<li>Za\u0142oga E., <em>Przes\u0142anki i narz\u0119dzia promocji transportu wodnego \u015br\u00f3dl\u0105dowego w Unii Europejskiej<\/em>, \u201eProblemy Transportu i Logistyki\u201d, nr 1(37) (2017).<\/li>\n<li>Za\u0142oga E., <em>Paradygmaty rozwoju transportu Unii Europejskiej,<\/em> [w:] <em>Wsp\u00f3\u0142czesna polityka transportowa, red. W\u0142odzimierz Rydzkowski<\/em>, 2017.<\/li>\n<li>Za\u0142oga E., <em>Recenzja: Spo\u0142eczno-ekonomiczne skutki zagospodarowania dolnej Wis\u0142y Krystyna Wojew\u00f3dzka-Kr\u00f3l, Ryszard Rolbiecki<\/em>, \u201eZeszyty Naukowe. Ekonomika Transportu i Logistyka Uniwersytet Gda\u0144ski\u201d, nr 63 (2017).<\/li>\n<li>Za\u0142oga E., <em>Kabota\u017c drogowy a regu\u0142y rynku wewn\u0119trznego Unii Europejskiej<\/em>, \u201eZeszyty Naukowe. Ekonomika Transportu i Logistyka Uniwersytet Gda\u0144ski\u201d, nr 64 (2017).<\/li>\n<li>Za\u0142oga E., K\u0142os-Adamkiewicz Z., <em>Potrzeby transportowe starzej\u0105cego si\u0119 spo\u0142ecze\u0144stwa<\/em>, \u201eTransport Miejski i Regionalny\u201d, t. 3 (2019).<\/li>\n<li>Za\u0142oga E., Kowalska S., <em>Towards interoperability of the electronic road toll systems in the European Union: case of Poland<\/em>, \u201eTransport and Communications\u201d, t. 7 1 (2019).<\/li>\n<li>Za\u0142oga E., Kowalska S., <em>Rozwa\u017cania nad sztuczn\u0105 inteligencj\u0105 w transporcie i logistyce<\/em>, \u201eProblemy Transportu i Logistyki\u201d, nr 4 (48) (2019).<\/li>\n<li>Za\u0142oga E., Kowalska S., <em>Debata na temat mobilno\u015bci<\/em>, \u201eProblemy Transportu i Logistyki\u201d, nr 1 (45) (2019).<\/li>\n<li>Za\u0142oga E., Kuciaba E., Szaruga E., i in., <em>Mobilno\u015b\u0107 i zr\u00f3wnowa\u017cony transport\u202f: poszukiwanie rozwi\u0105za\u0144<\/em>, t. (1314) 1240, Szczecin\u202f2021.<\/li>\n<li>Za\u0142oga E., St\u0119pie\u0144 G., <em>The importance of 5G networks for railway transport development<\/em>, \u201eScientific Journals of the Maritime University of Szczecin = Zeszyty Naukowe Akademii Morskiej w Szczecinie\u201d, t. 63 (135) (2020).<\/li>\n<li>Za\u0142oga E., Wojan W., <em>Political and market challenges in relation to services using intelligent transport systems,<\/em> [w:] <em>Smart solutions in today\u2019s transport\u202f: 17th International Conference on Transport Systems Telematics, TST 2017, Katowice-Ustro\u0144, Poland, April 5-8, 2017\u202f: selected papers, <\/em>ed. Jerzy Mikulski, 2017.<\/li>\n<li>Za\u0142oga E., Wojdan W., <em>Przes\u0142anki i uwarunkowania rozwoju ekosystem\u00f3w mobilno\u015bci w oparciu o inteligentne systemy transportowe<\/em>, \u201eProblemy Transportu i Logistyki\u201d, nr 3 (2017).<\/li>\n<\/ol>\n\n\n<p class=\"wp-block-paragraph\"><\/p>\n\n\n\n<pre class=\"wp-block-verse\">Fot. Filip Kacalski \/Uniwersytet Szczeci\u0144ski\/<\/pre>\n","protected":false},"excerpt":{"rendered":"<p>Na tej podstronie przedstawiamy Pa\u0144stwu flagowe konferencje, kt\u00f3rych jeste\u015bmy organizatorami i wsp\u00f3\u0142organizatorami. W drugiej cz\u0119\u015bci podstrony zapraszamy do zapoznania si\u0119 z wykazem wybranych publikacji (od 2017 roku). \u00a0 1. Konferencje Katedra Zarz\u0105dzania Transportem jest inicjatorem i organizatorem konferencji i seminari\u00f3w &hellip; <\/p>\n","protected":false},"author":1,"featured_media":462,"comment_status":"closed","ping_status":"closed","sticky":false,"template":"","format":"standard","meta":{"footnotes":""},"categories":[12],"tags":[],"class_list":["post-91","post","type-post","status-publish","format-standard","has-post-thumbnail","hentry","category-dorobek-i-osiagniecia"],"_links":{"self":[{"href":"https:\/\/kzt.usz.edu.pl\/index.php\/wp-json\/wp\/v2\/posts\/91","targetHints":{"allow":["GET"]}}],"collection":[{"href":"https:\/\/kzt.usz.edu.pl\/index.php\/wp-json\/wp\/v2\/posts"}],"about":[{"href":"https:\/\/kzt.usz.edu.pl\/index.php\/wp-json\/wp\/v2\/types\/post"}],"author":[{"embeddable":true,"href":"https:\/\/kzt.usz.edu.pl\/index.php\/wp-json\/wp\/v2\/users\/1"}],"replies":[{"embeddable":true,"href":"https:\/\/kzt.usz.edu.pl\/index.php\/wp-json\/wp\/v2\/comments?post=91"}],"version-history":[{"count":56,"href":"https:\/\/kzt.usz.edu.pl\/index.php\/wp-json\/wp\/v2\/posts\/91\/revisions"}],"predecessor-version":[{"id":1658,"href":"https:\/\/kzt.usz.edu.pl\/index.php\/wp-json\/wp\/v2\/posts\/91\/revisions\/1658"}],"wp:featuredmedia":[{"embeddable":true,"href":"https:\/\/kzt.usz.edu.pl\/index.php\/wp-json\/wp\/v2\/media\/462"}],"wp:attachment":[{"href":"https:\/\/kzt.usz.edu.pl\/index.php\/wp-json\/wp\/v2\/media?parent=91"}],"wp:term":[{"taxonomy":"category","embeddable":true,"href":"https:\/\/kzt.usz.edu.pl\/index.php\/wp-json\/wp\/v2\/categories?post=91"},{"taxonomy":"post_tag","embeddable":true,"href":"https:\/\/kzt.usz.edu.pl\/index.php\/wp-json\/wp\/v2\/tags?post=91"}],"curies":[{"name":"wp","href":"https:\/\/api.w.org\/{rel}","templated":true}]}}