{"id":99,"date":"2022-09-14T06:13:51","date_gmt":"2022-09-14T04:13:51","guid":{"rendered":"http:\/\/raratheme.com\/preview\/business-one-page\/?p=99"},"modified":"2024-10-18T11:08:36","modified_gmt":"2024-10-18T09:08:36","slug":"projekty-ekspertyzy","status":"publish","type":"post","link":"https:\/\/kzt.usz.edu.pl\/index.php\/projekty-ekspertyzy\/","title":{"rendered":"Projekty i ekspertyzy"},"content":{"rendered":"<p style=\"text-align: justify;\">Katedra Zarz\u0105dzania Transportem aktywnie uczestniczy, implementuje i inicjuje projekty o znaczeniu mi\u0119dzynarodowym, krajowym i lokalnym. Cz\u0142onkowie naszej Grupy Badawczej w swoim dorobku mog\u0105 wymieni\u0107 mi\u0119dzy innymi udzia\u0142 w:<\/p>\n<p style=\"text-align: right;\">\/lista zawiera wybrane pozycje\/<\/p>\n<ol>\n<li style=\"text-align: justify;\"><strong>projektach mi\u0119dzynarodowych:<\/strong>\n<ul>\n<li><span data-olk-copy-source=\"MessageBody\">Analysis of combined transport terminal operations, raport tworzony w ramach mi\u0119dzynarodowego projektu pn. \u201eRozw\u00f3j Transportu Kombinowanego w Regionie Morza Ba\u0142tyckiego (akronim: COMBINE) w ramach programu Europejskiej Wsp\u00f3\u0142pracy Terytorialnej INTERREG Region Morza Ba\u0142tyckiego, wsp\u00f3\u0142finansowanego ze \u015brodk\u00f3w Europejskiego Funduszu Rozwoju Regionalnego wykonywany na zlecenie Urz\u0119du Miasta Bydgoszcz, autorzy: dr in\u017c. Bogusz Wi\u015bnicki (AM), mgr. in\u017c. Damian Bonk (US) [luty-kwiecie\u0144 2020];<\/span><\/li>\n<li><span data-olk-copy-source=\"MessageBody\">Study On Intermodal Transport Chains Between Scandinavia And Central &amp; South-Eastern Europe, analiza jest cz\u0119\u015bci\u0105 mi\u0119dzynarodowego projektu CE1044 TalkNET (Project-Transport and Logistics Stakeholders NetWork within the European Territorial Cooperation Program \u2013 INNTEREG CENTRAL EUROPE 2014-2020), analiza na zlecenie Zarz\u0105du Portu Szczecin-\u015awinouj\u015bcie, autorzy: dr hab. Dariusz Milewski (prof. US), dr in\u017c. Bogusz Wi\u015bnicki (AM), mgr in\u017c. Damian Bonk (US) [listopad 2018 \u2013 marzec 2019];<\/span><\/li>\n<li>MITRA &#8211; projekt finansowany w ramach Kapita\u0142u Zal\u0105\u017ckowego programu Po\u0142udniowy Ba\u0142tyk (2016);<\/li>\n<li>Realizowany projekt ADVANCE dotycz\u0105cy audytu i certyfikacji dokument\u00f3w transportowych miast europejskich celem stworzenia Zr\u00f3wnowa\u017conych Plan\u00f3w Mobilno\u015bci Miejskiej (2011-2014);<\/li>\n<li>TRANSBALTIC \u2013 \u201eTowards an integrated transport system in the Baltic Sea Region\u201d (2009);<\/li>\n<li>Traffic flow: Scenario, traffic forecast and analysis of traffic on the TEN-T, taking into consideration the external dimension of the Union (financed by the European Commission) 2007 \u2013 2008 \u2013 analiza danych dotycz\u0105cych ruchu na sieci TEN-T;<\/li>\n<li>\u201cBaltic Gateway Plus Plus\u201d dotycz\u0105cy mo\u017cliwo\u015bci wykorzystania po\u0142\u0105czenia promowego mi\u0119dzy \u015awinouj\u015bciem a K\u0142ajped\u0105 i przej\u0119cia ruchu towarowego z dr\u00f3g ko\u0142owych &#8211; 2007;<\/li>\n<li>\u201cPre-feasibility study on extending the scope of shortsea promotion centres into intermodality\u201d (FP 6) 2006;<\/li>\n<li>&#8222;POLCORRIDOR LOGCHAIN&#8221; w ramach Programu LOGCHAIN &#8211; rozw\u00f3j i komercyjna ocena intermodalnego systemu transportowego dla Trans-Europejskich przewoz\u00f3w towar\u00f3w pomi\u0119dzy Regionem Nordyckim a krajami Po\u0142udniowej i Wschodniej Europy &#8211; 2001-2004.<\/li>\n<\/ul>\n<\/li>\n<li style=\"text-align: justify;\"><strong>projektach krajowych<\/strong>:\n<ul>\n<li>\u201eOpracowanie inteligentnego i bezobs\u0142ugowego systemu stabilizacji pracy dystrybucyjnych sieci elektroenergetycznych w oparciu o modu\u0142owe instalacje wodorowego bufora energetycznego z perspektyw\u0105 u\u017cytkowego wykorzystania wodoru (H2Buffer)\u201d&#8221; (NCBIR, 01.2021-12.2023; konsorcjum: Zachodniopomorski Uniwersytet Technologiczny, Uniwersytet Szczeci\u0144ski, ENEA Operator) &#8211; kadra kluczowa B+R, m.in.: dr Marta Ma\u0144kowska, dr El\u017cbieta Szaruga;<\/li>\n<li>Badanie potok\u00f3w pasa\u017cerskich w transporcie zbiorowym organizowanym w Gminie Dobra (2015);<\/li>\n<li>&#8222;Modele funkcjonowania transportu regionalengo w Polsce&#8221; grant NCN (2011);<\/li>\n<li>El\u017cbieta Za\u0142oga (kierownik), Emilia Kuciaba: Uwarunkowania rozwoju \u017ceglugi \u015br\u00f3dl\u0105dowej w Polsce na tle tendencji europejskich \u2013 (2011 \u2013 2013). Krajowy Konkurs 40, grant promotorski N112 382240. Narodowe Centrum Nauki &#8211; Uniwersytet Szczeci\u0144ski;<\/li>\n<li>E. Za\u0142oga (kierownik) J. Perenc, D. Milewski, T. Kwarci\u0144ski, M. Zio\u0142o, A. Drewnowski: Modele funkcjonowania transportu regionalnego w Polsce \u2013 (2011 \u2013 2012). Krajowy Konkurs 40, badawczy w\u0142asny, N112 368440. Ministerstwo Nauki i Szkolnictwa Wy\u017cszego &#8211; Uniwersytet Szczeci\u0144ski;<\/li>\n<li>El\u017cbieta Za\u0142oga (kierownik), Agnieszka Wysocka: Determinanty funkcjonowania ci\u0119\u017carowego transportu gospodarczego w warunkach rozwoju sektora Transport-Spedycja-Logistyka w Polsce (2010-2012). Krajowy Konkurs 38, grant promotorski, N N112 344338. Ministerstwo Nauki i Szkolnictwa Wy\u017cszego &#8211; Uniwersytet Szczeci\u0144ski;<\/li>\n<li>Tomasz Kwarci\u0144ski: Dost\u0119pno\u015b\u0107 transportowa jako czynnik kszta\u0142tuj\u0105cy konkurencyjno\u015b\u0107 regionu (2009-2011). Grant badawczy w\u0142asny, N N112 291837. Ministerstwo Nauki i Szkolnictwa Wy\u017cszego &#8211; Uniwersytet Szczeci\u0144ski;<\/li>\n<li>Wsparcie dla statystyki transportu drogowego. UE-EUROSTAT, Urz\u0105d Statystyczny w Szczecinie (2009);<\/li>\n<li>&#8222;Studium wykonalno\u015bci dla przewoz\u00f3w intermodalnych naczep siod\u0142owych w technice Modalohr i RoLa na przyk\u0142adowych trasach Rzepin \u2013 Suwa\u0142ki i Rzepin \u2013 Ma\u0142aszewice\u201d \u2013 (Grudzie\u0144 2008);<\/li>\n<li>Analiza lokalizacji budowy granicznej przeprawy mostowej przez Odr\u0119 w okolicy miejscowo\u015bci Kostrzyn nad Odr\u0105 (2008);<\/li>\n<li>&#8222;Doris\u201d Project (Domestic Rail System) Projekt dotycz\u0105cy rozwi\u0105za\u0144 logistycznych dla eksportu \u0142adunk\u00f3w ponadnormatywnych z Dolnego \u015al\u0105ska (2006 &#8211; 2007);<\/li>\n<li>Ocena mo\u017cliwo\u015bci implementacji unijnego program Marco Polo w Polsce (2002).<\/li>\n<\/ul>\n<\/li>\n<li style=\"text-align: justify;\">\u00a0<strong>ekspertyzach<\/strong>\n<ul>\n<li>\n<div class=\"x_elementToProof\">&#8222;Spos\u00f3b implementacji przepis\u00f3w Pakietu Mobilno\u015bci oraz jego wp\u0142yw na wyniki finansowe i konkurencyjno\u015b\u0107 polskich firm transportu mi\u0119dzynarodowego rzeczy na rynku UE&#8221;\u00a0kierownik projektu: prof. US dr hab. Tomasz Kwarci\u0144ski, autorzy: dr in\u017c. Damian <span class=\"marktnp3nbxh6\" data-markjs=\"true\" data-ogac=\"\" data-ogab=\"\" data-ogsc=\"\" data-ogsb=\"\">Bonk<\/span>, dr Daniel D\u0105browski, dr Agnieszka Gozdek, dr Sylwia Kowalska, prof. US\u00a0dr hab. Tomasz Kwarci\u0144ski, Warszawa 2023. Biuro Analiz, Dokumentacji i Korespondencji, Kancelaria Senatu RP;<\/div>\n<\/li>\n<li>Ekspertyza na zlecenie Urz\u0119du Transportu Kolejowego pt. \u201eMo\u017cliwo\u015bci wykorzystania szkole\u0144 symulacyjnych maszynist\u00f3w w transporcie kolejowym w aspekcie analizy benchmarkingowej systemu szkole\u0144 pilot\u00f3w w transporcie lotniczym\u201d. Wy\u017csza Szko\u0142a Oficerska Si\u0142 Powietrznych w D\u0119blinie, Uniwersytet Szczeci\u0144ski. Autorzy: dr hab. in\u017c. pil. prof. WSOSP Jaros\u0142aw Kozuba, prof. dr hab. Piotr Niedzielski, dr hab. prof. US Wies\u0142aw Maziarz, dr in\u017c. Arkadiusz Drewnowski, mgr Barbara Czapka (Przewozy Regionalne), D\u0119blin \u2013 Szczecin, kwiecie\u0144 2016;<\/li>\n<li>Ekspertyza na zlecenie sp\u00f3\u0142ki &#8222;Przewozy Regionalne&#8221; pt. &#8222;Ocena efektywno\u015bci ekonomicznej zakupu podno\u015bnik\u00f3w \u015brubowych typu Kutruffa dla Sekcji Eksploatacji i Utrzymania Taboru w Szczecinie (PRS1) do utrzymania elektrycznych zespo\u0142\u00f3w trakcyjnych &#8222;Przewoz\u00f3w Regionalnych&#8221; Sp. z o.o. Oddzia\u0142u Zachodniopomorskiego w Szczecinie&#8221;. Autorzy: dr in\u017c. Arkadiusz Drewnowski (Uniwersytet Szczeci\u0144ski), dr Tomasz Kwarci\u0144ski (Uniwersytet Szczeci\u0144ski), dr Piotr Siedlecki (Euro-Projekty Piotr Siedlecki), Szczecin, wrzesie\u0144 2014;<\/li>\n<li>Ekspertyza na zlecenie sp\u00f3\u0142ki &#8222;Przewozy Regionalne&#8221; pt. &#8222;Ocena efektywno\u015bci budowy i eksploatacji hali napraw w Ko\u0142obrzegu do utrzymania taboru &#8222;Przewoz\u00f3w Regionalnych&#8221; Sp. z o.o. Oddzia\u0142u Zachodniopomorskiego w Szczecinie&#8221;. Autorzy: dr in\u017c. Arkadiusz Drewnowski (Uniwersytet Szczeci\u0144ski), dr Tomasz Kwarci\u0144ski (Uniwersytet Szczeci\u0144ski), dr Piotr Siedlecki (Euro-Projekty Piotr Siedlecki), Szczecin, lipiec 2014;<\/li>\n<li>\u201eKierunki rozwoju koncepcji Komisji Europejskiej dot. zielonych korytarzy dla transportu towarowego po\u017c\u0105dane w \u015bwietle potencja\u0142u i potrzeb rozwojowych Polski oraz zobowi\u0105za\u0144 w zakresie przeciwdzia\u0142ania zmianom klimatu\u201d \u2013 kierownik projektu: prof. US dr hab. El\u017cbieta Za\u0142oga, Szczecin 2010.\u00a0Ministerstwo Infrastruktury Departamentu Polityki Transportowej i Spraw Mi\u0119dzynarodowych;<\/li>\n<li>Ocena funkcjonowania Funduszu \u017beglugi \u015ar\u00f3dl\u0105dowej w latach 2002-2010.\u00a0Ministerstwo Infrastruktury;<\/li>\n<li>Wp\u0142yw planowanej przez Komisj\u0119 Europejsk\u0105 zmiany Dyrektywy Rady 96\/53\/WE z dnia 25 lipca 1996 r. ustanawiaj\u0105ca dla niekt\u00f3rych pojazd\u00f3w drogowych poruszaj\u0105cych si\u0119 na terytorium Wsp\u00f3lnoty maksymalne dopuszczalne wymiary w ruchu krajowym i mi\u0119dzynarodowym oraz maksymalne dopuszczalne obci\u0105\u017cenia w ruchu mi\u0119dzynarodowym na sektor transportu w Polsce.\u00a0Ministerstwo Transportu, Budownictwa i Gospodarki Morskiej (2010).<\/li>\n<\/ul>\n<\/li>\n<li style=\"text-align: justify;\"><strong>opiniach dla Parlamentu Europejskiego<\/strong>\n<ul>\n<li>Do dokumentu \u201eKOMUNIKAT\u00a0 KOMISJI DO PARLAMENTU EUROPEJSKIEGO I RADY pt. Ramy prawne podstaw\u0105 dla zwi\u0119kszenia konkurencyjno\u015bci przemys\u0142u motoryzacyjnego w XXI w.; Stanowisko Komisji w sprawie sprawozdania ko\u0144cowego grupy wysokiego szczebla CARS 21; Wk\u0142ad w strategi\u0119 UE na rzecz wzrostu gospodarczego i zatrudnienia {SEK(2007)77}, {SEK(2007)78}\u00a0 &#8211; kwiecie\u0144 2009 (opiniowa\u0142a prof. dr hab. El\u017cbieta Za\u0142oga);<\/li>\n<li>Do dokumentu Komisji Wsp\u00f3lnot Europejskich z 26 maja 2008 r. \u201eWniosek dotycz\u0105cy\u00a0 rozporz\u0105dzenia Parlamentu Europejskiego i Rady w sprawie wymog\u00f3w technicznych w zakresie homologacji typu pojazd\u00f3w silnikowych dotycz\u0105cych ich bezpiecze\u0144stwa og\u00f3lnego\u201d\u00a0 -wrzesie\u0144 2008 r. (opinioowa\u0142a prof. dr hab. El\u017cbieta Za\u0142oga);<\/li>\n<li>Do dokumentu Komisji Wsp\u00f3lnot Europejskich \u201eWniosek. Rozporz\u0105dzenie Parlamentu Europejskiego i Rady okre\u015blaj\u0105ce normy emisji dla nowych samochod\u00f3w osobowych w ramach zintegrowanego podej\u015bcia Wsp\u00f3lnoty na rzecz obni\u017cenia poziom\u00f3w emisji CO<sub>2<\/sub> pochodz\u0105cych z samochod\u00f3w dostawczych (przedstawiony przez Komisj\u0119) KOM(2007)856 wersja ostateczna, 2007\/0297(COD)\u201d \u2013 kwiecie\u0144 2008 (opiniowa\u0142a prof. dr hab. El\u017cbieta Za\u0142oga.<\/li>\n<\/ul>\n<\/li>\n<li><strong>opiniach dla innych instytucji, m.in. S\u0105d\u00f3w Okr\u0119gowych<br \/><\/strong><\/li>\n<\/ol>\n\n\n<p class=\"wp-block-paragraph\"><\/p>\n","protected":false},"excerpt":{"rendered":"<p>Katedra Zarz\u0105dzania Transportem aktywnie uczestniczy, implementuje i inicjuje projekty o znaczeniu mi\u0119dzynarodowym, krajowym i lokalnym. Cz\u0142onkowie naszej Grupy Badawczej w swoim dorobku mog\u0105 wymieni\u0107 mi\u0119dzy innymi udzia\u0142 w: \/lista zawiera wybrane pozycje\/ projektach mi\u0119dzynarodowych: Analysis of combined transport terminal operations, &hellip; <\/p>\n","protected":false},"author":1,"featured_media":100,"comment_status":"closed","ping_status":"closed","sticky":false,"template":"","format":"standard","meta":{"footnotes":""},"categories":[12],"tags":[],"class_list":["post-99","post","type-post","status-publish","format-standard","has-post-thumbnail","hentry","category-dorobek-i-osiagniecia"],"_links":{"self":[{"href":"https:\/\/kzt.usz.edu.pl\/index.php\/wp-json\/wp\/v2\/posts\/99","targetHints":{"allow":["GET"]}}],"collection":[{"href":"https:\/\/kzt.usz.edu.pl\/index.php\/wp-json\/wp\/v2\/posts"}],"about":[{"href":"https:\/\/kzt.usz.edu.pl\/index.php\/wp-json\/wp\/v2\/types\/post"}],"author":[{"embeddable":true,"href":"https:\/\/kzt.usz.edu.pl\/index.php\/wp-json\/wp\/v2\/users\/1"}],"replies":[{"embeddable":true,"href":"https:\/\/kzt.usz.edu.pl\/index.php\/wp-json\/wp\/v2\/comments?post=99"}],"version-history":[{"count":18,"href":"https:\/\/kzt.usz.edu.pl\/index.php\/wp-json\/wp\/v2\/posts\/99\/revisions"}],"predecessor-version":[{"id":1249,"href":"https:\/\/kzt.usz.edu.pl\/index.php\/wp-json\/wp\/v2\/posts\/99\/revisions\/1249"}],"wp:featuredmedia":[{"embeddable":true,"href":"https:\/\/kzt.usz.edu.pl\/index.php\/wp-json\/wp\/v2\/media\/100"}],"wp:attachment":[{"href":"https:\/\/kzt.usz.edu.pl\/index.php\/wp-json\/wp\/v2\/media?parent=99"}],"wp:term":[{"taxonomy":"category","embeddable":true,"href":"https:\/\/kzt.usz.edu.pl\/index.php\/wp-json\/wp\/v2\/categories?post=99"},{"taxonomy":"post_tag","embeddable":true,"href":"https:\/\/kzt.usz.edu.pl\/index.php\/wp-json\/wp\/v2\/tags?post=99"}],"curies":[{"name":"wp","href":"https:\/\/api.w.org\/{rel}","templated":true}]}}